{"id":896,"date":"2014-07-22T09:30:53","date_gmt":"2014-07-22T12:30:53","guid":{"rendered":"http:\/\/webvasco.com\/artigos\/?p=896"},"modified":"2014-07-22T09:31:20","modified_gmt":"2014-07-22T12:31:20","slug":"um-novo-rosto-no-vasco","status":"publish","type":"post","link":"https:\/\/webvasco.com\/artigos\/colunistas\/andrepedro\/um-novo-rosto-no-vasco\/","title":{"rendered":"Um novo rosto no Vasco"},"content":{"rendered":"<div>      Amigos Vasca\u00ednos,      <\/p>\n<div class=\"moz-forward-container\">\n<div class=\"gmail_extra\">\n<div class=\"gmail_quote\">\n<div text=\"#000000\" bgcolor=\"#FFFFFF\">              A elei\u00e7\u00e3o no Vasco se aproxima e a movimenta\u00e7\u00e3o das Chapas              inscritas est\u00e1 aumentando. Temos 9 chapas inscritas at\u00e9 o              momento, sendo que, na minha opini\u00e3o, apenas 3 ter\u00e3o vota\u00e7\u00e3o              significativa &#8211; as demais est\u00e3o fora do p\u00e1reo.<\/p>\n<p>              Uma das chapas que ter\u00e1 vota\u00e7\u00e3o expressiva, por motivos que              explicarei adiante, indicou recentemente o nome do seu              candidato \u00e0 presid\u00eancia, o executivo Julio Brant. <\/p>\n<p>              <img loading=\"lazy\" decoding=\"async\" alt=\"Julio Brant\"                src=\"https:\/\/webvasco.com\/artigos\/wp-content\/uploads\/2014\/07\/postie-media.jpeg\" width=\"200\"                height=\"200\" hspace=\"6\" align=\"left\"\/> Julio Brant ocupa              atualmente o cargo de Vice-Presidente da Andrade Gutierrez e              reside em Lisboa. Seu nome chamou a aten\u00e7\u00e3o de todos aqueles              que est\u00e3o acompanhando o processo eleitoral no Vasco e \u00e9              esse o motivo que me levou a fazer esta an\u00e1lise. Quem \u00e9              Julio Brant? Como ele se encaixa no processo eleitoral?<\/p>\n<p>              Julio Brant tem 37 anos &#8211; apesar de bem mais novo que os              &#8220;medalh\u00f5es&#8221; do Vasco, possui, como Gestor, um curr\u00edculo de              dar inveja a todos os demais candidatos: formou-se na              internacionalmente conhecida Kellog School of Management e              passou por cargos importantes em empresas como a Vale do Rio              Doce e Odebrech. Possui experi\u00eancia internacional atuando              n\u00e3o apenas no Brasil, mas tamb\u00e9m na \u00c1frica do Sul e em              Portugal, al\u00e9m de s\u00f3lidos conhecimentos na \u00e1rea de              infraestrutura na Am\u00e9rica Latina, \u00c1frica, \u00c1sia e Canad\u00e1.              Possui flu\u00eancia na l\u00edngua inglesa e espanhola, mas tamb\u00e9m              fala alem\u00e3o. \u00c9 reconhecido pelos profissionais de sua \u00e1rea              pela lideran\u00e7a, e pela capacidade de gest\u00e3o. Obviamente              encontra-se muito mais informa\u00e7\u00f5es na internet, mas apenas              as j\u00e1 listadas aqui para um profissional com apenas 37 anos              (sem desmerecer os demais candidatos) j\u00e1 tornam o nome de              Julio Brant como o mais bem qualificado dos candidatos              atuais em termos de Gest\u00e3o Empresarial. Ali\u00e1s, \u00e9 talvez o              \u00fanico que mant\u00e9m seu curr\u00edculo totalmente aberto na              internet.<\/p>\n<p>              Apesar desse curr\u00edculo, Julio Brant n\u00e3o \u00e9 conhecido do              p\u00fablico vasca\u00edno. Se estivesse vindo sozinho, seria apenas              mais um nome. Entretanto, ele despertou a aten\u00e7\u00e3o da m\u00eddia              esportiva especializada. E por que?<\/p>\n<p>              <img loading=\"lazy\" decoding=\"async\" src=\"https:\/\/webvasco.com\/artigos\/wp-content\/uploads\/2014\/07\/ajdbgidg.jpg\" alt=\"\"                width=\"370\" height=\"277\" hspace=\"6\" align=\"right\"\/> S\u00e3o              v\u00e1rios os fatores. Primeiro, ele \u00e9 o \u00fanico candidato que n\u00e3o              tem v\u00ednculos no passado com algum dos candidatos atuais              (todos os demais possuem v\u00ednculos entre si em algum momento              na hist\u00f3ria do Vasco). Segundo, ele vem apoiado por um grupo              que ganhou muita for\u00e7a nos \u00faltimos anos como oposi\u00e7\u00e3o no              Vasco, a Cruzada Vasca\u00edna (foto \u00e0 direita). Este movimento,              apesar de estar longe de ser unanimidade no Vasco, vem              crescendo muito nos \u00faltimos anos e \u00e9 talvez o \u00fanico grupo              que vem estudando de forma t\u00e9cnica os problemas do Vasco e              apresentando as solu\u00e7\u00f5es encontradas com base em estudos              feitos por profissionais das mais diversas \u00e1reas. N\u00e3o posso              afirmar se todas as solu\u00e7\u00f5es apresentadas s\u00e3o as melhores              para o nosso clube, mas ningu\u00e9m pode negar que o esfor\u00e7o              para se chegar a elas teve o melhor caminho entre todos os              demais candidatos. Eu particularmente sou da escola que              prima pelo esfor\u00e7o de um grupo, e n\u00e3o pelo esfor\u00e7o de              &#8220;Salvadores da P\u00e1tria&#8221;. A Copa do Mundo de 2014 nos deu essa              li\u00e7\u00e3o. Espero que o povo brasileiro tenha entendido o              recado.<\/p>\n<p>              <img loading=\"lazy\" decoding=\"async\" src=\"https:\/\/webvasco.com\/artigos\/wp-content\/uploads\/2014\/07\/fbchjgce.jpg\" alt=\"\"                width=\"430\" height=\"242\" align=\"left\"\/> N\u00e3o bastasse esse              apoio de um grupo de s\u00f3cios com peso num\u00e9rico, ele ainda \u00e9              amigo e tem o apoio de um grupo de ex-jogadores do Vasco,              sendo o mais conhecido o \u00eddolo Edmundo (foto \u00e0 esquerda, em              S\u00e3o Janu\u00e1rio). Edmundo j\u00e1 vinha se preparando em gest\u00e3o              esportiva e pretendia ingressar na pol\u00edtica do Vasco na              pr\u00f3xima elei\u00e7\u00e3o, mas a crise que Roberto Dinamite est\u00e1              deixando e a possibilidade da volta de Eurico Miranda ao              comando do clube levaram o craque a antecipar sua atua\u00e7\u00e3o              nessa \u00e1rea. Edmundo, segundo fontes ligadas a ele, n\u00e3o              apenas vem se capacitando, mas tamb\u00e9m se aproximando de              empres\u00e1rios e gestores que podem levar o Vasco da Gama em              alguns anos a um patamar semelhante ao que teve na segunda              metade do s\u00e9culo passado, quando era um clube internacional,              conhecido na Europa e talvez dono da maior torcida do              Brasil.<\/p>\n<p>              Mas nem tudo s\u00e3o flores. Mal colocou o &#8220;bloco na rua&#8221;, Julio              j\u00e1 vem sofrendo com engenharia social negativa. J\u00e1 \u00e9              poss\u00edvel encontrar nas redes sociais insinua\u00e7\u00f5es a respeito              n\u00e3o apenas da sua idade, mas tamb\u00e9m do fato de ser              vice-presidente de uma empreiteira e querer ser presidente              de um clube que precisa construir uma nova arena. Creio ser              ingenuidade demais acreditar que um executivo do n\u00edvel do              Julio, ocupando o cargo que ocupa e com a proje\u00e7\u00e3o              internacional que possui, queira conseguir alguma vantagem              para executar uma obra de dif\u00edcil retorno financeiro em uma              \u00e1rea que precisa de interven\u00e7\u00f5es p\u00fablicas para se tornar              vi\u00e1vel, como todos n\u00f3s j\u00e1 sabemos e como o grupo              independente pela revitaliza\u00e7\u00e3o do entorno de S\u00e3o Janu\u00e1rio              vem alertando. Enfim, ainda \u00e9 cedo para se analisar, mas se              um nome &#8220;virgem&#8221; na pol\u00edtica do Vasco j\u00e1 come\u00e7a recebendo              esses ataques, \u00e9 de se supor que h\u00e1 pessoas preocupadas com              uma poss\u00edvel vit\u00f3ria dele.<\/p>\n<p>              Uma pequena pesquisa pessoal com diversos s\u00f3cios me mostrou              que aqueles que est\u00e3o buscando um perfil de Gestor para a              presid\u00eancia do Vasco ficaram muito satisfeitos com a              apresenta\u00e7\u00e3o do nome de Julio Brant como candidato \u00e0              presid\u00eancia do clube. Soube tamb\u00e9m com amigos que est\u00e3o na              coordena\u00e7\u00e3o que a chapa agora luta contra o tempo para              capilarizar o nome dele entre os s\u00f3cios. Julio pretende sair              da Vice-presid\u00eancia da empresa onde trabalha e passar a              trabalhar no Conselho, vindo morar no Brasil para poder ter              tempo de Administrar o Vasco. Se Julio Brant ser\u00e1 o novo              presidente do Vasco, n\u00e3o h\u00e1 como saber. O que sabemos \u00e9 que,              apesar de ser um novo rosto no Vasco, j\u00e1 entra no pleito com              bastante g\u00e1s e com chances reais de vit\u00f3ria. Numa elei\u00e7\u00e3o              conturbada e com diversos nomes envolvidos com problemas              graves, \u00e9 gratificante saber que h\u00e1 um nome novo e vi\u00e1vel              para o nosso clube. Vamos ver o que o futuro nos aguarda.              Boa sorte Julio!            <\/div>\n<\/p><\/div>\n<\/p><\/div>\n<\/p><\/div>\n<\/p><\/div>\n<p><\/p>\n","protected":false},"excerpt":{"rendered":"<p>Amigos Vasca\u00ednos, A elei\u00e7\u00e3o no Vasco se aproxima e a movimenta\u00e7\u00e3o das Chapas inscritas est\u00e1&#8230;<\/p>\n","protected":false},"author":5,"featured_media":900,"comment_status":"open","ping_status":"closed","sticky":false,"template":"","format":"standard","meta":{"footnotes":""},"categories":[2],"tags":[],"class_list":["post-896","post","type-post","status-publish","format-standard","has-post-thumbnail","hentry","category-andrepedro"],"_links":{"self":[{"href":"https:\/\/webvasco.com\/artigos\/wp-json\/wp\/v2\/posts\/896","targetHints":{"allow":["GET"]}}],"collection":[{"href":"https:\/\/webvasco.com\/artigos\/wp-json\/wp\/v2\/posts"}],"about":[{"href":"https:\/\/webvasco.com\/artigos\/wp-json\/wp\/v2\/types\/post"}],"author":[{"embeddable":true,"href":"https:\/\/webvasco.com\/artigos\/wp-json\/wp\/v2\/users\/5"}],"replies":[{"embeddable":true,"href":"https:\/\/webvasco.com\/artigos\/wp-json\/wp\/v2\/comments?post=896"}],"version-history":[{"count":1,"href":"https:\/\/webvasco.com\/artigos\/wp-json\/wp\/v2\/posts\/896\/revisions"}],"predecessor-version":[{"id":950,"href":"https:\/\/webvasco.com\/artigos\/wp-json\/wp\/v2\/posts\/896\/revisions\/950"}],"wp:featuredmedia":[{"embeddable":true,"href":"https:\/\/webvasco.com\/artigos\/wp-json\/wp\/v2\/media\/900"}],"wp:attachment":[{"href":"https:\/\/webvasco.com\/artigos\/wp-json\/wp\/v2\/media?parent=896"}],"wp:term":[{"taxonomy":"category","embeddable":true,"href":"https:\/\/webvasco.com\/artigos\/wp-json\/wp\/v2\/categories?post=896"},{"taxonomy":"post_tag","embeddable":true,"href":"https:\/\/webvasco.com\/artigos\/wp-json\/wp\/v2\/tags?post=896"}],"curies":[{"name":"wp","href":"https:\/\/api.w.org\/{rel}","templated":true}]}}