{"id":8976,"date":"2020-11-29T22:13:18","date_gmt":"2020-11-30T01:13:18","guid":{"rendered":"https:\/\/webvasco.com\/artigos\/?p=8976"},"modified":"2020-11-30T07:54:24","modified_gmt":"2020-11-30T10:54:24","slug":"elas-o-professor-ro","status":"publish","type":"post","link":"https:\/\/webvasco.com\/artigos\/temas\/elas-e-o-professor\/elas-o-professor-ro\/","title":{"rendered":"ELAS &amp; O PROFESSOR &#8211; R\u00d4"},"content":{"rendered":"<p><strong>ELAS &amp; O PROFESSOR<\/strong><\/p>\n<p><strong>POR LUIZ CARLOS ROCHA<\/strong><\/p>\n<p>A entrevista de novembro de 2020, com Ros\u00e2ngela da Silva Xavier, \u00e9 dedicada \u00e0 uma vasca\u00edna, que ser\u00e1 sempre a minha raz\u00e3o de viver, meu amor maior: \u00darsulla Rocha.<\/p>\n<p><strong>R\u00f4,<\/strong> motorista de aplicativo, 56 anos, solteira, mam\u00e3e de dois filhos (g\u00eameos, atualmente com 23 anos), moradora de Manaus\/AM, sua Escola de Samba do cora\u00e7\u00e3o \u00e9 a Reino Unido da Liberdade (atual tetra campe\u00e3) A passista R\u00f4, marca presen\u00e7a na agremia\u00e7\u00e3o h\u00e1 10 anos. Para manter o corpo em forma frequenta diariamente academia. A sambista \u00e9 do signo de Virgem. Para se divertir gosta de ouvir m\u00fasicas, viajar e assistir filmes e s\u00e9ries. Mesmo de longe, sempre acompanha o Vasco da Gama pela TV, r\u00e1dio e principalmente pela rede social e internet, pelo WEBVASCO \u00e9 claro. A bela vasca\u00edna afirmou que perde a linha e xinga demais quando o Cruzmaltino perde uma partida de futebol.<\/p>\n<p><strong>Leven Siano foi a melhor op\u00e7\u00e3o para o Vasco?<\/strong><\/p>\n<p>Acredito que sim, o Vasco precisa de mudan\u00e7as, e de um presidente que renove o clube de uma forma geral.<\/p>\n<p><strong>O advogado Leven administrar\u00e1 o Club de Regatas Vasco da Gama com atitudes pr\u00f3prias ou \u201cpisar\u00e1 em ovos\u201d, tendo de dar satisfa\u00e7\u00e3o aos \u201daliados\u201d, devido as costuras pol\u00edticas que precisou fazer para chegar ao cargo?<\/strong><\/p>\n<p>Vai depender do grau de comprometimento que ele t\u00eam com o clube. Nem sempre a administra\u00e7\u00e3o de um clube \u00e9 feita por um \u00fanico membro, vai precisar dos demais para as de decis\u00f5es.<\/p>\n<p><strong>O novo presidente prometeu mudan\u00e7as consider\u00e1veis, no que tange aos investimentos financeiros. Voc\u00ea acredita?<\/strong><\/p>\n<p>Se ele prometeu tem de cumprir, e os torcedores precisam fazer o devido acompanhamento para que as coisas realmente aconte\u00e7am, que os investimentos sejam feitos de forma correta.<\/p>\n<p><strong>Qual jogador do Vasco gostaria de transportar em seu carro?<\/strong><\/p>\n<p>Germ\u00e1n Cano.<\/p>\n<p><strong>E o cartola do Cruzmaltino que colocaria no porta-malas?<\/strong><\/p>\n<p>Luc\u00e3o.<\/p>\n<p><strong>Na sua opini\u00e3o o problema do Gigante da Colina \u00e9 somente financeiro, ou tamb\u00e9m estrutural?<\/strong><\/p>\n<p>Os dois. Financeiro e estrutural. \u00c9 necess\u00e1rio reformular e fazer as mudan\u00e7as acontecerem.<\/p>\n<p><strong>Germ\u00e1n Cano \u00e9 realmente um jogador diferenciado?<\/strong><\/p>\n<p>Com toda certeza, ele \u00e9 oportunista e inteligente. O Vasco deveria ter mais jogadores com esse diferencial.<\/p>\n<p><strong>Qual seria o parceiro ideal para o argentino, no ataque do Vasc\u00e3o?<\/strong><\/p>\n<p>Talles Magno. Ele bem treinado vai arrasar.<\/p>\n<p><strong>Alexandre Campello vai deixar saudades na presid\u00eancia ou j\u00e1 vai tarde?<\/strong><\/p>\n<p>J\u00e1 vai tarde, afundou o Clube!<\/p>\n<p><strong>Quais os maiores erros do ortopedista no comando vasca\u00edno?<\/strong><\/p>\n<p>A avalia\u00e7\u00e3o de forma geral deveria ser rotineira.<\/p>\n<p><strong>Um grande clube come\u00e7a por uma gest\u00e3o impec\u00e1vel?<\/strong><\/p>\n<p>Certamente que sim, esse deveria ser o objetivo de todos os clubes, mas infelizmente est\u00e3o mais preocupados em desviar recursos do que investir.<\/p>\n<p><strong>N\u00e3o basta ser apaixonado, \u00e9 necess\u00e1rio ter preparo acad\u00eamico para reconduzir a marca Vasco da Gama com respeito ao estrelato futebol\u00edstico? <\/strong><\/p>\n<p>O Vasco da Gama tem uma hist\u00f3ria linda e apaixonante. Um clube que sempre deu orgulho para sua torcida, deveria ser muito bem representado e administrado por algu\u00e9m que tivesse todo preparo acad\u00eamico, mas que tamb\u00e9m tenha pulso forte, que respeite a hist\u00f3ria do clube e lute para que isso n\u00e3o fique s\u00f3 no passado. Eu acredito nas mudan\u00e7as, nas melhorias e nos investimentos.<\/p>\n<p><strong>FOTOGRAFIAS FORNECIDAS PELA ENTREVISTADA.<\/strong><\/p>\n<p><a href=\"https:\/\/webvasco.com\/artigos\/wp-content\/uploads\/2020\/11\/r11.jpeg\"><img loading=\"lazy\" decoding=\"async\" class=\"alignright size-medium wp-image-8987\" src=\"https:\/\/webvasco.com\/artigos\/wp-content\/uploads\/2020\/11\/r11-300x298.jpeg\" alt=\"\" width=\"300\" height=\"298\" srcset=\"https:\/\/webvasco.com\/artigos\/wp-content\/uploads\/2020\/11\/r11-300x298.jpeg 300w, https:\/\/webvasco.com\/artigos\/wp-content\/uploads\/2020\/11\/r11-150x150.jpeg 150w, https:\/\/webvasco.com\/artigos\/wp-content\/uploads\/2020\/11\/r11.jpeg 720w\" sizes=\"auto, (max-width: 300px) 100vw, 300px\" \/><\/a> <a href=\"https:\/\/webvasco.com\/artigos\/wp-content\/uploads\/2020\/11\/r10.jpeg\"><img loading=\"lazy\" decoding=\"async\" class=\"alignright size-medium wp-image-8986\" src=\"https:\/\/webvasco.com\/artigos\/wp-content\/uploads\/2020\/11\/r10-300x282.jpeg\" alt=\"\" width=\"300\" height=\"282\" srcset=\"https:\/\/webvasco.com\/artigos\/wp-content\/uploads\/2020\/11\/r10-300x282.jpeg 300w, https:\/\/webvasco.com\/artigos\/wp-content\/uploads\/2020\/11\/r10-150x141.jpeg 150w, https:\/\/webvasco.com\/artigos\/wp-content\/uploads\/2020\/11\/r10.jpeg 720w\" sizes=\"auto, (max-width: 300px) 100vw, 300px\" \/><\/a> <a href=\"https:\/\/webvasco.com\/artigos\/wp-content\/uploads\/2020\/11\/r9.jpeg\"><img loading=\"lazy\" decoding=\"async\" class=\"alignright size-medium wp-image-8985\" src=\"https:\/\/webvasco.com\/artigos\/wp-content\/uploads\/2020\/11\/r9-300x300.jpeg\" alt=\"\" width=\"300\" height=\"300\" srcset=\"https:\/\/webvasco.com\/artigos\/wp-content\/uploads\/2020\/11\/r9-300x300.jpeg 300w, https:\/\/webvasco.com\/artigos\/wp-content\/uploads\/2020\/11\/r9-150x150.jpeg 150w, https:\/\/webvasco.com\/artigos\/wp-content\/uploads\/2020\/11\/r9.jpeg 720w\" sizes=\"auto, (max-width: 300px) 100vw, 300px\" \/><\/a> <a href=\"https:\/\/webvasco.com\/artigos\/wp-content\/uploads\/2020\/11\/r8.jpeg\"><img loading=\"lazy\" decoding=\"async\" class=\"alignright size-medium wp-image-8984\" src=\"https:\/\/webvasco.com\/artigos\/wp-content\/uploads\/2020\/11\/r8-241x300.jpeg\" alt=\"\" width=\"241\" height=\"300\" srcset=\"https:\/\/webvasco.com\/artigos\/wp-content\/uploads\/2020\/11\/r8-241x300.jpeg 241w, https:\/\/webvasco.com\/artigos\/wp-content\/uploads\/2020\/11\/r8-121x150.jpeg 121w, https:\/\/webvasco.com\/artigos\/wp-content\/uploads\/2020\/11\/r8.jpeg 720w\" sizes=\"auto, (max-width: 241px) 100vw, 241px\" \/><\/a> <a href=\"https:\/\/webvasco.com\/artigos\/wp-content\/uploads\/2020\/11\/r7.jpeg\"><img loading=\"lazy\" decoding=\"async\" class=\"alignright size-medium wp-image-8983\" src=\"https:\/\/webvasco.com\/artigos\/wp-content\/uploads\/2020\/11\/r7-216x300.jpeg\" alt=\"\" width=\"216\" height=\"300\" srcset=\"https:\/\/webvasco.com\/artigos\/wp-content\/uploads\/2020\/11\/r7-216x300.jpeg 216w, https:\/\/webvasco.com\/artigos\/wp-content\/uploads\/2020\/11\/r7-108x150.jpeg 108w, https:\/\/webvasco.com\/artigos\/wp-content\/uploads\/2020\/11\/r7.jpeg 587w\" sizes=\"auto, (max-width: 216px) 100vw, 216px\" \/><\/a> <a href=\"https:\/\/webvasco.com\/artigos\/wp-content\/uploads\/2020\/11\/r6.jpeg\"><img loading=\"lazy\" decoding=\"async\" class=\"alignright size-medium wp-image-8982\" src=\"https:\/\/webvasco.com\/artigos\/wp-content\/uploads\/2020\/11\/r6-225x300.jpeg\" alt=\"\" width=\"225\" height=\"300\" srcset=\"https:\/\/webvasco.com\/artigos\/wp-content\/uploads\/2020\/11\/r6-225x300.jpeg 225w, https:\/\/webvasco.com\/artigos\/wp-content\/uploads\/2020\/11\/r6-113x150.jpeg 113w, https:\/\/webvasco.com\/artigos\/wp-content\/uploads\/2020\/11\/r6-768x1024.jpeg 768w, https:\/\/webvasco.com\/artigos\/wp-content\/uploads\/2020\/11\/r6.jpeg 960w\" sizes=\"auto, (max-width: 225px) 100vw, 225px\" \/><\/a> <a href=\"https:\/\/webvasco.com\/artigos\/wp-content\/uploads\/2020\/11\/r5.jpeg\"><img loading=\"lazy\" decoding=\"async\" class=\"alignright size-medium wp-image-8981\" src=\"https:\/\/webvasco.com\/artigos\/wp-content\/uploads\/2020\/11\/r5-225x300.jpeg\" alt=\"\" width=\"225\" height=\"300\" srcset=\"https:\/\/webvasco.com\/artigos\/wp-content\/uploads\/2020\/11\/r5-225x300.jpeg 225w, https:\/\/webvasco.com\/artigos\/wp-content\/uploads\/2020\/11\/r5-113x150.jpeg 113w, https:\/\/webvasco.com\/artigos\/wp-content\/uploads\/2020\/11\/r5-768x1022.jpeg 768w, https:\/\/webvasco.com\/artigos\/wp-content\/uploads\/2020\/11\/r5-770x1024.jpeg 770w, https:\/\/webvasco.com\/artigos\/wp-content\/uploads\/2020\/11\/r5.jpeg 962w\" sizes=\"auto, (max-width: 225px) 100vw, 225px\" \/><\/a> <a href=\"https:\/\/webvasco.com\/artigos\/wp-content\/uploads\/2020\/11\/r4.jpeg\"><img loading=\"lazy\" decoding=\"async\" class=\"alignright size-medium wp-image-8980\" src=\"https:\/\/webvasco.com\/artigos\/wp-content\/uploads\/2020\/11\/r4-225x300.jpeg\" alt=\"\" width=\"225\" height=\"300\" srcset=\"https:\/\/webvasco.com\/artigos\/wp-content\/uploads\/2020\/11\/r4-225x300.jpeg 225w, https:\/\/webvasco.com\/artigos\/wp-content\/uploads\/2020\/11\/r4-113x150.jpeg 113w, https:\/\/webvasco.com\/artigos\/wp-content\/uploads\/2020\/11\/r4-768x1024.jpeg 768w, https:\/\/webvasco.com\/artigos\/wp-content\/uploads\/2020\/11\/r4.jpeg 960w\" sizes=\"auto, (max-width: 225px) 100vw, 225px\" \/><\/a> <a href=\"https:\/\/webvasco.com\/artigos\/wp-content\/uploads\/2020\/11\/r3.jpeg\"><img loading=\"lazy\" decoding=\"async\" class=\"alignright size-medium wp-image-8979\" src=\"https:\/\/webvasco.com\/artigos\/wp-content\/uploads\/2020\/11\/r3-300x228.jpeg\" alt=\"\" width=\"300\" height=\"228\" srcset=\"https:\/\/webvasco.com\/artigos\/wp-content\/uploads\/2020\/11\/r3-300x228.jpeg 300w, https:\/\/webvasco.com\/artigos\/wp-content\/uploads\/2020\/11\/r3-150x114.jpeg 150w, https:\/\/webvasco.com\/artigos\/wp-content\/uploads\/2020\/11\/r3.jpeg 704w\" sizes=\"auto, (max-width: 300px) 100vw, 300px\" \/><\/a> <a href=\"https:\/\/webvasco.com\/artigos\/wp-content\/uploads\/2020\/11\/r2.jpeg\"><img loading=\"lazy\" decoding=\"async\" class=\"alignright size-medium wp-image-8978\" src=\"https:\/\/webvasco.com\/artigos\/wp-content\/uploads\/2020\/11\/r2-218x300.jpeg\" alt=\"\" width=\"218\" height=\"300\" srcset=\"https:\/\/webvasco.com\/artigos\/wp-content\/uploads\/2020\/11\/r2-218x300.jpeg 218w, https:\/\/webvasco.com\/artigos\/wp-content\/uploads\/2020\/11\/r2-109x150.jpeg 109w, https:\/\/webvasco.com\/artigos\/wp-content\/uploads\/2020\/11\/r2.jpeg 660w\" sizes=\"auto, (max-width: 218px) 100vw, 218px\" \/><\/a> <a href=\"https:\/\/webvasco.com\/artigos\/wp-content\/uploads\/2020\/11\/r1.jpeg\"><img loading=\"lazy\" decoding=\"async\" class=\"alignright size-medium wp-image-8977\" src=\"https:\/\/webvasco.com\/artigos\/wp-content\/uploads\/2020\/11\/r1-219x300.jpeg\" alt=\"\" width=\"219\" height=\"300\" srcset=\"https:\/\/webvasco.com\/artigos\/wp-content\/uploads\/2020\/11\/r1-219x300.jpeg 219w, https:\/\/webvasco.com\/artigos\/wp-content\/uploads\/2020\/11\/r1-110x150.jpeg 110w, https:\/\/webvasco.com\/artigos\/wp-content\/uploads\/2020\/11\/r1.jpeg 669w\" sizes=\"auto, (max-width: 219px) 100vw, 219px\" \/><\/a><\/p>\n","protected":false},"excerpt":{"rendered":"<p>ELAS &amp; O PROFESSOR POR LUIZ CARLOS ROCHA A entrevista de novembro de 2020, com&#8230;<\/p>\n","protected":false},"author":7,"featured_media":8985,"comment_status":"open","ping_status":"closed","sticky":false,"template":"","format":"standard","meta":{"footnotes":""},"categories":[27],"tags":[],"class_list":["post-8976","post","type-post","status-publish","format-standard","has-post-thumbnail","hentry","category-elas-e-o-professor"],"_links":{"self":[{"href":"https:\/\/webvasco.com\/artigos\/wp-json\/wp\/v2\/posts\/8976","targetHints":{"allow":["GET"]}}],"collection":[{"href":"https:\/\/webvasco.com\/artigos\/wp-json\/wp\/v2\/posts"}],"about":[{"href":"https:\/\/webvasco.com\/artigos\/wp-json\/wp\/v2\/types\/post"}],"author":[{"embeddable":true,"href":"https:\/\/webvasco.com\/artigos\/wp-json\/wp\/v2\/users\/7"}],"replies":[{"embeddable":true,"href":"https:\/\/webvasco.com\/artigos\/wp-json\/wp\/v2\/comments?post=8976"}],"version-history":[{"count":3,"href":"https:\/\/webvasco.com\/artigos\/wp-json\/wp\/v2\/posts\/8976\/revisions"}],"predecessor-version":[{"id":8991,"href":"https:\/\/webvasco.com\/artigos\/wp-json\/wp\/v2\/posts\/8976\/revisions\/8991"}],"wp:featuredmedia":[{"embeddable":true,"href":"https:\/\/webvasco.com\/artigos\/wp-json\/wp\/v2\/media\/8985"}],"wp:attachment":[{"href":"https:\/\/webvasco.com\/artigos\/wp-json\/wp\/v2\/media?parent=8976"}],"wp:term":[{"taxonomy":"category","embeddable":true,"href":"https:\/\/webvasco.com\/artigos\/wp-json\/wp\/v2\/categories?post=8976"},{"taxonomy":"post_tag","embeddable":true,"href":"https:\/\/webvasco.com\/artigos\/wp-json\/wp\/v2\/tags?post=8976"}],"curies":[{"name":"wp","href":"https:\/\/api.w.org\/{rel}","templated":true}]}}