{"id":8992,"date":"2020-12-26T16:52:26","date_gmt":"2020-12-26T19:52:26","guid":{"rendered":"https:\/\/webvasco.com\/artigos\/?p=8992"},"modified":"2020-12-26T17:36:30","modified_gmt":"2020-12-26T20:36:30","slug":"elas-o-professor-maju","status":"publish","type":"post","link":"https:\/\/webvasco.com\/artigos\/temas\/elas-e-o-professor\/elas-o-professor-maju\/","title":{"rendered":"ELAS &amp; O PROFESSOR &#8211; MAJU"},"content":{"rendered":"<p><strong>ELAS &amp; O PROFESSOR<\/strong><\/p>\n<p><strong>POR LUIZ CARLOS ROCHA<\/strong><\/p>\n<p>A entrevista de dezembro de 2020, com Maria J\u00falia Martins, \u00e9 dedicada \u00e0 mais bela vasca\u00edna de todos os tempos, que ser\u00e1 sempre a minha maior inspira\u00e7\u00e3o, meu amor, meu tudo, minha fortaleza, minha filha linda: \u00darsulla Rocha.<\/p>\n<p><strong>MAJU,<\/strong> Marketing de uma auto pe\u00e7as e estudante de Moda, 21 anos, solteira (namorando), cat\u00f3lica, moradora de S\u00e3o Gon\u00e7alo\/RJ, sua Escola de Samba de simpatia \u00e9 a Unidos da Tijuca. A futura modista \u00e9 do signo de Virgem, embora tenha revelado que n\u00e3o acredita nas quest\u00f5es zod\u00edacas. Para se divertir gosta de um bom churrasco e estar com os amigos. Maju \u00e9 t\u00e3o apaixonada pelo Gigante da Colina que at\u00e9 j\u00e1 laborou na Loja do Vasco, em Icara\u00ed (Niter\u00f3i\/RJ).<\/p>\n<p><strong>O treinador Ricardo S\u00e1 Pinto ainda n\u00e3o acertou o time, voc\u00ea acha que ele alinhar\u00e1 ou perder\u00e1 o cargo?<\/strong><\/p>\n<p>Eu acredito que o problema do Vasco n\u00e3o seja apenas o t\u00e9cnico, mas provavelmente perder\u00e1 o cargo.<\/p>\n<p><strong>Tinham op\u00e7\u00f5es melhores para o comando da equipe?<\/strong><\/p>\n<p>Como disse na resposta anterior, tem de mudar quase a equipe toda, acredito que a melhor op\u00e7\u00e3o seria mudar alguns jogadores.<\/p>\n<p><strong>O ex-goleiro Rog\u00e9rio Ceni teria sido uma boa contrata\u00e7\u00e3o?<\/strong><\/p>\n<p>N\u00e3o sei se encaixaria bem no Vasco.<\/p>\n<p><strong>Qual o sentido de ser torcedor do Vasco da Gama?<\/strong><\/p>\n<p>Amor acima de tudo. Quem \u00e9 torcedor raiz jamais abandonar\u00e1. N\u00e3o d\u00e1 para explicar esse sentimento.<\/p>\n<p><strong>H\u00e1 um distanciamento no poderio futebol\u00edstico entre o Clube da G\u00e1vea e o Gigante da Colina?<\/strong><\/p>\n<p>Creio que n\u00e3o.<\/p>\n<p><strong>No in\u00edcio do Campeonato Brasileiro o Cruzmaltino chegou ser l\u00edder, agora est\u00e1 na Zona de Rebaixamento da competi\u00e7\u00e3o, a que se deve atribuir essa queda vertiginosa?<\/strong><\/p>\n<p>A todos que est\u00e3o na equipe, e a essa guerra pol\u00edtica dentro do clube que vem acontecendo h\u00e1 muito tempo.<\/p>\n<p><strong>Leven ou Brant?<\/strong><\/p>\n<p>Sou extremamente neutra sobre a presid\u00eancia. Quero que o novo presidente ame realmente o Vasco.<\/p>\n<p><strong>O que anda D\u00e9mod\u00e9 (fora de moda) no Vasco da Gama?<\/strong><\/p>\n<p>Toda essa briga interna<\/p>\n<p><strong>A camisa do Mach\u00e3o da Gama ser\u00e1 sempre uma Pr\u00eat \u00e0 Porter (pronta para vestir) em todas as ocasi\u00f5es?<\/strong><\/p>\n<p>Ah \u00e9 obvio, perfeita at\u00e9 para casamento (sorriu).<\/p>\n<p><strong>O time precisa de um l\u00edder, um capit\u00e3o que possa customizar (\u00e9 a a\u00e7\u00e3o de modificar, criar, adaptar, repaginar algo para que este tome uma forma diferente do original) o plano de jogo dentro das 4 linhas?<\/strong><\/p>\n<p>Acho que sim, mas ainda n\u00e3o temos algu\u00e9m com a paix\u00e3o e garra que precisamos.<\/p>\n<p><strong> Quem \u00e9 Fashion, no atual plantel?<\/strong><\/p>\n<p>Cano, sem d\u00favidas.<\/p>\n<p><strong>O Vasco vai precisar de muito Stretch (tecido que estica) no que tange a pontua\u00e7\u00e3o na tabela de classifica\u00e7\u00e3o, para continuar na S\u00e9rie A, em 2021?<\/strong><\/p>\n<p>Com certeza, infelizmente, ultimamente n\u00e3o tem nada encaixado no Vasco. Precisamos esticar bastante.<\/p>\n<p><strong>FOTOGRAFIAS FORNECIDAS PELA ENTREVISTADA.<\/strong><\/p>\n<p><a href=\"https:\/\/webvasco.com\/artigos\/wp-content\/uploads\/2020\/12\/MJ11.jpeg\"><img loading=\"lazy\" decoding=\"async\" class=\"alignright size-medium wp-image-9003\" src=\"https:\/\/webvasco.com\/artigos\/wp-content\/uploads\/2020\/12\/MJ11-300x300.jpeg\" alt=\"\" width=\"300\" height=\"300\" srcset=\"https:\/\/webvasco.com\/artigos\/wp-content\/uploads\/2020\/12\/MJ11-300x300.jpeg 300w, https:\/\/webvasco.com\/artigos\/wp-content\/uploads\/2020\/12\/MJ11-150x150.jpeg 150w, https:\/\/webvasco.com\/artigos\/wp-content\/uploads\/2020\/12\/MJ11-768x768.jpeg 768w, https:\/\/webvasco.com\/artigos\/wp-content\/uploads\/2020\/12\/MJ11.jpeg 1024w\" sizes=\"auto, (max-width: 300px) 100vw, 300px\" \/><\/a> <a href=\"https:\/\/webvasco.com\/artigos\/wp-content\/uploads\/2020\/12\/MJ10.jpeg\"><img loading=\"lazy\" decoding=\"async\" class=\"alignright size-medium wp-image-9002\" src=\"https:\/\/webvasco.com\/artigos\/wp-content\/uploads\/2020\/12\/MJ10-158x300.jpeg\" alt=\"\" width=\"158\" height=\"300\" srcset=\"https:\/\/webvasco.com\/artigos\/wp-content\/uploads\/2020\/12\/MJ10-158x300.jpeg 158w, https:\/\/webvasco.com\/artigos\/wp-content\/uploads\/2020\/12\/MJ10-79x150.jpeg 79w, https:\/\/webvasco.com\/artigos\/wp-content\/uploads\/2020\/12\/MJ10-540x1024.jpeg 540w, https:\/\/webvasco.com\/artigos\/wp-content\/uploads\/2020\/12\/MJ10.jpeg 655w\" sizes=\"auto, (max-width: 158px) 100vw, 158px\" \/><\/a> <a href=\"https:\/\/webvasco.com\/artigos\/wp-content\/uploads\/2020\/12\/MJ9.jpeg\"><img loading=\"lazy\" decoding=\"async\" class=\"alignright size-medium wp-image-9001\" src=\"https:\/\/webvasco.com\/artigos\/wp-content\/uploads\/2020\/12\/MJ9-225x300.jpeg\" alt=\"\" width=\"225\" height=\"300\" srcset=\"https:\/\/webvasco.com\/artigos\/wp-content\/uploads\/2020\/12\/MJ9-225x300.jpeg 225w, https:\/\/webvasco.com\/artigos\/wp-content\/uploads\/2020\/12\/MJ9-113x150.jpeg 113w, https:\/\/webvasco.com\/artigos\/wp-content\/uploads\/2020\/12\/MJ9-768x1024.jpeg 768w, https:\/\/webvasco.com\/artigos\/wp-content\/uploads\/2020\/12\/MJ9.jpeg 960w\" sizes=\"auto, (max-width: 225px) 100vw, 225px\" \/><\/a> <a href=\"https:\/\/webvasco.com\/artigos\/wp-content\/uploads\/2020\/12\/MJ8.jpeg\"><img loading=\"lazy\" decoding=\"async\" class=\"alignright size-medium wp-image-9000\" src=\"https:\/\/webvasco.com\/artigos\/wp-content\/uploads\/2020\/12\/MJ8-225x300.jpeg\" alt=\"\" width=\"225\" height=\"300\" srcset=\"https:\/\/webvasco.com\/artigos\/wp-content\/uploads\/2020\/12\/MJ8-225x300.jpeg 225w, https:\/\/webvasco.com\/artigos\/wp-content\/uploads\/2020\/12\/MJ8-113x150.jpeg 113w, https:\/\/webvasco.com\/artigos\/wp-content\/uploads\/2020\/12\/MJ8-768x1024.jpeg 768w, https:\/\/webvasco.com\/artigos\/wp-content\/uploads\/2020\/12\/MJ8.jpeg 960w\" sizes=\"auto, (max-width: 225px) 100vw, 225px\" \/><\/a> <a href=\"https:\/\/webvasco.com\/artigos\/wp-content\/uploads\/2020\/12\/MJ7.jpeg\"><img loading=\"lazy\" decoding=\"async\" class=\"alignright size-medium wp-image-8999\" src=\"https:\/\/webvasco.com\/artigos\/wp-content\/uploads\/2020\/12\/MJ7-263x300.jpeg\" alt=\"\" width=\"263\" height=\"300\" srcset=\"https:\/\/webvasco.com\/artigos\/wp-content\/uploads\/2020\/12\/MJ7-263x300.jpeg 263w, https:\/\/webvasco.com\/artigos\/wp-content\/uploads\/2020\/12\/MJ7-132x150.jpeg 132w, https:\/\/webvasco.com\/artigos\/wp-content\/uploads\/2020\/12\/MJ7-768x875.jpeg 768w, https:\/\/webvasco.com\/artigos\/wp-content\/uploads\/2020\/12\/MJ7-898x1024.jpeg 898w, https:\/\/webvasco.com\/artigos\/wp-content\/uploads\/2020\/12\/MJ7-1024x1167.jpeg 1024w, https:\/\/webvasco.com\/artigos\/wp-content\/uploads\/2020\/12\/MJ7.jpeg 1123w\" sizes=\"auto, (max-width: 263px) 100vw, 263px\" \/><\/a> <a href=\"https:\/\/webvasco.com\/artigos\/wp-content\/uploads\/2020\/12\/MJ6.jpeg\"><img loading=\"lazy\" decoding=\"async\" class=\"alignright size-medium wp-image-8998\" src=\"https:\/\/webvasco.com\/artigos\/wp-content\/uploads\/2020\/12\/MJ6-300x203.jpeg\" alt=\"\" width=\"300\" height=\"203\" srcset=\"https:\/\/webvasco.com\/artigos\/wp-content\/uploads\/2020\/12\/MJ6-300x203.jpeg 300w, https:\/\/webvasco.com\/artigos\/wp-content\/uploads\/2020\/12\/MJ6-150x101.jpeg 150w, https:\/\/webvasco.com\/artigos\/wp-content\/uploads\/2020\/12\/MJ6-768x518.jpeg 768w, https:\/\/webvasco.com\/artigos\/wp-content\/uploads\/2020\/12\/MJ6-1024x691.jpeg 1024w, https:\/\/webvasco.com\/artigos\/wp-content\/uploads\/2020\/12\/MJ6.jpeg 1280w\" sizes=\"auto, (max-width: 300px) 100vw, 300px\" \/><\/a> <a href=\"https:\/\/webvasco.com\/artigos\/wp-content\/uploads\/2020\/12\/MJ5.jpeg\"><img loading=\"lazy\" decoding=\"async\" class=\"alignright size-medium wp-image-8997\" src=\"https:\/\/webvasco.com\/artigos\/wp-content\/uploads\/2020\/12\/MJ5-225x300.jpeg\" alt=\"\" width=\"225\" height=\"300\" srcset=\"https:\/\/webvasco.com\/artigos\/wp-content\/uploads\/2020\/12\/MJ5-225x300.jpeg 225w, https:\/\/webvasco.com\/artigos\/wp-content\/uploads\/2020\/12\/MJ5-113x150.jpeg 113w, https:\/\/webvasco.com\/artigos\/wp-content\/uploads\/2020\/12\/MJ5-768x1024.jpeg 768w, https:\/\/webvasco.com\/artigos\/wp-content\/uploads\/2020\/12\/MJ5.jpeg 960w\" sizes=\"auto, (max-width: 225px) 100vw, 225px\" \/><\/a> <a href=\"https:\/\/webvasco.com\/artigos\/wp-content\/uploads\/2020\/12\/MJ4.jpeg\"><img loading=\"lazy\" decoding=\"async\" class=\"alignright size-medium wp-image-8996\" src=\"https:\/\/webvasco.com\/artigos\/wp-content\/uploads\/2020\/12\/MJ4-225x300.jpeg\" alt=\"\" width=\"225\" height=\"300\" srcset=\"https:\/\/webvasco.com\/artigos\/wp-content\/uploads\/2020\/12\/MJ4-225x300.jpeg 225w, https:\/\/webvasco.com\/artigos\/wp-content\/uploads\/2020\/12\/MJ4-113x150.jpeg 113w, https:\/\/webvasco.com\/artigos\/wp-content\/uploads\/2020\/12\/MJ4-768x1024.jpeg 768w, https:\/\/webvasco.com\/artigos\/wp-content\/uploads\/2020\/12\/MJ4.jpeg 960w\" sizes=\"auto, (max-width: 225px) 100vw, 225px\" \/><\/a> <a href=\"https:\/\/webvasco.com\/artigos\/wp-content\/uploads\/2020\/12\/MJ3.jpeg\"><img loading=\"lazy\" decoding=\"async\" class=\"alignright size-medium wp-image-8995\" src=\"https:\/\/webvasco.com\/artigos\/wp-content\/uploads\/2020\/12\/MJ3-225x300.jpeg\" alt=\"\" width=\"225\" height=\"300\" srcset=\"https:\/\/webvasco.com\/artigos\/wp-content\/uploads\/2020\/12\/MJ3-225x300.jpeg 225w, https:\/\/webvasco.com\/artigos\/wp-content\/uploads\/2020\/12\/MJ3-113x150.jpeg 113w, https:\/\/webvasco.com\/artigos\/wp-content\/uploads\/2020\/12\/MJ3-768x1024.jpeg 768w, https:\/\/webvasco.com\/artigos\/wp-content\/uploads\/2020\/12\/MJ3.jpeg 960w\" sizes=\"auto, (max-width: 225px) 100vw, 225px\" \/><\/a> <a href=\"https:\/\/webvasco.com\/artigos\/wp-content\/uploads\/2020\/12\/MJ2.jpeg\"><img loading=\"lazy\" decoding=\"async\" class=\"alignright size-medium wp-image-8994\" src=\"https:\/\/webvasco.com\/artigos\/wp-content\/uploads\/2020\/12\/MJ2-271x300.jpeg\" alt=\"\" width=\"271\" height=\"300\" srcset=\"https:\/\/webvasco.com\/artigos\/wp-content\/uploads\/2020\/12\/MJ2-271x300.jpeg 271w, https:\/\/webvasco.com\/artigos\/wp-content\/uploads\/2020\/12\/MJ2-136x150.jpeg 136w, https:\/\/webvasco.com\/artigos\/wp-content\/uploads\/2020\/12\/MJ2-768x849.jpeg 768w, https:\/\/webvasco.com\/artigos\/wp-content\/uploads\/2020\/12\/MJ2-926x1024.jpeg 926w, https:\/\/webvasco.com\/artigos\/wp-content\/uploads\/2020\/12\/MJ2-1024x1132.jpeg 1024w, https:\/\/webvasco.com\/artigos\/wp-content\/uploads\/2020\/12\/MJ2.jpeg 1158w\" sizes=\"auto, (max-width: 271px) 100vw, 271px\" \/><\/a> <a href=\"https:\/\/webvasco.com\/artigos\/wp-content\/uploads\/2020\/12\/MJ.jpeg\"><img loading=\"lazy\" decoding=\"async\" class=\"alignright size-medium wp-image-8993\" src=\"https:\/\/webvasco.com\/artigos\/wp-content\/uploads\/2020\/12\/MJ-225x300.jpeg\" alt=\"\" width=\"225\" height=\"300\" srcset=\"https:\/\/webvasco.com\/artigos\/wp-content\/uploads\/2020\/12\/MJ-225x300.jpeg 225w, https:\/\/webvasco.com\/artigos\/wp-content\/uploads\/2020\/12\/MJ-113x150.jpeg 113w, https:\/\/webvasco.com\/artigos\/wp-content\/uploads\/2020\/12\/MJ.jpeg 768w\" sizes=\"auto, (max-width: 225px) 100vw, 225px\" \/><\/a><\/p>\n","protected":false},"excerpt":{"rendered":"<p>ELAS &amp; O PROFESSOR POR LUIZ CARLOS ROCHA A entrevista de dezembro de 2020, com&#8230;<\/p>\n","protected":false},"author":7,"featured_media":8999,"comment_status":"open","ping_status":"closed","sticky":false,"template":"","format":"standard","meta":{"footnotes":""},"categories":[27],"tags":[],"class_list":["post-8992","post","type-post","status-publish","format-standard","has-post-thumbnail","hentry","category-elas-e-o-professor"],"_links":{"self":[{"href":"https:\/\/webvasco.com\/artigos\/wp-json\/wp\/v2\/posts\/8992","targetHints":{"allow":["GET"]}}],"collection":[{"href":"https:\/\/webvasco.com\/artigos\/wp-json\/wp\/v2\/posts"}],"about":[{"href":"https:\/\/webvasco.com\/artigos\/wp-json\/wp\/v2\/types\/post"}],"author":[{"embeddable":true,"href":"https:\/\/webvasco.com\/artigos\/wp-json\/wp\/v2\/users\/7"}],"replies":[{"embeddable":true,"href":"https:\/\/webvasco.com\/artigos\/wp-json\/wp\/v2\/comments?post=8992"}],"version-history":[{"count":3,"href":"https:\/\/webvasco.com\/artigos\/wp-json\/wp\/v2\/posts\/8992\/revisions"}],"predecessor-version":[{"id":9007,"href":"https:\/\/webvasco.com\/artigos\/wp-json\/wp\/v2\/posts\/8992\/revisions\/9007"}],"wp:featuredmedia":[{"embeddable":true,"href":"https:\/\/webvasco.com\/artigos\/wp-json\/wp\/v2\/media\/8999"}],"wp:attachment":[{"href":"https:\/\/webvasco.com\/artigos\/wp-json\/wp\/v2\/media?parent=8992"}],"wp:term":[{"taxonomy":"category","embeddable":true,"href":"https:\/\/webvasco.com\/artigos\/wp-json\/wp\/v2\/categories?post=8992"},{"taxonomy":"post_tag","embeddable":true,"href":"https:\/\/webvasco.com\/artigos\/wp-json\/wp\/v2\/tags?post=8992"}],"curies":[{"name":"wp","href":"https:\/\/api.w.org\/{rel}","templated":true}]}}