{"id":9008,"date":"2021-01-15T23:04:13","date_gmt":"2021-01-16T02:04:13","guid":{"rendered":"https:\/\/webvasco.com\/artigos\/?p=9008"},"modified":"2021-01-16T09:14:13","modified_gmt":"2021-01-16T12:14:13","slug":"elas-o-professor-flavia","status":"publish","type":"post","link":"https:\/\/webvasco.com\/artigos\/temas\/elas-e-o-professor\/elas-o-professor-flavia\/","title":{"rendered":"ELAS &amp; O PROFESSOR &#8211; FL\u00c1VIA"},"content":{"rendered":"<p><strong>ELAS &amp; O PROFESSOR<\/strong><\/p>\n<p><strong>POR LUIZ CARLOS ROCHA<\/strong><\/p>\n<p>A entrevista de janeiro de 2021, com Fl\u00e1via Chagas Barros, \u00e9 dedicada \u00e0 uma princesa vasca\u00edna, que ser\u00e1 sempre a minha maior fonte de inspira\u00e7\u00e3o, meu amor, meu tudo, meu mundo: \u00darsulla Rocha.<\/p>\n<p><strong>FL\u00c1VIA,<\/strong> niteroiense, mas morando h\u00e1 10 anos em Rio Grande\/RS, 41 anos, t\u00e9cnica em seguran\u00e7a do trabalho, casada com Fernando Ramos, desta uni\u00e3o nasceram os filhos L\u00edvia e Enzo, 17 e 3 anos, respectivamente. A bela t\u00eam um gosto musical bem ecl\u00e9tico, curte do funk ao MPB. Como menina raiz de Nikiti sua Escola de Samba de cora\u00e7\u00e3o \u00e9 a Viradouro (atual campe\u00e3 do Grupo Especial). Leonina. Curte bastante frutos do mar. Nas horas vagas o passeio favorito ao lado do c\u00f4njuge \u00e9 curtir a Harley-Davidson.<\/p>\n<p><strong> Voc\u00ea acha que o treinador Vanderlei Luxemburgo deu uma \u201ccara nova\u201d ao time do Vasco da Gama?<\/strong><\/p>\n<p>Sim, claro. O Luxa n\u00e3o s\u00f3 deu uma &#8220;cara nova&#8221; ao time, como trouxe a uni\u00e3o e o esp\u00edrito da na\u00e7\u00e3o vasca\u00edna ao time.<\/p>\n<p><strong>Porque o Professor acertou e outros treinadores anteriores n\u00e3o acertaram?<\/strong><\/p>\n<p>Isso \u00e9 conversa de homens. Acho que \u00e9 a tal &#8220;resenha&#8221; como eles falam. Conversas que acontece l\u00e1 no vesti\u00e1rio.<\/p>\n<p><strong>Ainda h\u00e1 tempo do Cruzmaltino conquistar uma vaga na Copa Libertadores 2021?<\/strong><\/p>\n<p>Eu acho que eles devem se procurar jogo a jogo, \u00e9 jogar para n\u00f3s, torcedores. Jogando para a torcida os resultados aparecem, e com certeza ser\u00e3o aplaudidos.<\/p>\n<p><strong>Visto que a equipe Sub 20, foi campe\u00e3 da Copa do Brasil, na sua opini\u00e3o, Luxa deveria aproveitar mais a base?<\/strong><\/p>\n<p>Sim, concordo em dar a oportunidade aos jovens promissores, com esp\u00edrito Vasca\u00edno. O Luxa \u00e9 bom nisso.<\/p>\n<p><strong>O Vasco tem obriga\u00e7\u00e3o de ganhar os jogos com mando de campo em S\u00e3o Janu\u00e1rio, independente do advers\u00e1rio?<\/strong><\/p>\n<p>Se nossa equipe estiver unida e fechada com eles mesmos, respeitando os advers\u00e1rios, com a Cruz de Malta pulsando no peito, ningu\u00e9m \u00e9 mais favorito em S\u00e3o Janu\u00e1rio do que n\u00f3s.<\/p>\n<p><strong>No Campeonato Brasileiro de 2020 (que ainda n\u00e3o acabou em 2021), qual o principal oponente vasca\u00edno?<\/strong><\/p>\n<p>O maior oponente do Vasco \u00e9 o pr\u00f3prio Vasco, se fatores pol\u00edticos e externos n\u00e3o atrapalharem, vamos conseguir nosso objetivo, que \u00e9 terminar entre os seis primeiros no Campeonato Brasileiro.<\/p>\n<p><strong>Cair para a Segunda Divis\u00e3o &#8211; no Brasileir\u00e3o \u2013 pela quarta vez seria um estrago irrevers\u00edvel?<\/strong><\/p>\n<p>Nunca diga isso para uma vasca\u00edna de cora\u00e7\u00e3o. Ficaria muito triste! Quando esteve na Segundona meu amor pelo Vasco n\u00e3o diminuiu, pelo contr\u00e1rio, foi o momento em que mais acompanhei os jogos.<\/p>\n<p><strong>Germ\u00e1n Cano \u00e9 o Salvador da P\u00e1tria?<\/strong><\/p>\n<p>Germ\u00e1n Cano faz muito pelo Vasco, m\u00e1s ele sozinho n\u00e3o resolve tudo, todos s\u00e3o importantes, do porteiro ao roupeiro, passando pelo treinador.<\/p>\n<p><strong>O que \u00e9 mais importante: fazer gols ou n\u00e3o levar gols?<\/strong><\/p>\n<p>Como torcedora, adoro muitos gols nas partidas, m\u00e1s \u00e9 claro do meu Vasc\u00e3o (sorriu).<\/p>\n<p><strong> Que t\u00edtulo voc\u00ea gostaria de ver o Mach\u00e3o da Gama conquistar?<\/strong><\/p>\n<p>Acho que uma Libertadores seria \u00f3timo.<\/p>\n<p><strong> Ser Vasco \u00e9 sofrer ou ter alegrias?<\/strong><\/p>\n<p>Ser vasca\u00edna \u00e9 muito maior que perder ou ganhar. \u00c9 algo que s\u00f3 uma Vasca\u00edna poder\u00e1 entender! Coma uma bacalhoada no restaurante de S\u00e3o Janu\u00e1rio, olha para aqueles azulejos e vitrais, respire aquela atmosfera e voc\u00ea entender\u00e1.<\/p>\n<p><strong>Voc\u00ea j\u00e1 levou seus filhos \u00e0 Colina Hist\u00f3rica?<\/strong><\/p>\n<p>Ainda n\u00e3o, pois estou morando no Rio Grande do Sul h\u00e1 10 anos, meu pequeno vasca\u00edno s\u00f3 t\u00eam tr\u00eas aninhos, mas j\u00e1 vibra com os gols do time na TV. Assim que tiver oportunidade com certeza levarei o Enzo.<\/p>\n<p><strong>FOTOGRAFIAS FORNECIDAS PELA ENTREVISTADA.<\/strong><\/p>\n<p><a href=\"https:\/\/webvasco.com\/artigos\/wp-content\/uploads\/2021\/01\/fla-5.jpeg\"><img loading=\"lazy\" decoding=\"async\" class=\"alignright size-medium wp-image-9012\" src=\"https:\/\/webvasco.com\/artigos\/wp-content\/uploads\/2021\/01\/fla-5-214x300.jpeg\" alt=\"\" width=\"214\" height=\"300\" srcset=\"https:\/\/webvasco.com\/artigos\/wp-content\/uploads\/2021\/01\/fla-5-214x300.jpeg 214w, https:\/\/webvasco.com\/artigos\/wp-content\/uploads\/2021\/01\/fla-5-107x150.jpeg 107w, https:\/\/webvasco.com\/artigos\/wp-content\/uploads\/2021\/01\/fla-5.jpeg 685w\" sizes=\"auto, (max-width: 214px) 100vw, 214px\" \/><\/a> <a href=\"https:\/\/webvasco.com\/artigos\/wp-content\/uploads\/2021\/01\/fla-4.jpeg\"><img loading=\"lazy\" decoding=\"async\" class=\"alignright size-medium wp-image-9011\" src=\"https:\/\/webvasco.com\/artigos\/wp-content\/uploads\/2021\/01\/fla-4-169x300.jpeg\" alt=\"\" width=\"169\" height=\"300\" srcset=\"https:\/\/webvasco.com\/artigos\/wp-content\/uploads\/2021\/01\/fla-4-169x300.jpeg 169w, https:\/\/webvasco.com\/artigos\/wp-content\/uploads\/2021\/01\/fla-4-84x150.jpeg 84w, https:\/\/webvasco.com\/artigos\/wp-content\/uploads\/2021\/01\/fla-4-576x1024.jpeg 576w, https:\/\/webvasco.com\/artigos\/wp-content\/uploads\/2021\/01\/fla-4.jpeg 720w\" sizes=\"auto, (max-width: 169px) 100vw, 169px\" \/><\/a> <a href=\"https:\/\/webvasco.com\/artigos\/wp-content\/uploads\/2021\/01\/fla-3.jpeg\"><img loading=\"lazy\" decoding=\"async\" class=\"alignright size-medium wp-image-9010\" src=\"https:\/\/webvasco.com\/artigos\/wp-content\/uploads\/2021\/01\/fla-3-169x300.jpeg\" alt=\"\" width=\"169\" height=\"300\" srcset=\"https:\/\/webvasco.com\/artigos\/wp-content\/uploads\/2021\/01\/fla-3-169x300.jpeg 169w, https:\/\/webvasco.com\/artigos\/wp-content\/uploads\/2021\/01\/fla-3-84x150.jpeg 84w, https:\/\/webvasco.com\/artigos\/wp-content\/uploads\/2021\/01\/fla-3-576x1024.jpeg 576w, https:\/\/webvasco.com\/artigos\/wp-content\/uploads\/2021\/01\/fla-3.jpeg 720w\" sizes=\"auto, (max-width: 169px) 100vw, 169px\" \/><\/a> <a href=\"https:\/\/webvasco.com\/artigos\/wp-content\/uploads\/2021\/01\/fla-2.jpeg\"><img loading=\"lazy\" decoding=\"async\" class=\"alignright size-medium wp-image-9009\" src=\"https:\/\/webvasco.com\/artigos\/wp-content\/uploads\/2021\/01\/fla-2-169x300.jpeg\" alt=\"\" width=\"169\" height=\"300\" srcset=\"https:\/\/webvasco.com\/artigos\/wp-content\/uploads\/2021\/01\/fla-2-169x300.jpeg 169w, https:\/\/webvasco.com\/artigos\/wp-content\/uploads\/2021\/01\/fla-2-84x150.jpeg 84w, https:\/\/webvasco.com\/artigos\/wp-content\/uploads\/2021\/01\/fla-2-576x1024.jpeg 576w, https:\/\/webvasco.com\/artigos\/wp-content\/uploads\/2021\/01\/fla-2.jpeg 720w\" sizes=\"auto, (max-width: 169px) 100vw, 169px\" \/><\/a><\/p>\n","protected":false},"excerpt":{"rendered":"<p>ELAS &amp; O PROFESSOR POR LUIZ CARLOS ROCHA A entrevista de janeiro de 2021, com&#8230;<\/p>\n","protected":false},"author":7,"featured_media":9010,"comment_status":"open","ping_status":"closed","sticky":false,"template":"","format":"standard","meta":{"footnotes":""},"categories":[27],"tags":[],"class_list":["post-9008","post","type-post","status-publish","format-standard","has-post-thumbnail","hentry","category-elas-e-o-professor"],"_links":{"self":[{"href":"https:\/\/webvasco.com\/artigos\/wp-json\/wp\/v2\/posts\/9008","targetHints":{"allow":["GET"]}}],"collection":[{"href":"https:\/\/webvasco.com\/artigos\/wp-json\/wp\/v2\/posts"}],"about":[{"href":"https:\/\/webvasco.com\/artigos\/wp-json\/wp\/v2\/types\/post"}],"author":[{"embeddable":true,"href":"https:\/\/webvasco.com\/artigos\/wp-json\/wp\/v2\/users\/7"}],"replies":[{"embeddable":true,"href":"https:\/\/webvasco.com\/artigos\/wp-json\/wp\/v2\/comments?post=9008"}],"version-history":[{"count":4,"href":"https:\/\/webvasco.com\/artigos\/wp-json\/wp\/v2\/posts\/9008\/revisions"}],"predecessor-version":[{"id":9017,"href":"https:\/\/webvasco.com\/artigos\/wp-json\/wp\/v2\/posts\/9008\/revisions\/9017"}],"wp:featuredmedia":[{"embeddable":true,"href":"https:\/\/webvasco.com\/artigos\/wp-json\/wp\/v2\/media\/9010"}],"wp:attachment":[{"href":"https:\/\/webvasco.com\/artigos\/wp-json\/wp\/v2\/media?parent=9008"}],"wp:term":[{"taxonomy":"category","embeddable":true,"href":"https:\/\/webvasco.com\/artigos\/wp-json\/wp\/v2\/categories?post=9008"},{"taxonomy":"post_tag","embeddable":true,"href":"https:\/\/webvasco.com\/artigos\/wp-json\/wp\/v2\/tags?post=9008"}],"curies":[{"name":"wp","href":"https:\/\/api.w.org\/{rel}","templated":true}]}}