{"id":9019,"date":"2021-02-01T17:17:41","date_gmt":"2021-02-01T20:17:41","guid":{"rendered":"http:\/\/webvasco.com\/artigos\/?p=9019"},"modified":"2021-02-01T17:38:35","modified_gmt":"2021-02-01T20:38:35","slug":"prefeitura-do-rio-e-grupo-voluntario-se-reuniram-para-debaterem-demandas-relativas-ao-entorno-de-sj","status":"publish","type":"post","link":"https:\/\/webvasco.com\/artigos\/colunistas\/marcelopaiva\/prefeitura-do-rio-e-grupo-voluntario-se-reuniram-para-debaterem-demandas-relativas-ao-entorno-de-sj\/","title":{"rendered":"Prefeitura do Rio e Grupo Volunt\u00e1rio, se reuniram para debaterem demandas relativas ao Entorno de SJ"},"content":{"rendered":"<p>Nesta segunda-feira (01\/02\/2021), estiveram reunidos na Prefeitura Municipal do Rio de Janeiro os Srs. <strong>Leonardo Pav\u00e3o<\/strong> (<strong>Sub Prefeito\u00a0do Centro do Rio de Janeiro e do Bairro de S\u00e3o Crist\u00f3v\u00e3o<\/strong>, representando o <strong>Prefeito Eduardo Paes<\/strong>), o seu Assessor <strong>Lu\u00eds Gustavo<\/strong>, o Engenheiro Civil <strong>Marcelo Paiva<\/strong> (representando o <strong>Grupo Volunt\u00e1rio pela Revitaliza\u00e7\u00e3o do Entorno de S\u00e3o Janu\u00e1rio <\/strong>&#8211; doravante denominado<strong> GVRESJ<\/strong>) e <strong>Maur\u00edcio Mendes<\/strong> (<strong>Presidente da C\u00e2mara Comunit\u00e1ria do Bairro de S\u00e3o Crist\u00f3v\u00e3o<\/strong>, representando as lideran\u00e7as comerciais e autoridades do bairro e arredores), de modo a debaterem viabilidades para o entorno do Est\u00e1dio de S\u00e3o Janu\u00e1rio e o bairro de S\u00e3o Crist\u00f3v\u00e3o.<\/p>\n<p>&nbsp;<\/p>\n<p>Foram entregues ao Sub Prefeito: um documento de 76 p\u00e1ginas, composto de mat\u00e9rias jornal\u00edsticas sobre o entorno de S\u00e3o Janu\u00e1rio; Posicionamentos do Poder P\u00fablico relativos \u00e0quela\u00a0regi\u00e3o; Demandas t\u00e9cnicas necess\u00e1rias para viabilizar a acessibilidade e a mobilidade urbana naquela regi\u00e3o, esquecida h\u00e1 mais de setenta anos pelo pr\u00f3prio poder p\u00fablico; C\u00f3pia da peti\u00e7\u00e3o e protocolo de um abaixo-assinado eletr\u00f4nico entregue em Outubro de 2012, reivindicando \u00e0 Prefeitura do Rio de Janeiro a Revitaliza\u00e7\u00e3o do Entorno de S\u00e3o Janu\u00e1rio (o <strong>GVRESJ<\/strong>, atrav\u00e9s deste documento, representa 10.313 assinaturas).<\/p>\n<p>&nbsp;<\/p>\n<p>Na reuni\u00e3o lembramos a Prefeitura que at\u00e9 hoje n\u00e3o obtivemos uma resposta a respeito desta reivindica\u00e7\u00e3o.<\/p>\n<p>&nbsp;<\/p>\n<figure id=\"attachment_9023\" aria-describedby=\"caption-attachment-9023\" style=\"width: 300px\" class=\"wp-caption alignright\"><a href=\"https:\/\/webvasco.com\/artigos\/wp-content\/uploads\/2021\/02\/WhatsApp-Image-2021-02-01-at-15.18.04.jpeg\"><img loading=\"lazy\" decoding=\"async\" class=\"wp-image-9023 size-medium\" src=\"https:\/\/webvasco.com\/artigos\/wp-content\/uploads\/2021\/02\/WhatsApp-Image-2021-02-01-at-15.18.04-300x169.jpeg\" alt=\"\" width=\"300\" height=\"169\" srcset=\"https:\/\/webvasco.com\/artigos\/wp-content\/uploads\/2021\/02\/WhatsApp-Image-2021-02-01-at-15.18.04-300x169.jpeg 300w, https:\/\/webvasco.com\/artigos\/wp-content\/uploads\/2021\/02\/WhatsApp-Image-2021-02-01-at-15.18.04-150x84.jpeg 150w, https:\/\/webvasco.com\/artigos\/wp-content\/uploads\/2021\/02\/WhatsApp-Image-2021-02-01-at-15.18.04-768x432.jpeg 768w, https:\/\/webvasco.com\/artigos\/wp-content\/uploads\/2021\/02\/WhatsApp-Image-2021-02-01-at-15.18.04-1024x576.jpeg 1024w, https:\/\/webvasco.com\/artigos\/wp-content\/uploads\/2021\/02\/WhatsApp-Image-2021-02-01-at-15.18.04.jpeg 1280w\" sizes=\"auto, (max-width: 300px) 100vw, 300px\" \/><\/a><figcaption id=\"caption-attachment-9023\" class=\"wp-caption-text\">FOTO 1 (Imagem do Pr\u00e9dio da Prefeitura Municipal do Rio de Janeiro)<\/figcaption><\/figure>\n<p>Foi uma reuni\u00e3o pontual e conceitual para que o pr\u00f3prio Poder P\u00fablico tenha a ci\u00eancia das demandas necess\u00e1rias, as quais vir\u00e3o a corrigir os quesitos de <strong>Acessibilidade<\/strong> e <strong>Mobilidade Urbana<\/strong>, possibilitando abrir o potencial de investimentos habitacionais e comerciais nesta regi\u00e3o.<\/p>\n<p>&nbsp;<\/p>\n<p>Entre essas demandas est\u00e1 o cumprimento de um pr\u00e9-requisito para posterior amplia\u00e7\u00e3o\/moderniza\u00e7\u00e3o do Est\u00e1dio de S\u00e3o Janu\u00e1rio,\u00a0pertencente ao nosso amado Club de Regatas Vasco da Gama, cuja tratativa desta amplia\u00e7\u00e3o foi iniciada pela diretoria anterior, em Agosto de 2020, e que ser\u00e1 continuada pela nova administra\u00e7\u00e3o, empossada em Janeiro deste ano.<\/p>\n<p>&nbsp;<\/p>\n<figure id=\"attachment_9024\" aria-describedby=\"caption-attachment-9024\" style=\"width: 300px\" class=\"wp-caption alignleft\"><a href=\"https:\/\/webvasco.com\/artigos\/wp-content\/uploads\/2021\/02\/WhatsApp-Image-2021-02-01-at-15.20.20.jpeg\"><img loading=\"lazy\" decoding=\"async\" class=\"wp-image-9024 size-medium\" src=\"https:\/\/webvasco.com\/artigos\/wp-content\/uploads\/2021\/02\/WhatsApp-Image-2021-02-01-at-15.20.20-300x169.jpeg\" alt=\"\" width=\"300\" height=\"169\" srcset=\"https:\/\/webvasco.com\/artigos\/wp-content\/uploads\/2021\/02\/WhatsApp-Image-2021-02-01-at-15.20.20-300x169.jpeg 300w, https:\/\/webvasco.com\/artigos\/wp-content\/uploads\/2021\/02\/WhatsApp-Image-2021-02-01-at-15.20.20-150x84.jpeg 150w, https:\/\/webvasco.com\/artigos\/wp-content\/uploads\/2021\/02\/WhatsApp-Image-2021-02-01-at-15.20.20-768x432.jpeg 768w, https:\/\/webvasco.com\/artigos\/wp-content\/uploads\/2021\/02\/WhatsApp-Image-2021-02-01-at-15.20.20-1024x576.jpeg 1024w, https:\/\/webvasco.com\/artigos\/wp-content\/uploads\/2021\/02\/WhatsApp-Image-2021-02-01-at-15.20.20.jpeg 1280w\" sizes=\"auto, (max-width: 300px) 100vw, 300px\" \/><\/a><figcaption id=\"caption-attachment-9024\" class=\"wp-caption-text\">FOTO 2 (Entrada Principal da Prefeitura Municipal do RJ)<\/figcaption><\/figure>\n<p>Bons argumentos foram apresentados nesta reuni\u00e3o, onde a Prefeitura ir\u00e1 avaliar tais demandas e a reivindica\u00e7\u00e3o justa por parte do <strong>GVRESJ<\/strong>, cujo trabalho destes abnegados vasca\u00ednos completar\u00e1 dez anos de exist\u00eancia, neste ano de 2021.<\/p>\n<p>&nbsp;<\/p>\n<p>Vale ressaltar que nas 3 \u00faltimas Diretorias do CRVG, o <strong>GVRESJ<\/strong> esteve sempre presente com\u00a0as mesmas, apresentando este trabalho de excel\u00eancia para o Vasco da Gama. Infelizmente somente a \u00faltima administra\u00e7\u00e3o conseguiu avan\u00e7ar um pouco nesta quest\u00e3o vital para o clube e para a regi\u00e3o.<\/p>\n<p>&nbsp;<\/p>\n<figure id=\"attachment_9022\" aria-describedby=\"caption-attachment-9022\" style=\"width: 640px\" class=\"wp-caption alignnone\"><a href=\"https:\/\/webvasco.com\/artigos\/wp-content\/uploads\/2021\/02\/WhatsApp-Image-2021-02-01-at-14.28.30.jpeg\"><img loading=\"lazy\" decoding=\"async\" class=\"wp-image-9022 size-large\" src=\"https:\/\/webvasco.com\/artigos\/wp-content\/uploads\/2021\/02\/WhatsApp-Image-2021-02-01-at-14.28.30-1024x576.jpeg\" alt=\"\" width=\"640\" height=\"360\" srcset=\"https:\/\/webvasco.com\/artigos\/wp-content\/uploads\/2021\/02\/WhatsApp-Image-2021-02-01-at-14.28.30-1024x576.jpeg 1024w, https:\/\/webvasco.com\/artigos\/wp-content\/uploads\/2021\/02\/WhatsApp-Image-2021-02-01-at-14.28.30-150x84.jpeg 150w, https:\/\/webvasco.com\/artigos\/wp-content\/uploads\/2021\/02\/WhatsApp-Image-2021-02-01-at-14.28.30-300x169.jpeg 300w, https:\/\/webvasco.com\/artigos\/wp-content\/uploads\/2021\/02\/WhatsApp-Image-2021-02-01-at-14.28.30-768x432.jpeg 768w, https:\/\/webvasco.com\/artigos\/wp-content\/uploads\/2021\/02\/WhatsApp-Image-2021-02-01-at-14.28.30.jpeg 1280w\" sizes=\"auto, (max-width: 640px) 100vw, 640px\" \/><\/a><figcaption id=\"caption-attachment-9022\" class=\"wp-caption-text\">Foto 3 &#8211; webvasco.com &#8211; Sub Prefeito Leonardo Pav\u00e3o, seu Assessor Luis Gustavo, Eng\u00b0 Marcelo Paiva e Presidente Mauricio Mendes<\/figcaption><\/figure>\n<p>Ap\u00f3s esta reuni\u00e3o, aumentamos a nossa convic\u00e7\u00e3o perante ao meio vasca\u00edno de que este nobre prop\u00f3sito possa lograr \u00eaxito, visando o futuro do CRVG e desta regi\u00e3o carente de investimentos p\u00fablicos h\u00e1 sete d\u00e9cadas.<\/p>\n<p>&nbsp;<\/p>\n<figure id=\"attachment_9020\" aria-describedby=\"caption-attachment-9020\" style=\"width: 640px\" class=\"wp-caption alignnone\"><a href=\"https:\/\/webvasco.com\/artigos\/wp-content\/uploads\/2021\/02\/WhatsApp-Image-2021-02-01-at-14.15.28.jpeg\"><img loading=\"lazy\" decoding=\"async\" class=\"wp-image-9020 size-large\" src=\"https:\/\/webvasco.com\/artigos\/wp-content\/uploads\/2021\/02\/WhatsApp-Image-2021-02-01-at-14.15.28-1024x576.jpeg\" alt=\"\" width=\"640\" height=\"360\" srcset=\"https:\/\/webvasco.com\/artigos\/wp-content\/uploads\/2021\/02\/WhatsApp-Image-2021-02-01-at-14.15.28-1024x576.jpeg 1024w, https:\/\/webvasco.com\/artigos\/wp-content\/uploads\/2021\/02\/WhatsApp-Image-2021-02-01-at-14.15.28-150x84.jpeg 150w, https:\/\/webvasco.com\/artigos\/wp-content\/uploads\/2021\/02\/WhatsApp-Image-2021-02-01-at-14.15.28-300x169.jpeg 300w, https:\/\/webvasco.com\/artigos\/wp-content\/uploads\/2021\/02\/WhatsApp-Image-2021-02-01-at-14.15.28-768x432.jpeg 768w, https:\/\/webvasco.com\/artigos\/wp-content\/uploads\/2021\/02\/WhatsApp-Image-2021-02-01-at-14.15.28.jpeg 1280w\" sizes=\"auto, (max-width: 640px) 100vw, 640px\" \/><\/a><figcaption id=\"caption-attachment-9020\" class=\"wp-caption-text\">Foto 4 &#8211; webvasco.com &#8211; Engenheiro Marcelo Paiva e Sub Prefeito Leonardo Pav\u00e3o<\/figcaption><\/figure>\n<p>Ganhar\u00e3o os moradores locais, o Vasco da Gama, os trabalhadores que se movimentam nesta regi\u00e3o e a Cidade do Rio de Janeiro, com esta revitaliza\u00e7\u00e3o reivindicada.<\/p>\n<p>&nbsp;<\/p>\n<figure id=\"attachment_9021\" aria-describedby=\"caption-attachment-9021\" style=\"width: 640px\" class=\"wp-caption alignnone\"><a href=\"https:\/\/webvasco.com\/artigos\/wp-content\/uploads\/2021\/02\/WhatsApp-Image-2021-02-01-at-14.26.43.jpeg\"><img loading=\"lazy\" decoding=\"async\" class=\"wp-image-9021 size-large\" src=\"https:\/\/webvasco.com\/artigos\/wp-content\/uploads\/2021\/02\/WhatsApp-Image-2021-02-01-at-14.26.43-1024x576.jpeg\" alt=\"\" width=\"640\" height=\"360\" srcset=\"https:\/\/webvasco.com\/artigos\/wp-content\/uploads\/2021\/02\/WhatsApp-Image-2021-02-01-at-14.26.43-1024x576.jpeg 1024w, https:\/\/webvasco.com\/artigos\/wp-content\/uploads\/2021\/02\/WhatsApp-Image-2021-02-01-at-14.26.43-150x84.jpeg 150w, https:\/\/webvasco.com\/artigos\/wp-content\/uploads\/2021\/02\/WhatsApp-Image-2021-02-01-at-14.26.43-300x169.jpeg 300w, https:\/\/webvasco.com\/artigos\/wp-content\/uploads\/2021\/02\/WhatsApp-Image-2021-02-01-at-14.26.43-768x432.jpeg 768w, https:\/\/webvasco.com\/artigos\/wp-content\/uploads\/2021\/02\/WhatsApp-Image-2021-02-01-at-14.26.43.jpeg 1280w\" sizes=\"auto, (max-width: 640px) 100vw, 640px\" \/><\/a><figcaption id=\"caption-attachment-9021\" class=\"wp-caption-text\">Foto 5 &#8211; webvasco.com &#8211; Presidente da C\u00e2mara Comunit\u00e1ria de S\u00e3o Crist\u00f3v\u00e3o, Maur\u00edcio Mendes e Sub Prefeito Leonardo Pav\u00e3o<\/figcaption><\/figure>\n<p>&nbsp;<\/p>\n<p>Como resultado pr\u00e1tico desta reuni\u00e3o, o Sub Prefeito do Centro do Rio e do Bairro de S\u00e3o Crist\u00f3v\u00e3o, Sr. Leonardo Pav\u00e3o, nos posicionou a dificuldade financeira atual do Munic\u00edpio e da \u00e9poca atual de exce\u00e7\u00e3o em virtude da Pandemia da Covid-19, mas mesmo assim ir\u00e1 apreciar o material deixado pelo <strong>GVRESJ<\/strong>, assim como os argumentos apresentados nesta reuni\u00e3o de modo a fazer uma profunda avalia\u00e7\u00e3o destas demandas, para posteriormente apresentar as mesmas ao Prefeito do Rio de Janeiro, Sr Eduardo Paes.<\/p>\n<p>&nbsp;<\/p>\n<p>Afinal o Club de Regatas Vasco da Gama &#8211;\u00a0<strong>CRVG<\/strong> \u00e9 um &#8220;\u00cdcone&#8221; local e tais esfor\u00e7os conjuntos, atrav\u00e9s de Vontade Pol\u00edtica de ambas as partes, TRAR\u00c3O BENEF\u00cdCIOS TAMB\u00c9M CONJUNTOS a toda essa regi\u00e3o.<\/p>\n<p>&nbsp;<\/p>\n<p>Foi combinado com a C\u00e2mara de S\u00e3o Crist\u00f3v\u00e3o que em breve a Prefeitura ir\u00e1 ouvir outras demandas necess\u00e1rias ao Bairro Imperial de S\u00e3o Crist\u00f3v\u00e3o com Moradores, Comerciantes, Autoridades da Regi\u00e3o e os diversos \u00edcones do Bairro em uma nova reuni\u00e3o a ser marcada em breve no pr\u00f3prio Bairro.<\/p>\n<p>&nbsp;<\/p>\n<p>Concluindo, o Grupo Volunt\u00e1rio pela Revitaliza\u00e7\u00e3o do Entorno de S\u00e3o Janu\u00e1rio &#8211; <strong>GVRESJ<\/strong>, a convite da nova diretoria do Club de Regatas Vasco da Gama &#8211; <strong>CRVG<\/strong>, se encontrar\u00e3o em breve para uma reuni\u00e3o de modo a colaborar com a expertise deste prop\u00f3sito.<\/p>\n<p>&nbsp;<\/p>\n<p>Sauda\u00e7\u00f5es Vasca\u00ednas!<\/p>\n<p>&nbsp;<\/p>\n<p><strong>EM TEMPO:<\/strong> Para maiores informa\u00e7\u00f5es deste prop\u00f3sito, leiam uma coluna do\u00a0Marcelo Paiva na <strong>webvasco.com<\/strong> com detalhes inerentes as\u00a0Linhas\u00a0de A\u00e7\u00f5es realizadas pelo Grupo Volunt\u00e1rio, assim como afirmativas comprovadas com os respectivos links.<\/p>\n<p>Confiram em:\u00a0<a href=\"https:\/\/webvasco.com\/artigos\/colunistas\/marcelopaiva\/argumentos-sobre-a-revitalizao-do-entorno-de-sj-ou-a-reivindicamos-imediatamente-ou-a-perderemos-para-sempre\/\">https:\/\/webvasco.com\/artigos\/colunistas\/marcelopaiva\/argumentos-sobre-a-revitalizao-do-entorno-de-sj-ou-a-reivindicamos-imediatamente-ou-a-perderemos-para-sempre\/<\/a><\/p>\n<p>&nbsp;<\/p>\n","protected":false},"excerpt":{"rendered":"<p>Nesta segunda-feira (01\/02\/2021), estiveram reunidos na Prefeitura Municipal do Rio de Janeiro os Srs. Leonardo&#8230;<\/p>\n","protected":false},"author":1,"featured_media":9024,"comment_status":"open","ping_status":"closed","sticky":false,"template":"","format":"standard","meta":{"footnotes":""},"categories":[16],"tags":[],"class_list":["post-9019","post","type-post","status-publish","format-standard","has-post-thumbnail","hentry","category-marcelopaiva"],"_links":{"self":[{"href":"https:\/\/webvasco.com\/artigos\/wp-json\/wp\/v2\/posts\/9019","targetHints":{"allow":["GET"]}}],"collection":[{"href":"https:\/\/webvasco.com\/artigos\/wp-json\/wp\/v2\/posts"}],"about":[{"href":"https:\/\/webvasco.com\/artigos\/wp-json\/wp\/v2\/types\/post"}],"author":[{"embeddable":true,"href":"https:\/\/webvasco.com\/artigos\/wp-json\/wp\/v2\/users\/1"}],"replies":[{"embeddable":true,"href":"https:\/\/webvasco.com\/artigos\/wp-json\/wp\/v2\/comments?post=9019"}],"version-history":[{"count":12,"href":"https:\/\/webvasco.com\/artigos\/wp-json\/wp\/v2\/posts\/9019\/revisions"}],"predecessor-version":[{"id":9036,"href":"https:\/\/webvasco.com\/artigos\/wp-json\/wp\/v2\/posts\/9019\/revisions\/9036"}],"wp:featuredmedia":[{"embeddable":true,"href":"https:\/\/webvasco.com\/artigos\/wp-json\/wp\/v2\/media\/9024"}],"wp:attachment":[{"href":"https:\/\/webvasco.com\/artigos\/wp-json\/wp\/v2\/media?parent=9019"}],"wp:term":[{"taxonomy":"category","embeddable":true,"href":"https:\/\/webvasco.com\/artigos\/wp-json\/wp\/v2\/categories?post=9019"},{"taxonomy":"post_tag","embeddable":true,"href":"https:\/\/webvasco.com\/artigos\/wp-json\/wp\/v2\/tags?post=9019"}],"curies":[{"name":"wp","href":"https:\/\/api.w.org\/{rel}","templated":true}]}}