{"id":902,"date":"2014-07-23T13:23:13","date_gmt":"2014-07-23T16:23:13","guid":{"rendered":"http:\/\/webvasco.com\/artigos\/?p=902"},"modified":"2014-07-23T13:32:49","modified_gmt":"2014-07-23T16:32:49","slug":"edmundo-afaga-dinamite-e-eurico-mas-diz-no-podia-ficar-na-mesmice","status":"publish","type":"post","link":"https:\/\/webvasco.com\/artigos\/colunistas\/marcus-simonini\/edmundo-afaga-dinamite-e-eurico-mas-diz-no-podia-ficar-na-mesmice\/","title":{"rendered":"Edmundo afaga Dinamite e Eurico, mas diz: &quot;N&atilde;o podia ficar na mesmice&quot;"},"content":{"rendered":"<div>\n<div dir='ltr'><strong><font size=\"4\" style=\"font-size: 16pt;\">Edmundo afaga Dinamite e  Eurico, mas diz: &#8220;N\u00e3o podia ficar na mesmice&#8221;<\/font><\/strong><\/p>\n<div>\n<h2 align=\"justify\" class=\"ecxmateria-titulo\"><font color=\"#808080\">Com candidato nas elei\u00e7\u00f5es do Vasco, ex-jogador evita as cr\u00edticas  a atual presidente, elogia ex-dirigente e revela que faria parte de um comit\u00ea  gestor em eventual mandato<\/font><\/h2>\n<div align=\"justify\" class=\"ecxmateria-assinatura\">\n<p class=\"ecxvcard ecxauthor\"><strong><font color=\"#0000ff\">Por Raphael Zarko | <span class=\"ecxadr\"><span class=\"ecxlocality\">Rio de  Janeiro<\/span><\/span><\/font><\/strong><\/p>\n<\/div>\n<div align=\"justify\" class=\"ecxmateria-assinatura-letra\">\n<div style=\"top: -10000px; width: 0px; height: 0px; position: absolute;\">\n<div><\/div>\n<\/div>\n<\/div>\n<div align=\"justify\" class=\"ecxmateria-assinatura-letra\">\n<div style=\"top: -10000px; width: 0px; height: 0px; position: absolute;\">\n<div><\/div>\n<\/div>\n<\/div>\n<div align=\"justify\" class=\"ecxmateria-assinatura-letra\"><\/div>\n<div align=\"justify\" class=\"ecxbotao-comentarios\"><a title=\"Comente\" class=\"ecxlistar-comentarios-topo ecxbotao-listar-comentarios\" href=\"http:\/\/globoesporte.globo.com\/futebol\/times\/vasco\/noticia\/2014\/07\/edmundo-afaga-dinamite-e-eurico-mas-diz-nao-podia-ficar-na-mesmice.html#\" target=\"_blank\"><\/a><\/div>\n<div align=\"justify\" class=\"ecxcorpo-conteudo\">\n<div class=\"ecxfoto ecxcomponente-conteudo\" id=\"ecx4944d5eb-7c70-78d5-a579-0e56d424bc21\" style=\"width: 300px;\"><img loading=\"lazy\" decoding=\"async\" width=\"300\" height=\"297\" title=\"Edmundo post (Foto: Reprodu\u00e7\u00e3o \/ Instagram)\" alt=\"Edmundo post (Foto: Reprodu\u00e7\u00e3o \/ Instagram)\" src=\"http&#58;\/\/s2.glbimg.com\/ylLRSJvTsU3q1Hx4OaoWPsuUyzI&#61;\/0x0&#58;690x682\/300x297\/s.glbimg.com\/es\/ge\/f\/original\/2014\/06\/20\/edmundo_inst.jpg\"\/><font color=\"#800000\">Edmundo espera apoio de Juninho e  Felipe para elei\u00e7\u00f5es do Vasco (Foto: Reprodu\u00e7\u00e3o \/ Instagram)<\/font><\/div>\n<p> &nbsp;<br \/>A possibilidade de um outro ex-jogador e \u00eddolo virar dirigente do clube mexe  com os torcedores do Vasco. H\u00e1 quem comemore a nova alternativa na vida pol\u00edtica  do clube, mas tamb\u00e9m h\u00e1 muitos outros que lamentam a possibilidade de ver mais  um \u00eddolo colocando \u00e0 prova sua imagem fora das quatro linhas.&nbsp;Depois de  seis anos de Roberto Dinamite, <span class=\"ecxsemantica-autolink-topico-tip\"><a class=\"ecxlink-do-autolink-semantico\" href=\"http:\/\/globoesporte.globo.com\/atleta\/edmundo.html\" target=\"_blank\"><strong><font color=\"#3ea909\">Edmundo<\/font><\/strong><\/a><\/span> se arrisca ao entrar na vida  pol\u00edtica do clube de S\u00e3o Janu\u00e1rio. O atual mandat\u00e1rio conquistou uma Copa do  Brasil, mas ficou marcado e desgastado com dois rebaixamentos em cinco anos. Mas  nem por isso Edmundo se preocupa e pensa em tirar o time de campo \u00e0s v\u00e9speras de  os vasca\u00ednos irem \u00e0s urnas para escolher uma nova gest\u00e3o.<\/p>\n<p> \u2013&nbsp;J\u00e1 ouvi de tudo. Mas a minha vida n\u00e3o foi de omiss\u00e3o, nunca. Sempre  foi de a\u00e7\u00e3o, de combater aquilo que entendo que n\u00e3o est\u00e1 certo ou outra coisa  que vejo que pode melhorar&nbsp;\u2013 diz Edmundo, hoje comentarista de futebol na  TV Bandeirantes.<\/p>\n<p> Com um pouco da l\u00edngua afiada dos tempos de jogador, mas tamb\u00e9m politicamente  correto em elogios ao amigo e advers\u00e1rio do seu grupo pol\u00edtico Eurico Miranda e  a Roberto Dinamite, o ex-atleta conta que descobriu um mundo novo quando passou  a estudar a gest\u00e3o de clubes, o que tornou sendo o embri\u00e3o para a ideia de  montar um grupo pol\u00edtico e disputar as elei\u00e7\u00f5es vasca\u00ednas que est\u00e3o marcadas  para o dia 6 de agosto. Para ele, o clube perdeu chances de ouro de crescer na  gest\u00e3o Dinamite. E n\u00e3o pode mais tentar solu\u00e7\u00f5es que considera ultrapassadas.  <\/p>\n<p> Em entrevista por telefone ao GloboEsporte.com na tarde desta ter\u00e7a, Edmundo  falou de Julio Brant, candidato da chapa Sempre Vasco, disse que espera apoio de  outros \u00eddolos e pessoas influentes do clube e que espera contribuir para que o  Vasco viva dias melhores. <\/p>\n<p> \u2013&nbsp;Clube de futebol \u00e9 mais importante que amigo e mulher. Mulher quando  trai, a gente troca. Amigo quando faz sacanagem, a gente deixa de falar. Mas  time de futebol pode cair, pode perder, o que for, que a gente continua fiel a  ele&nbsp;\u2013 compara o ex-jogador.<\/p>\n<p> <strong>GloboEsporte.com: Voc\u00ea aparece como uma novidade de \u00faltima hora nesse  processo eleitoral do Vasco. Como surgiu essa vontade de se meter na vida  pol\u00edtica e tentar entrar como novo dirigente do Vasco?&nbsp;<\/strong><\/p>\n<p> <strong>Edmundo<\/strong>: Isso come\u00e7ou com um grupo de vasca\u00ednos que gostam  do clube e tiveram a ideia de fazer um curso e mergulhar no universo do Vasco  para ver qual era a real situa\u00e7\u00e3o do clube. Estudamos n\u00fameros, alternativas e  descobrimos que se fic\u00e1ssemos parados, o clube teria mais dificuldade do que j\u00e1  est\u00e1 tendo, com perspectivas pequenas. Essa iniciativa come\u00e7ou a tomar corpo,  foram entrando pessoas mais influentes, com novas ideias e novos projetos.  Sempre tive uma gratid\u00e3o enorme pelo Vasco, sempre quis fazer alguma coisa para  ajudar. Para isso tinha que entender a situa\u00e7\u00e3o. Fiz ent\u00e3o um curso de gest\u00e3o,  depois outro, e montamos um grupo de estudo. No primeiro momento n\u00e3o havia cunho  pol\u00edtico. As pessoas queriam que eu ficasse \u00e0 frente, mas em fun\u00e7\u00e3o do meu  trabalho na TV eu sempre relutava. <\/p>\n<div class=\"ecxfrase-materia ecxcomponente-conteudo ecxexpandido\" id=\"ecx940c8a27-089e-806a-2f76-6fb4ffa0c801\">\n<div class=\"ecxfrase\"><strong><em><font color=\"#0000ff\">&#8220;Mulher trai, a gente troca.  Amigo se faz uma sacanagem, a gente deixa de falar. Mas time pode cair, perder,  que a gente continua fiel a ele&#8221; <br \/><\/font><\/em><\/strong><\/div>\n<div class=\"ecxautor\"><strong><font color=\"#0000ff\">Edmundo<\/font><\/strong><\/div>\n<\/div>\n<p> Mas chegou um ponto que entendemos que, se n\u00e3o fiz\u00e9ssemos nada, o clube teria  mais dificuldade ainda. Recentemente anteciparam receitas, o clube n\u00e3o tem mais  nada para receber da Ferj porque j\u00e1 pegou a grana, ent\u00e3o pensamos: onde isso vai  parar? \u00c9 uma falta de responsabilidade muito grande. N\u00e3o queremos que nosso  clube acabe, que passe mais dificuldade ainda. Clube de futebol \u00e9 mais  importante que amigo, que mulher. Mulher trai, a gente troca. Amigo se faz uma  sacanagem, a gente deixa de falar. Mas time pode cair, perder que a gente  continua fiel a ele. Descobrimos que n\u00e3o pod\u00edamos ficar na mesmice e come\u00e7amos a  montar um grupo totalmente fora da pol\u00edtica do Vasco.<\/p>\n<p> <strong>Numa eventual gest\u00e3o desse grupo, qual seria sua participa\u00e7\u00e3o?  Assumiria uma vice-presid\u00eancia do clube?<\/strong><\/p>\n<p> N\u00e3o seria vice-presidente. Far\u00edamos um comit\u00ea de gest\u00e3o. O curso nos mostrou  isso, que vendo de fora podemos decidir qual melhor caminho a ser resolvido. Mas  hoje eu s\u00f3 dou apoio. Por meu nome ser mais conhecido, claro que as pessoas  acabam tendo maior acesso comigo. Mas vou continuar na TV, \u00e9 importante deixar  isso bem claro. Sou s\u00f3 um vasca\u00edno apaixonado que quer ajudar o clube. Temos  projetos enormes e uma vontade de revolucionar a hist\u00f3ria do Vasco, de fazer  diferente do que foi feito at\u00e9 aqui. Queremos buscar parcerias, construir arena,  tornar o (programa) s\u00f3cio-torcedor um dos maiores no cen\u00e1rio brasileiro. S\u00e3o  sonhos, projetos, metas que tra\u00e7amos, que desenhamos e queremos colocar em  pr\u00e1tica.&nbsp;<br \/>&nbsp;<br \/>&nbsp; <\/p>\n<div class=\"ecxfoto ecxcomponente-conteudo\" id=\"ecx8fc091c5-eec6-bd22-a75c-f0eef74c1066\" style=\"width: 300px;\"><font color=\"#800000\"><img loading=\"lazy\" decoding=\"async\" width=\"300\" height=\"163\" title=\"Edmundo e Julio Brant chapa Vasco da Gama campanha (Foto: Divulga\u00e7\u00e3o)\" alt=\"Edmundo e Julio Brant chapa Vasco da Gama campanha (Foto: Divulga\u00e7\u00e3o)\" src=\"http&#58;\/\/s2.glbimg.com\/q5Lx-n5IW9KMMfsvcuKOv72gy98&#61;\/0x0&#58;689x374\/300x163\/s.glbimg.com\/es\/ge\/f\/original\/2014\/07\/22\/edmundo_vasco_chapa_div_95.jpg\"\/>Com a imagem do ex-craque, Julio Brant vai para o confronto  nas elei\u00e7\u00f5es do Vasco (Foto: Divulga\u00e7\u00e3o)<\/font><br \/><font color=\"#800000\"><\/font>&nbsp;<br \/><font color=\"#800000\"><\/font>&nbsp;<\/div>\n<p> <strong>Como chegaram ao nome do Julio Brant para ser o escolhido a concorrer  \u00e0 presid\u00eancia?<\/strong><\/p>\n<p> Ele tomou conhecimento atrav\u00e9s da imprensa de que t\u00ednhamos um grupo que fazia  curso de gest\u00e3o, a\u00ed nos procurou. Ele se incorporou ao grupo. Trouxe ideias  novas, de como captar recursos para o clube, da possibilidade de construir  arenas, que s\u00e3o um gerador de receitas. No primeiro momento ele s\u00f3 fazia parte  do grupo. Quando come\u00e7amos a pensar no nome, procuramos o Jorge Salgado, o  Fernando Horta, o Olavo Monteiro de Carvalho. Tivemos mais de dez conversas com  todas essas pessoas. Eles acenavam com a possibilidade de virem candidatos, como  cabe\u00e7a dessa chapa. Por um motivo ou outro acabaram saindo e colocaram quest\u00f5es  pessoais que a gente n\u00e3o questiona. Ent\u00e3o olhamos para dentro do grupo e nos  apoiamos em pesquisas que apontavam o que o torcedor do Vasco espera: um nome  sem ran\u00e7o com a pol\u00edtica, que seja jovem, empreendedor. Come\u00e7amos a perceber que  o Julio, dentro do dia a dia, era mais incisivo, trazia ideias novas e chegamos  ao consenso de que ele seria a pessoa mais indicada.<\/p>\n<p> <strong>Houve conversas com ex-jogadores, o Felipe, o Pedrinho, o Juninho e o  Carlos Germano? Eles est\u00e3o juntos com voc\u00ea nessa iniciativa?<\/strong><\/p>\n<p> Conversei com todos eles. N\u00e3o pedi apoio nem convenci ningu\u00e9m. Mostrei o  projeto, as nossas inten\u00e7\u00f5es, e todos eles foram bem contundentes, disseram que  estariam comigo nesse processo de melhora e de revitaliza\u00e7\u00e3o do clube que  amamos. S\u00f3 que cada um tem sua atividade. O \u00fanico que est\u00e1 sem nenhuma \u00e9 o  Felipe, que tem os neg\u00f3cios dele. O Pedrinho trabalha comigo na TV, o Germano  est\u00e1 dentro do clube, \u00e9 situa\u00e7\u00e3o. No momento oportuno vai se manifestar. Essa  semana vou falar com o Juninho e vou ver o que ele quer. Nas vezes que encontrei  com ele na Copa, ele se mostrou do nosso lado.<\/p>\n<p> <strong>Com rela\u00e7\u00e3o ao apoio de outras pessoas mais antigas do clube. Muito  se falou anteriormente que o Olavo, o pr\u00f3prio Salgado e Horta estariam com  voc\u00eas&#8230;<\/strong><\/p>\n<p> Nosso projeto foi apresentado para todos eles, que ficaram bem impressionados  com nossas ideias e disseram que nos apoiariam. Mas foi no foro \u00edntimo.  Publicamente quem tem que dizer s\u00e3o os pr\u00f3prios. N\u00e3o entendo de pol\u00edtica, n\u00e3o  sou envolvido nisso e nem sei como agir. A minha palavra eu dou, reafirmo e  confirmo. Pode ser que tenham se apalavrado com outros ou que tenham escutado  outros para se posicionar. <\/p>\n<div class=\"ecxfoto ecxcomponente-conteudo\" id=\"ecxa34533a4-873a-4a5c-9f60-0ee4106fdc0e\" style=\"width: 690px;\"><img loading=\"lazy\" decoding=\"async\" width=\"690\" height=\"436\" title=\"Roberto Dinamite, Aldo Rebello e Eurico Miranda no Vasco (Foto: Felippe Costa)\" alt=\"Roberto Dinamite, Aldo Rebello e Eurico Miranda no Vasco (Foto: Felippe Costa)\" src=\"http&#58;\/\/s2.glbimg.com\/A0CE1Jv5YuQy3eY3K-Ua1OgmkuU&#61;\/0x0&#58;1500x948\/690x436\/s.glbimg.com\/es\/ge\/f\/original\/2013\/02\/20\/robertodinamite_aldorebello_euricomiranda_felippecosta_15.jpg\"\/><font color=\"#800000\">Dinamite, Aldo Rebelo e Eurico: Edmundo  evita cr\u00edticas a atual presidente e diz que tem \u00f3tima rela\u00e7\u00e3o com ex-presidente  do Vasco, embora aponte diverg\u00eancias de vis\u00f5es e ideias para o futuro do clube  (Foto: Felippe Costa)<\/font><\/div>\n<p> <font face=\"Arial\" size=\"2\"><\/font><font face=\"Arial\" size=\"2\"><\/font><font face=\"Arial\" size=\"2\"><\/font><font face=\"Arial\" size=\"2\"><\/font><font face=\"Arial\" size=\"2\"><\/font><\/p>\n<p> <strong>Voc\u00ea sempre se deu bem com Eurico, que hoje \u00e9 candidato a voltar a  presidir o Vasco. Houve tentativa de apoio ou aproxima\u00e7\u00e3o nesse sentido nessas  elei\u00e7\u00f5es?<\/strong><\/p>\n<p> Continuo me dando muito bem com ele. Gosto muito do Eurico. Ele teve papel  fundamental e muito importante na hist\u00f3ria do Vasco. Mas a gente entende que a  solu\u00e7\u00e3o do futebol brasileiro, n\u00e3o s\u00f3 do Vasco, passa por reformula\u00e7\u00e3o total, de  ideias novas, de projetos. N\u00e3o adianta pensar nas solu\u00e7\u00f5es de antigamente. Os  clubes j\u00e1 viveram do dinheiro da renda de jogos. Hoje isso \u00e9 imposs\u00edvel. (O  clube) vivia (do dinheiro) da TV, hoje tamb\u00e9m \u00e9 imposs\u00edvel. Tem que trabalhar  marketing, tem a venda de jogador, claro, mas tem s\u00f3cio-torcedor, um emaranhado  de recursos que s\u00e3o necess\u00e1rios para tocar o clube. Isso requer delegar poderes,  com cada um na sua \u00e1rea, fazer centro de custo para que todos fa\u00e7am capta\u00e7\u00e3o boa  e tragam dinheiro para os clubes. <\/p>\n<div class=\"ecxfrase-materia ecxcomponente-conteudo ecxexpandido\" id=\"ecxc1915f6d-4d46-35b4-e952-790c5e457b5c\">\n<div class=\"ecxfrase\"><strong><font color=\"#0000ff\"><em>&#8220;Eurico n\u00e3o acredita em  marketing, em s\u00f3cio-torcedor, acha que Vasco tem o melhor est\u00e1dio do mundo, mas  n\u00e3o \u00e9 verdade. S\u00e3o Janu\u00e1rio precisa de reforma, de  estrutura\u00e7\u00e3o&#8221;<br \/><\/em>Edmundo<\/font><\/strong><\/div>\n<\/div>\n<p> Hoje, os sal\u00e1rios s\u00e3o astron\u00f4micos e a conta n\u00e3o fecha. Doutor Eurico \u00e9 uma  pessoa maravilhosa, sabe para caramba de futebol, de Vasco, mas divergimos em  algumas coisas. Ele n\u00e3o acredita em marketing, em s\u00f3cio-torcedor, acha que o  Vasco tem melhor est\u00e1dio do mundo, mas n\u00e3o \u00e9 verdade. S\u00e3o Janu\u00e1rio precisa de  reforma, de estrutura\u00e7\u00e3o. Hoje o p\u00fablico \u00e9 mais exigente. Nas conversas que tive  com ele, vimos que temos ideias diferentes, at\u00e9 pela minha idade, pelo que  estudei, pelo que vi. Ele pensa diferente. Por isso conheci outras pessoas que  t\u00eam cabe\u00e7a parecida com a minha e acabamos formando esse grupo. <\/p>\n<p> <strong>Muita gente fala que se trata de uma nova aventura, um ex-jogador, um  \u00eddolo, como foi Roberto Dinamite, vir aparecer na vida pol\u00edtica e administrativa  do clube. Como v\u00ea essa quest\u00e3o? N\u00e3o teme que fique com a imagem t\u00e3o desgastada  quanto a do atual presidente?<\/strong><\/p>\n<p> Ah, j\u00e1 ouvi de tudo um pouco. Mas minha vida nunca foi de omiss\u00e3o, sempre foi  de a\u00e7\u00e3o, de combater aquilo que entendo que n\u00e3o est\u00e1 certo ou aquilo que entendo  que posso melhorar. Adoro o Roberto (Dinamite), n\u00e3o sei quais exatamente foram  os problemas que ele teve. Mas acredito que quando se arrega\u00e7a as mangas e vai  para a rua trabalhar, corre atr\u00e1s, as coisas acontecem. Acho que o Vasco perdeu  as melhores oportunidades do mundo nesses \u00faltimos seis anos. Tivemos Pan, Copa  das Confedera\u00e7\u00f5es, Copa do Mundo, teremos Olimp\u00edadas, temos um est\u00e1dio pr\u00f3prio  muito bem localizado. Um prefeito (Eduardo Paes), um ex-governador (Sergio  Cabral) e o ex-presidente Lula que s\u00e3o Vasco. Se voc\u00ea arrega\u00e7a a manga, vai e  apresenta projetos, voc\u00ea consegue fazer o Vasco mais forte. N\u00e3o estou aqui para  criticar o Roberto, mas ele teve a chance dele, e espero que a sua imagem de  \u00eddolo n\u00e3o fique t\u00e3o arranhada. Mas como administrador ele n\u00e3o fez o Vasco  grande. Eu n\u00e3o tenho esse receio. Fui estudar e hoje sou completamente diferente  do que era quando parei de jogar, principalmente em termos de conhecimento. Vivi  futebol a minha vida inteira, mas percebi que n\u00e3o sabia nada quando comecei a  estudar. Ainda tenho muita coisa a aprender, e isso me deu motiva\u00e7\u00e3o para poder  entrar mais de cabe\u00e7a nisso tudo.<br \/>&nbsp;<br \/> <strong><font color=\"#800000\" size=\"4\">FONTE:<\/font><\/strong> <a href=\"http:\/\/globoesporte.globo.com\/futebol\/times\/vasco\/noticia\/2014\/07\/edmundo-afaga-dinamite-e-eurico-mas-diz-nao-podia-ficar-na-mesmice.html\" target=\"_blank\"><\/a><a href=\"http:\/\/globoesporte.globo.com\/futebol\/times\/vasco\/noticia\/2014\/07\/edmundo-afaga-dinamite-e-eurico-mas-diz-nao-podia-ficar-na-mesmice.html\" >http:\/\/globoesporte.globo.com\/futebol\/times\/vasco\/noticia\/2014\/07\/edmundo-afaga-dinamite-e-eurico-mas-diz-nao-podia-ficar-na-mesmice.html<\/a><\/div>\n<\/div><\/div>\n<\/div>\n<p><\/p>\n","protected":false},"excerpt":{"rendered":"<p>Edmundo afaga Dinamite e Eurico, mas diz: &#8220;N\u00e3o podia ficar na mesmice&#8221; Com candidato nas&#8230;<\/p>\n","protected":false},"author":8,"featured_media":261,"comment_status":"open","ping_status":"closed","sticky":false,"template":"","format":"standard","meta":{"footnotes":""},"categories":[6],"tags":[],"class_list":["post-902","post","type-post","status-publish","format-standard","has-post-thumbnail","hentry","category-marcus-simonini"],"_links":{"self":[{"href":"https:\/\/webvasco.com\/artigos\/wp-json\/wp\/v2\/posts\/902","targetHints":{"allow":["GET"]}}],"collection":[{"href":"https:\/\/webvasco.com\/artigos\/wp-json\/wp\/v2\/posts"}],"about":[{"href":"https:\/\/webvasco.com\/artigos\/wp-json\/wp\/v2\/types\/post"}],"author":[{"embeddable":true,"href":"https:\/\/webvasco.com\/artigos\/wp-json\/wp\/v2\/users\/8"}],"replies":[{"embeddable":true,"href":"https:\/\/webvasco.com\/artigos\/wp-json\/wp\/v2\/comments?post=902"}],"version-history":[{"count":0,"href":"https:\/\/webvasco.com\/artigos\/wp-json\/wp\/v2\/posts\/902\/revisions"}],"wp:featuredmedia":[{"embeddable":true,"href":"https:\/\/webvasco.com\/artigos\/wp-json\/wp\/v2\/media\/261"}],"wp:attachment":[{"href":"https:\/\/webvasco.com\/artigos\/wp-json\/wp\/v2\/media?parent=902"}],"wp:term":[{"taxonomy":"category","embeddable":true,"href":"https:\/\/webvasco.com\/artigos\/wp-json\/wp\/v2\/categories?post=902"},{"taxonomy":"post_tag","embeddable":true,"href":"https:\/\/webvasco.com\/artigos\/wp-json\/wp\/v2\/tags?post=902"}],"curies":[{"name":"wp","href":"https:\/\/api.w.org\/{rel}","templated":true}]}}