{"id":903,"date":"2014-07-23T16:28:47","date_gmt":"2014-07-23T19:28:47","guid":{"rendered":"http:\/\/webvasco.com\/artigos\/?p=903"},"modified":"2014-07-23T16:37:04","modified_gmt":"2014-07-23T19:37:04","slug":"alm-de-edmundo-julio-brant-pode-ter-apoio-de-outros-dolos-do-vasco","status":"publish","type":"post","link":"https:\/\/webvasco.com\/artigos\/colunistas\/marcus-simonini\/alm-de-edmundo-julio-brant-pode-ter-apoio-de-outros-dolos-do-vasco\/","title":{"rendered":"Al&eacute;m de Edmundo, Julio Brant pode ter apoio de outros &iacute;dolos do Vasco"},"content":{"rendered":"<div>\n<div dir='ltr'>ASSOCIADO VASCA\u00cdNO, VOC\u00ca N\u00c3O QUER MAIS POL\u00cdTICOS NO VASCO? VOC\u00ca QUER DEMOCRACIA E DIREITO DE PARTICIPAR DA VIDA SOCIAL E POL\u00cdTICA DO NOSSO CLUBE? VOC\u00ca QUER RENOVA\u00c7\u00c3O, GEST\u00c3O EMPRESARIAL E PROFISSIONAL, PROJETOS PARA O CLUBE E PARA O ASSOCIADO? <br \/>&nbsp;<br \/>PARA MUDAR GERAL E O VASCO ENTRAR NO FUTEBOL DO S\u00c9CULO XXI, VOTE NA CHAPA SEMPRE VASCO! VOTE JULIO BRANT!<br \/>&nbsp;&nbsp;&nbsp;&nbsp;&nbsp;&nbsp;&nbsp;&nbsp; <br \/><!-- \n\n<div class=\"bb-tu\">         MODULE:LANLanceTeamizedOutrosLancesMO     <\/div>\n\n --><strong>Pedrinho, Felipe, Juninho e Carlos Germarno podem ajudar a chapa &#8220;Sempre Vasco&#8221; a gerir o clube<\/strong><\/p>\n<div class=\"bb-gl\">\n<div class=\"bb-gu first\">\n<div class=\"bb-md bb-md-article bb-md-article-body\">\n<div class=\"hd\">\n<p class=\"title\">&nbsp;<\/p>\n<p class=\"title\">Por <span class=\"sat\">Alexandre Ara\u00fajo e Daniel Guimar\u00e3es <\/span> &#8211;  <span><span>22\/07\/2014&nbsp;<\/span><\/span><\/p>\n<p class=\"title\">&nbsp;&nbsp;&nbsp;&nbsp;&nbsp;&nbsp;&nbsp;&nbsp;&nbsp;&nbsp;&nbsp;&nbsp;&nbsp;&nbsp;&nbsp;&nbsp;&nbsp;&nbsp;&nbsp;&nbsp;&nbsp;&nbsp;&nbsp;&nbsp;&nbsp;\t<\/p>\n<\/div>\n<div class=\"bd\">\n<div class=\"mt news-body\">\n<div class=\"imagem-nota right\"><span class=\"holder\" style=\"width: 302px; display: block;\"><a title=\"Julio Brant iniciou campanha no \u00faltimo s\u00e1bado ao lado de Edmundo (Foto: Reprodu\u00e7\u00e3o)\" href=\"http:\/\/www.lancenet.com.br\/fotos\/Edmundo-Julio-Brant-Vasco-Reproducao_LANIMA20140721_0135_25.jpg#650x600\" rel=\"lightbox\"><img loading=\"lazy\" decoding=\"async\" width=\"302\" height=\"226\" class=\"kalooga_11276\" style=\"cursor: pointer;\" alt=\"Edmundo e Julio Brant - Vasco (Foto: Reprodu\u00e7\u00e3o)\" src=\"http:\/\/www.lancenet.com.br\/fotos\/Edmundo-Julio-Brant-Vasco-Reproducao_LANIMA20140721_0135_50.jpg\"\/>                                                    <\/a>\t\t\t\t\t\t    <br style=\"clear: both;\"\/><label>Julio Brant iniciou campanha no \u00faltimo s\u00e1bado ao lado de Edmundo<\/label><\/span><\/div>\n<p>&nbsp;<br \/>&nbsp;<br \/>Uma cara nova em meio a tantas j\u00e1 conhecidas dos vasca\u00ednos. Por\u00e9m, Julio Brant, candidato pela \u201cSempre Vasco\u201d, poder\u00e1 contar com um apoio de peso junto \u00e0 torcida. O grupo, que tem como um dos idealizadores Edmundo, conversa com outros ex-jogadores para que fa\u00e7am parte do projeto, principalmente com rela\u00e7\u00e3o \u00e0 gest\u00e3o do futebol. Dentre eles, Pedrinho, Felipe, Carlos Germano e Juninho s\u00e3o alguns em pauta.<\/p>\n<p>Recentemente, Edmundo chegou a postar uma foto ao lado de Felipe e Juninho, no pr\u00f3prio jogo de despedida, em S\u00e3o Janu\u00e1rio, quando afirmava que eles queriam mudar o rumo da hist\u00f3ria do clube. Vale lembrar ainda que o Animal e Pedrinho trabalham juntos na mesma emissora de televis\u00e3o e que o pr\u00f3prio Edmundo realizou alguns cursos para se tornar dirigente.<br \/>&nbsp;<br \/>Al\u00e9m dos \u00eddolos da torcida, h\u00e1 tamb\u00e9m tratativas para que nomes fortes pr\u00f3ximos aos Conselhos do clube, como Fernando Horta e Pedro Valente, possam integrar a chapa, al\u00e9m de Jorge Salgado, Sergio Cabral e Sergio Cabral Filho, que j\u00e1 est\u00e3o no projeto. Ressaltando que a elei\u00e7\u00e3o presidencial cruz-maltina ainda \u00e9 realizada de forma indireta.<\/p>\n<p>Aos 37 anos e com passagens bem-sucedidas em grandes empresas, Julio obedece a um perfil desenhado pelo grupo. A ideia inicial era ter Horta encabe\u00e7ando a chapa, mas ao saber das futuras inten\u00e7\u00f5es do presidente da Unidos da Tijuca, foram em busca de um novo nome. <\/p>\n<p>Entender de gest\u00e3o e ter um lastro para assumir um cargo n\u00e3o remunerado foram alguns dos quesitos que a c\u00fapula da chapa mais considerou durante as reuni\u00f5es.<\/p>\n<table align=\"center\" class=\"mceItemTable\" border=\"0\">\n<tbody>\n<tr>\n<td><img decoding=\"async\" alt=\"\" src=\"http:\/\/www.lancenet.com.br\/vasco\/Juninho-Felipe-Vasco-Fotos-Bruno_LANIMA20120410_0023_43.jpg\" data-mce-src=\"..\/..\/vasco\/Juninho-Felipe-Vasco-Fotos-Bruno_LANIMA20120410_0023_43.jpg\"\/><\/td>\n<\/tr>\n<tr>\n<td style=\"text-align: center;\">Juninho e Felipe podem ajudar na pol\u00edtica vasca\u00edna (Fotos: Bruno de Lima)<br data-mce-bogus=\"1\"\/><\/td>\n<\/tr>\n<\/tbody>\n<\/table>\n<p>Apesar de jovem, Julio quer afastar completamente a ideia de que \u00e9 um \u201caventureiro\u201d e pretende agregar os cruz-maltinos.<\/p>\n<p>\u2013 Com humildade, afirmo que o meu curr\u00edculo deixa claro que n\u00e3o sou uma pessoa de fazer aventuras. \u00c9 leg\u00edtimo que cada vasca\u00edno que possa do seu jeito participar do processo, participe, sem desqualifica\u00e7\u00f5es \u2013 disse Julio, que oficializou a candidatura, no s\u00e1bado.<br \/><strong><\/strong>&nbsp;<br \/><strong>BATE-BOLA&nbsp;com Julio Brant, candidato \u00e0 presid\u00eancia do Vasco:<\/strong><\/p>\n<p><strong>1) O que motivou voc\u00ea a concorrer ao cargo de presidente do Vasco?<\/strong><br \/>Sou torcedor e somo ao grande n\u00famero de torcedores que est\u00e3o insatisfeitos. A minha insatisfa\u00e7\u00e3o \u00e9 a mesma do grupo liderado pelo Edmundo, que vem h\u00e1 muito tempo estudando alternativas de gest\u00e3o. <\/p>\n<p><strong>2) Como est\u00e3o os projetos que preparou para gerir o clube?<\/strong><br \/>Est\u00e3o todos prontos e ser\u00e3o apresentados em uma reuni\u00e3o espec\u00edfica com a imprensa. &nbsp;<\/p>\n<p><strong>3) O Flamengo optou por dirigentes fortes e n\u00e3o vive um bom momento no futebol. Acha que pode acontecer o mesmo com voc\u00ea?<\/strong><br \/>Desconhe\u00e7o o que acontece no Flamengo, mas teremos uma diferen\u00e7a fundamental: Edmundo. Ele conhece futebol, ci\u00eancia e espet\u00e1culo. Ele ser\u00e1 ouvido sempre nas quest\u00f5es do futebol. Os desastres no futebol do Vasco s\u00e3o desastres de gest\u00e3o do clube. A administra\u00e7\u00e3o ser\u00e1 minha responsabilidade, e responsabilidade do grupo liderado pelo Edmundo, que trabalhar\u00e1 em conjunto com outros ex-jogadores tamb\u00e9m \u00eddolos do clube.<\/div>\n<\/div>\n<\/div>\n<\/div>\n<\/div>\n<p><span><\/p>\n<p>Leia mais no LANCENET! <a style=\"color: rgb(0, 51, 153);\" href=\"http:\/\/www.lancenet.com.br\/vasco\/Edmundo-Julio-Brant-idolos-Vasco_0_1178882274.html#ixzz38JtNCHGD\"><\/a><a href=\"http:\/\/www.lancenet.com.br\/vasco\/Edmundo-Julio-Brant-idolos-Vasco_0_1178882274.html#ixzz38JtNCHGD\" >http:\/\/www.lancenet.com.br\/vasco\/Edmundo-Julio-Brant-idolos-Vasco_0_1178882274.html#ixzz38JtNCHGD<\/a> <br \/>\u00a9 1997-2014 Todos os direitos reservados a Aret\u00e9 Editorial S.A Di\u00e1rio LANCE! <\/span><\/p><\/div>\n<p><\/p>\n","protected":false},"excerpt":{"rendered":"<p>ASSOCIADO VASCA\u00cdNO, VOC\u00ca N\u00c3O QUER MAIS POL\u00cdTICOS NO VASCO? VOC\u00ca QUER DEMOCRACIA E DIREITO DE&#8230;<\/p>\n","protected":false},"author":8,"featured_media":904,"comment_status":"open","ping_status":"closed","sticky":false,"template":"","format":"standard","meta":{"footnotes":""},"categories":[6],"tags":[],"class_list":["post-903","post","type-post","status-publish","format-standard","has-post-thumbnail","hentry","category-marcus-simonini"],"_links":{"self":[{"href":"https:\/\/webvasco.com\/artigos\/wp-json\/wp\/v2\/posts\/903","targetHints":{"allow":["GET"]}}],"collection":[{"href":"https:\/\/webvasco.com\/artigos\/wp-json\/wp\/v2\/posts"}],"about":[{"href":"https:\/\/webvasco.com\/artigos\/wp-json\/wp\/v2\/types\/post"}],"author":[{"embeddable":true,"href":"https:\/\/webvasco.com\/artigos\/wp-json\/wp\/v2\/users\/8"}],"replies":[{"embeddable":true,"href":"https:\/\/webvasco.com\/artigos\/wp-json\/wp\/v2\/comments?post=903"}],"version-history":[{"count":0,"href":"https:\/\/webvasco.com\/artigos\/wp-json\/wp\/v2\/posts\/903\/revisions"}],"wp:featuredmedia":[{"embeddable":true,"href":"https:\/\/webvasco.com\/artigos\/wp-json\/wp\/v2\/media\/904"}],"wp:attachment":[{"href":"https:\/\/webvasco.com\/artigos\/wp-json\/wp\/v2\/media?parent=903"}],"wp:term":[{"taxonomy":"category","embeddable":true,"href":"https:\/\/webvasco.com\/artigos\/wp-json\/wp\/v2\/categories?post=903"},{"taxonomy":"post_tag","embeddable":true,"href":"https:\/\/webvasco.com\/artigos\/wp-json\/wp\/v2\/tags?post=903"}],"curies":[{"name":"wp","href":"https:\/\/api.w.org\/{rel}","templated":true}]}}