{"id":9037,"date":"2021-02-22T00:21:26","date_gmt":"2021-02-22T03:21:26","guid":{"rendered":"https:\/\/webvasco.com\/artigos\/?p=9037"},"modified":"2021-02-22T13:32:37","modified_gmt":"2021-02-22T16:32:37","slug":"corno-manso","status":"publish","type":"post","link":"https:\/\/webvasco.com\/artigos\/colunistas\/luizcarlosrocha\/corno-manso\/","title":{"rendered":"CORNO MANSO"},"content":{"rendered":"<p><strong>CORNO MANSO<\/strong><\/p>\n<p>Um \u00e9 pouco, dois \u00e9 bom, e tr\u00eas \u00e9 demais! O que falar do quarto rebaixamento? A velha m\u00e1xima n\u00e3o t\u00eam sequer um adjetivo para isso. Mas um velho jornalista, graduado e p\u00f3s-graduado (em Jornalismo Esportivo) h\u00e1 23 anos, com diversos t\u00edtulos e pr\u00eamios na carreira, define esta falta de vergonha na cara como a S\u00edndrome do Corno Manso!<\/p>\n<p>Isto, porque, quando o marido pega a mulher com outro na cama pela primeira vez, uma atitude radical deve ser tomada, para que isso n\u00e3o se repita! Mas se nada for feito a situa\u00e7\u00e3o virar\u00e1 rotina e acabar\u00e1 o respeito e a dignidade! Pois \u00e9, foi o que aconteceu.<\/p>\n<p>No primeiro rebaixamento, em 2008, o Portugu\u00eas descobriu a Mulher infiel (a bola). Naquele ano, ela se distanciou como nunca antes. Foi uma novidade negativa. Por\u00e9m, se os mandat\u00e1rios vasca\u00ednos tivessem um m\u00ednimo de dec\u00eancia, esse fato serviria como aprendizado e jamais teria acontecido outra vez.<\/p>\n<p>O problema \u00e9 que os vermes que sugam o Club de Regatas Vasco da Gama, uns com \u201cpromo\u00e7\u00f5es\u201d financeiras, outros com interesses pessoais e h\u00e1 at\u00e9 alguns com permutas esp\u00farias, pouco se lixaram para o clube nos \u00faltimos 25 anos. Tanto que neste per\u00edodo al\u00e9m do tetra-rebaixamento, foram conquistados apenas 2 Campeonatos Cariocas e 1 Copa do Brasil. Uma l\u00e1stima para a grandeza de um Gigante (ou seria an\u00e3o?).<\/p>\n<p>Em 2013, a confirma\u00e7\u00e3o do gosto pela trai\u00e7\u00e3o. Afinal, eram somente 5 anos depois de descobrir o chifre, novamente a corneada. Mais uma vez S\u00e9rie B! Nessa altura do Campeonato, o \u201cRicard\u00e3o\u201d j\u00e1 era \u201camigo\u201d do Portugu\u00eas. Abria a porta da geladeira para beber a cerveja comprada pelo titular, deitava na cama com a Devassa e pedia cafun\u00e9. Enquanto o marido assistia novela do SBT, na sala.<\/p>\n<p>A\u00ed veio 2015. O Portugu\u00eas chifrudo at\u00e9 registrou o filho do Ricard\u00e3o em seu nome. Era uma verdadeira bagun\u00e7a! Tinha acabado os bons costumes e a dec\u00eancia! A coisa foi ficando t\u00e3o escancarada que o amante era chamado de amor pela Meretriz, na frente do guampudo! Mais um ano na Segundona.<\/p>\n<p>Enfim, chegou 2020\/21. Veio a Pandemia e junto com ela o Pandem\u00f4nio (o fantasma da Segunda Divis\u00e3o).<\/p>\n<p>Para concluir: Sinto-me bem a vontade em falar o que penso, porque diferente da grande maioria da Imprensa corrupta, n\u00e3o me vendi ao sistema, tampouco tenho rabo preso com dirigente de clube, Federa\u00e7\u00e3o ou Confedera\u00e7\u00e3o. Tamb\u00e9m n\u00e3o sou \u201cMaria vai com as outras\u201d. Meu \u00fanico compromisso \u00e9 com a verdade! Portanto, nos \u00faltimos 25 anos TODOS os presidentes que estiveram \u00e0 frente do Cruzmaltino s\u00e3o incompetentes e alguns tamb\u00e9m levianos!<\/p>\n<p>Estou mega decepcionado com a Imensa Torcida Bem (In) Feliz! Outrora (d\u00e9cadas de 70, 80 e 90) teriam invadido o clube, feito carinho \u2013 merecido \u2013 em jogador corpo mole, quebrado algumas coisas nas depend\u00eancias do clube e amea\u00e7ado cartolas! Mas depois que essa Imprensa venal inventou o tal do politicamente correto, nada mais pode ser dito em um tom de voz um pouco mais \u00e1spero, que certamente culmina em processo judicial. Que merda!<\/p>\n<p>Essa gera\u00e7\u00e3o mimizenta e vendida est\u00e1 acabando com o futebol. Mas como n\u00e3o fa\u00e7o parte desta far\u00e2ndola, afirmo com todas as letras: O Vasco est\u00e1 \u00e0 beira da fal\u00eancia! Se o Mach\u00e3o da Gama n\u00e3o virar imediatamente clube empresa, bem como expurgar os c\u00e2nceres futebol\u00edstico dos quadros da diretoria, dos Conselhos e da Administra\u00e7\u00e3o em pouco tempo seremos uma Am\u00e9rica ou Bangu da vida (com todo o respeito a estes pequenos).<\/p>\n<p>Cansei do politicamente correto. Quem n\u00e3o concorda, foda-se! N\u00e3o vou proferir palavras bonitas com o cora\u00e7\u00e3o sangrando, na certeza que n\u00e3o posso ofender, mas posso ser ofendido com um quinto rebaixamento. A For\u00e7a Jovem (t\u00e3o pac\u00edfica e irreconhec\u00edvel que pode at\u00e9 trocar a nomenclatura para For\u00e7a Idosa) poderia arrebentar tudo na porrada, que para in\u00edcio j\u00e1 seria um bom ponto de recome\u00e7o. Depois os cartolas inoperantes poderiam pedir para sair. E por fim uma administra\u00e7\u00e3o profissional s\u00e9ria. Com pessoas honestas e capacitadas para que o Vasco volte a ser um Gigante!<\/p>\n<p>&nbsp;<\/p>\n","protected":false},"excerpt":{"rendered":"<p>CORNO MANSO Um \u00e9 pouco, dois \u00e9 bom, e tr\u00eas \u00e9 demais! O que falar&#8230;<\/p>\n","protected":false},"author":7,"featured_media":9038,"comment_status":"open","ping_status":"closed","sticky":false,"template":"","format":"standard","meta":{"footnotes":""},"categories":[4],"tags":[],"class_list":["post-9037","post","type-post","status-publish","format-standard","has-post-thumbnail","hentry","category-luizcarlosrocha"],"_links":{"self":[{"href":"https:\/\/webvasco.com\/artigos\/wp-json\/wp\/v2\/posts\/9037","targetHints":{"allow":["GET"]}}],"collection":[{"href":"https:\/\/webvasco.com\/artigos\/wp-json\/wp\/v2\/posts"}],"about":[{"href":"https:\/\/webvasco.com\/artigos\/wp-json\/wp\/v2\/types\/post"}],"author":[{"embeddable":true,"href":"https:\/\/webvasco.com\/artigos\/wp-json\/wp\/v2\/users\/7"}],"replies":[{"embeddable":true,"href":"https:\/\/webvasco.com\/artigos\/wp-json\/wp\/v2\/comments?post=9037"}],"version-history":[{"count":2,"href":"https:\/\/webvasco.com\/artigos\/wp-json\/wp\/v2\/posts\/9037\/revisions"}],"predecessor-version":[{"id":9041,"href":"https:\/\/webvasco.com\/artigos\/wp-json\/wp\/v2\/posts\/9037\/revisions\/9041"}],"wp:featuredmedia":[{"embeddable":true,"href":"https:\/\/webvasco.com\/artigos\/wp-json\/wp\/v2\/media\/9038"}],"wp:attachment":[{"href":"https:\/\/webvasco.com\/artigos\/wp-json\/wp\/v2\/media?parent=9037"}],"wp:term":[{"taxonomy":"category","embeddable":true,"href":"https:\/\/webvasco.com\/artigos\/wp-json\/wp\/v2\/categories?post=9037"},{"taxonomy":"post_tag","embeddable":true,"href":"https:\/\/webvasco.com\/artigos\/wp-json\/wp\/v2\/tags?post=9037"}],"curies":[{"name":"wp","href":"https:\/\/api.w.org\/{rel}","templated":true}]}}