{"id":9042,"date":"2021-02-27T14:53:29","date_gmt":"2021-02-27T17:53:29","guid":{"rendered":"https:\/\/webvasco.com\/artigos\/elas-e-o-professor\/elas-o-professor-nubya-mattos\/"},"modified":"2021-02-28T22:16:51","modified_gmt":"2021-03-01T01:16:51","slug":"elas-o-professor-nubya-mattos","status":"publish","type":"post","link":"https:\/\/webvasco.com\/artigos\/temas\/elas-e-o-professor\/elas-o-professor-nubya-mattos\/","title":{"rendered":"ELAS &amp; O PROFESSOR &#8211; NUBYA MATTOS"},"content":{"rendered":"<p><strong>ELAS &amp; O PROFESSOR<\/strong><\/p>\n<p><strong>POR LUIZ CARLOS ROCHA<\/strong><\/p>\n<p>A entrevista de fevereiro de 2021, com Nubya Mattos de Azevedo \u00e9 dedicada \u00e0 mais bela vasca\u00edna, que ser\u00e1 sempre a minha maior fonte de for\u00e7a e inspira\u00e7\u00e3o, meu amor infinito: \u00darsulla Rocha.<\/p>\n<p><strong>NUBYA MATTOS,<\/strong> cirurgi\u00e3-dentista, foi candidata a vice-prefeita de Niter\u00f3i pelo Partido Democracia Crist\u00e3 (DC), com o n\u00famero 27, nas \u00faltimas elei\u00e7\u00f5es municipais (2020), 56 anos, divorciada, t\u00eam uma filha, moradora de Icara\u00ed, taurina, do dia 08 de maio, seu prato predileto \u00e9 o camar\u00e3o ao alho e \u00f3leo, se for acompanhado de uma boa m\u00fasica italiana \u00e9 melhor ainda. Como niteroiense raiz sua Escola de Samba \u00e9 a Viradouro, mas tamb\u00e9m torce paralelamente para a Beija-Flor. A simp\u00e1tica dentista nos revelou que em horas vagas estuda e pratica terapias alternativas, al\u00e9m da terapia do riso.<\/p>\n<p><strong> O time do Vasco da Gama chegou a liderar o Campeonato Brasileiro de 2021 e acabou sendo rebaixado. Voc\u00ea esperava isso?<\/strong><\/p>\n<p>De jeito algum, estava torcendo e vibrando para que fosse o Campe\u00e3o.<\/p>\n<p><strong>A Guerra Pol\u00edtica dentro do clube vem colaborando para os resultados negativos?<\/strong><\/p>\n<p>Sim, este clima mexe com o emocional dos jogadores, e de toda equipe, inclusive, a Pandemia de Covid-19 tamb\u00e9m contribui e muito para desestabilizar ainda mais o grupo.<\/p>\n<p><strong>Jorge Salgado \u00e9 mais um presidente que sugar\u00e1 o Cruzmaltino ou tentar\u00e1 ajudar?<\/strong><\/p>\n<p>Acredito que far\u00e1 um \u00f3timo trabalho, e espero que cumpra as promessas feitas para transformar o Vasco da Gama no maior Clube do Brasil em arrecada\u00e7\u00e3o e n\u00famero de s\u00f3cios.<\/p>\n<p><strong>Do jeito que a coisa vai, voc\u00ea teme que os resultados negativos apare\u00e7am tamb\u00e9m no Campeonato Carioca?<\/strong><\/p>\n<p>Acredito sempre na supera\u00e7\u00e3o. Que a equipe vai se empenhar para ser campe\u00e3 para espantar a decep\u00e7\u00e3o do Campeonato Brasileiro<\/p>\n<p><strong>O que voc\u00ea faria para reestruturar o Vasco?<\/strong><\/p>\n<p>Faria uma auditoria e um planejamento estrat\u00e9gico de gest\u00e3o e resultados, al\u00e9m de um trabalho de Psicologia Positiva com os jogadores e equipe t\u00e9cnica, muito treino e bastante estudo de estrat\u00e9gias para enfrentar os advers\u00e1rios.<\/p>\n<p><strong>A partir de qual momento o Gigante da Colina come\u00e7ou se apequenar?<\/strong><\/p>\n<p>H\u00e1 pelo menos uns 20 anos o Vasco da Gama est\u00e1 indo ladeira abaixo, mas acredito que com este novo Presidente, que \u00e9 um gestor, o Clube volte a crescer.<\/p>\n<p><strong>Os atacantes do time n\u00e3o usaram os caninos, e por isso os gols n\u00e3o apareceram?<\/strong><\/p>\n<p>Realmente pode ser feita uma avalia\u00e7\u00e3o dent\u00e1ria nos jogadores porque as decis\u00f5es s\u00e3o tomadas e refor\u00e7adas com a oclus\u00e3o (mordida) entre os dentes. Pode ser que estejam com a mordida prejudicada. Quem sabe uns implantes dent\u00e1rios, umas cirurgias ortogn\u00e1ticas, enfim, uma reabilita\u00e7\u00e3o dent\u00e1ria e esquel\u00e9tica. Precisam usar bem os molares para fazerem muitos gols e mostrar os caninos para impressionar os advers\u00e1rios.<\/p>\n<p><strong>A defesa pode ser considerada um Diastema (espa\u00e7o encontrado na separa\u00e7\u00e3o entre os dentes), uma vez que h\u00e1 sempre espa\u00e7o?<\/strong><\/p>\n<p>No caso do Vasco os diastemas est\u00e3o m\u00faltiplos, precisam fazer facetas e melhorar os pontos de contato para fechar a \u00e1rea de defesa.<\/p>\n<p><strong>A sina da Segunda Divis\u00e3o \u00e9 uma c\u00e1rie?<\/strong><\/p>\n<p>Acho que a sina \u00e9 uma Periodontite (infec\u00e7\u00e3o bacteriana dos tecidos, ligamentos e ossos espec\u00edficos que envolvem e sustentam seus dentes) que assim como a C\u00e1rie poderiam ser evitadas com cuidados preventivos simples.<\/p>\n<p><strong> Qual ou quais os jogadores que voc\u00ea faria uma extra\u00e7\u00e3o do plantel?<\/strong><\/p>\n<p>N\u00e3o faria extra\u00e7\u00f5es, s\u00f3 reabilita\u00e7\u00e3o total est\u00e9tica e funcional.<\/p>\n<p><strong> O time de S\u00e3o Janu\u00e1rio atualmente tem motivos para sorrir?<\/strong><\/p>\n<p>Atualmente n\u00e3o, mas em breve estaremos sorrindo.<\/p>\n<p><strong>Fernando Miguel, \u00e9 uma dentadura mal feita, visto que, o arqueiro est\u00e1 sempre caindo de produ\u00e7\u00e3o?<\/strong><\/p>\n<p>Sempre se pode melhorar, se os atacantes trabalharem bem, a defesa fica tranquila. O mais importante \u00e9 o conjunto trabalhar com unidade. A uni\u00e3o faz a for\u00e7a. Vamos fazer uma arcada dent\u00e1ria nova e bem feita para o Vasc\u00e3o voltar a sorrir!<\/p>\n<p><strong>FOTOGRAFIAS FORNECIDAS PELA ENTREVISTADA.<\/strong><\/p>\n<p><a href=\"https:\/\/webvasco.com\/artigos\/wp-content\/uploads\/2021\/02\/IMG-20210228-WA0063.jpg\"><img loading=\"lazy\" decoding=\"async\" class=\"alignleft size-medium wp-image-9043\" src=\"https:\/\/webvasco.com\/artigos\/wp-content\/uploads\/2021\/02\/IMG-20210228-WA0063-225x300.jpg\" alt=\"\" width=\"225\" height=\"300\" srcset=\"https:\/\/webvasco.com\/artigos\/wp-content\/uploads\/2021\/02\/IMG-20210228-WA0063-225x300.jpg 225w, https:\/\/webvasco.com\/artigos\/wp-content\/uploads\/2021\/02\/IMG-20210228-WA0063-113x150.jpg 113w, https:\/\/webvasco.com\/artigos\/wp-content\/uploads\/2021\/02\/IMG-20210228-WA0063-768x1024.jpg 768w, https:\/\/webvasco.com\/artigos\/wp-content\/uploads\/2021\/02\/IMG-20210228-WA0063.jpg 960w\" sizes=\"auto, (max-width: 225px) 100vw, 225px\" \/><\/a><\/p>\n<p><a href=\"https:\/\/webvasco.com\/artigos\/wp-content\/uploads\/2021\/02\/IMG-20210228-WA0062.jpg\"><img loading=\"lazy\" decoding=\"async\" class=\"alignleft size-medium wp-image-9044\" src=\"https:\/\/webvasco.com\/artigos\/wp-content\/uploads\/2021\/02\/IMG-20210228-WA0062-225x300.jpg\" alt=\"\" width=\"225\" height=\"300\" srcset=\"https:\/\/webvasco.com\/artigos\/wp-content\/uploads\/2021\/02\/IMG-20210228-WA0062-225x300.jpg 225w, https:\/\/webvasco.com\/artigos\/wp-content\/uploads\/2021\/02\/IMG-20210228-WA0062-113x150.jpg 113w, https:\/\/webvasco.com\/artigos\/wp-content\/uploads\/2021\/02\/IMG-20210228-WA0062-768x1024.jpg 768w, https:\/\/webvasco.com\/artigos\/wp-content\/uploads\/2021\/02\/IMG-20210228-WA0062.jpg 960w\" sizes=\"auto, (max-width: 225px) 100vw, 225px\" \/><\/a><\/p>\n","protected":false},"excerpt":{"rendered":"<p>ELAS &amp; O PROFESSOR POR LUIZ CARLOS ROCHA A entrevista de fevereiro de 2021, com&#8230;<\/p>\n","protected":false},"author":7,"featured_media":9043,"comment_status":"open","ping_status":"closed","sticky":false,"template":"","format":"standard","meta":{"footnotes":""},"categories":[27],"tags":[],"class_list":["post-9042","post","type-post","status-publish","format-standard","has-post-thumbnail","hentry","category-elas-e-o-professor"],"_links":{"self":[{"href":"https:\/\/webvasco.com\/artigos\/wp-json\/wp\/v2\/posts\/9042","targetHints":{"allow":["GET"]}}],"collection":[{"href":"https:\/\/webvasco.com\/artigos\/wp-json\/wp\/v2\/posts"}],"about":[{"href":"https:\/\/webvasco.com\/artigos\/wp-json\/wp\/v2\/types\/post"}],"author":[{"embeddable":true,"href":"https:\/\/webvasco.com\/artigos\/wp-json\/wp\/v2\/users\/7"}],"replies":[{"embeddable":true,"href":"https:\/\/webvasco.com\/artigos\/wp-json\/wp\/v2\/comments?post=9042"}],"version-history":[{"count":2,"href":"https:\/\/webvasco.com\/artigos\/wp-json\/wp\/v2\/posts\/9042\/revisions"}],"predecessor-version":[{"id":9046,"href":"https:\/\/webvasco.com\/artigos\/wp-json\/wp\/v2\/posts\/9042\/revisions\/9046"}],"wp:featuredmedia":[{"embeddable":true,"href":"https:\/\/webvasco.com\/artigos\/wp-json\/wp\/v2\/media\/9043"}],"wp:attachment":[{"href":"https:\/\/webvasco.com\/artigos\/wp-json\/wp\/v2\/media?parent=9042"}],"wp:term":[{"taxonomy":"category","embeddable":true,"href":"https:\/\/webvasco.com\/artigos\/wp-json\/wp\/v2\/categories?post=9042"},{"taxonomy":"post_tag","embeddable":true,"href":"https:\/\/webvasco.com\/artigos\/wp-json\/wp\/v2\/tags?post=9042"}],"curies":[{"name":"wp","href":"https:\/\/api.w.org\/{rel}","templated":true}]}}