{"id":9047,"date":"2021-03-30T18:26:00","date_gmt":"2021-03-30T21:26:00","guid":{"rendered":"https:\/\/webvasco.com\/artigos\/?p=9047"},"modified":"2021-03-30T18:32:45","modified_gmt":"2021-03-30T21:32:45","slug":"elas-o-professor-ju","status":"publish","type":"post","link":"https:\/\/webvasco.com\/artigos\/temas\/elas-e-o-professor\/elas-o-professor-ju\/","title":{"rendered":"ELAS &amp; O PROFESSOR &#8211; JU"},"content":{"rendered":"<p><strong>ELAS &amp; O PROFESSOR<\/strong><\/p>\n<p><strong>POR LUIZ CARLOS ROCHA<\/strong><\/p>\n<p>A entrevista de mar\u00e7o de 2021, com Juliana Cristina Galdino da Silva \u00e9 dedicada \u00e0 uma princesa vasca\u00edna, que \u00e9 a maior fonte de for\u00e7a e inspira\u00e7\u00e3o da minha vida, meu amor infinito: \u00darsulla Rocha.<\/p>\n<p><strong>JU,<\/strong> enfermeira, 36 anos, casada com Juninho, m\u00e3e do Miguel, moradora de V\u00e1rzea das Mo\u00e7as, Maric\u00e1, embora apaixonada por Niter\u00f3i, capricorniana, adora comer pizza e hamb\u00farguer, mas confessa ser uma \u201cformiga\u201d, devido a sua paix\u00e3o incontrol\u00e1vel por doces. A carioca de nascimento afirmou que em cada lugar deste enorme Brasil que conhece, faz quest\u00e3o de experimentar os doces locais. Apaixonada tamb\u00e9m pela Escola de Samba Unidos do Viradouro. Nas horas de folga, curte viajar com a fam\u00edlia.<\/p>\n<p><strong> Marcelo Cabo ainda n\u00e3o engrenou a equipe vasca\u00edna, por qu\u00ea?<\/strong><\/p>\n<p>Ainda n\u00e3o engrenou. O trabalho est\u00e1 muito no in\u00edcio. O Vasco n\u00e3o tem um time montado, os jogadores est\u00e3o chegando ao longo das \u00faltimas semanas. E como ele falou em algumas coletivas, esse ano devido a Pandemia, n\u00e3o houve pr\u00e9-temporada, est\u00e1 tendo de testar o time na competi\u00e7\u00e3o j\u00e1 em andamento.<\/p>\n<p><strong> Na atual fase h\u00e1 algum treinador mais preparado para comandar o plantel do que Marcelo Cabo?<\/strong><\/p>\n<p>N\u00e3o. O Marcelo Cabo, tem a experi\u00eancia no nosso prop\u00f3sito para esse ano, que \u00e9 disputar a s\u00e9rie B, fez um excelente papel ano passado no Atl\u00e9tico Goianiense. Ele foi a escolha da nova diretoria, mediante uma peneira com muitos outros nomes.<\/p>\n<p><strong> Que preju\u00edzos vir\u00e3o ao longo da temporada com o quarto rebaixamento do Cruzmaltino?<\/strong><\/p>\n<p>Preju\u00edzo financeiro. Muito dinheiro perdido por conta das transmiss\u00f5es para a TV, queda no ranking da CBF, com isso d\u00e9ficit na receita.<\/p>\n<p><strong> Tendo tamb\u00e9m Botafogo e Cruzeiro na S\u00e9rie B, ficar\u00e1 mais dif\u00edcil do Vasco da Gama retornar para a Elite do futebol?<\/strong><\/p>\n<p>Com certeza Botafogo e Cruzeiro s\u00e3o dois times tradicionais, n\u00e3o s\u00f3 eles, como Coritiba e Goi\u00e1s, times que desceram junto com o Vasco. Nunca a serei B teve tantos times tradicionais. Sem d\u00favidas a Segundona mais disputada da hist\u00f3ria. Claro que com a torcida que temos, esperamos retornar logo a elite do futebol.<\/p>\n<p><strong> O que precisa mudar em termos de gest\u00e3o?<\/strong><\/p>\n<p>Acho que a principal mudan\u00e7a j\u00e1 aconteceu, com o resultado dessa elei\u00e7\u00e3o administrativa, como foi a vontade dos s\u00f3cios, \u00e9 o candidato mais preparado. Temos de deixa-lo trabalhar.<\/p>\n<p><strong> Hoje os investidores temem em trabalhar com o clube?<\/strong><\/p>\n<p>Sim. Principalmente em busca de novos patrocinadores, outros rivais conseguem patroc\u00ednios melhores que n\u00f3s, isso se deve tamb\u00e9m a confus\u00e3o pol\u00edtica que o clube se envolveu nos \u00faltimos 15 ou 20 anos. Mesmo assim o Vasco \u00e9 o time que \u00e9, pela marca. Os patroc\u00ednios eles est\u00e3o acontecendo alguns com valores n\u00e3o t\u00e3o altos, mas tudo o que entra \u00e9 bom.<\/p>\n<p><strong> A administra\u00e7\u00e3o Jorge Salgado ser\u00e1 melhor do que a Alexandre Campello?<\/strong><\/p>\n<p>Sim, o Campello teve altos e baixos na sua administra\u00e7\u00e3o. Segundo o pr\u00f3prio, pegou uma Terra arrasada com 4 meses de sal\u00e1rios atrasados, Agradando ou n\u00e3o, ele fez o trabalho da maneira que achava melhor. Por\u00e9m, manchou muito esse rebaixamento, mas teve saldo positivo, reduziu muito as d\u00edvidas, e o pr\u00f3prio balancete do ano viu isso. Acredito que pelos profissionais que est\u00e3o a frente hoje, a Gest\u00e3o Jorge Salgado vai ser melhor do que a do Campelo.<\/p>\n<p><strong> Porque J\u00falio Brant est\u00e1 sempre no quase, quando o assunto \u00e9 vencer as elei\u00e7\u00f5es presidenciais do Vasco?<\/strong><\/p>\n<p>Achei que na \u00faltima campanha ele se ausentou com isso acabou largando um pouco atr\u00e1s dos outros candidatos, mas acho que ele \u00e9 papel mais do que fundamental. T\u00eam a maior porcentagem na reestrutura\u00e7\u00e3o dessas Cadeiras do Conselho do Vasco, ele lutou muito como oposi\u00e7\u00e3o nas coisas que estavam acontecendo, ajudou bastante nesse sentido.<\/p>\n<p><strong> Edmundo j\u00e1 manifestou desejo de ser mandat\u00e1rio vasca\u00edno. Ser\u00e1 um novo Roberto Dinamite ou dar\u00e1 certo?<\/strong><\/p>\n<p>\u00c9 complicado o envolvimento do \u00eddolo como administrador. O Roberto Dinamite foi bom em partes porque na esfera administrativa ele deixou bastante d\u00edvida. O que depois culminou no rebaixamento. E foi bastante criticado. O Edmundo tem se mostrado bastante interessado, vem at\u00e9 estudando mas n\u00e3o vejo como um bom presidente. Foi um excelente jogador. \u00c9 o \u00eddolo da torcida, mas n\u00e3o o vejo em t\u00e3o pouco tempo de experi\u00eancia como um bom administrador por completo na gest\u00e3o de um clube.<\/p>\n<p><strong> O temperamento do Animal dificultar\u00e1 suas pretens\u00f5es pol\u00edticas no clube?<\/strong><\/p>\n<p>Ele tem melhorado muito, mas n\u00f3s temos um quadro de Benem\u00e9ritos compostos por muitos senhores. Tem de ter muito cuidado no que vai falar. Acredito que o temperamento dele pode atrapalhar sim.<\/p>\n<p><strong> O que \u00e9 mais importante para assumir a cadeira n\u00famero um do clube: carisma ou compet\u00eancia?<\/strong><\/p>\n<p>Com certeza a compet\u00eancia, carisma n\u00e3o paga a conta muito menos num clube.<\/p>\n<p><strong> O que te fez vasca\u00edna?<\/strong><\/p>\n<p>Meus pais n\u00e3o torcem para time nenhum. Meu pai \u00e9 anti-flamenguista (sorriu), mas ele n\u00e3o tem um time formado. Quando eu tinha 13 anos comecei a namorar, meu primeiro amor era vasca\u00edno, digo, \u00e9 vasca\u00edno, e eu me tornei vasca\u00edna, pois al\u00e9m de me apaixonar por ele, de quebra tamb\u00e9m pelo Vasco. Namoramos durante 3 anos, depois o namoro acabou. Mas o amor ao Cruzmaltino permaneceu. Ap\u00f3s 17 anos, nos reencontramos, voltamos e casamos.<\/p>\n<p><strong>FOTOGRAFIAS FORNECIDAS PELA ENTREVISTADA.<\/strong><\/p>\n<p><a href=\"https:\/\/webvasco.com\/artigos\/wp-content\/uploads\/2021\/03\/ju-10.jpeg\"><img loading=\"lazy\" decoding=\"async\" class=\"alignleft size-medium wp-image-9055\" src=\"https:\/\/webvasco.com\/artigos\/wp-content\/uploads\/2021\/03\/ju-10-225x300.jpeg\" alt=\"\" width=\"225\" height=\"300\" srcset=\"https:\/\/webvasco.com\/artigos\/wp-content\/uploads\/2021\/03\/ju-10-225x300.jpeg 225w, https:\/\/webvasco.com\/artigos\/wp-content\/uploads\/2021\/03\/ju-10-113x150.jpeg 113w, https:\/\/webvasco.com\/artigos\/wp-content\/uploads\/2021\/03\/ju-10-768x1024.jpeg 768w, https:\/\/webvasco.com\/artigos\/wp-content\/uploads\/2021\/03\/ju-10.jpeg 825w\" sizes=\"auto, (max-width: 225px) 100vw, 225px\" \/><\/a> <a href=\"https:\/\/webvasco.com\/artigos\/wp-content\/uploads\/2021\/03\/ju-9.jpeg\"><img loading=\"lazy\" decoding=\"async\" class=\"alignleft size-medium wp-image-9054\" src=\"https:\/\/webvasco.com\/artigos\/wp-content\/uploads\/2021\/03\/ju-9-168x300.jpeg\" alt=\"\" width=\"168\" height=\"300\" srcset=\"https:\/\/webvasco.com\/artigos\/wp-content\/uploads\/2021\/03\/ju-9-168x300.jpeg 168w, https:\/\/webvasco.com\/artigos\/wp-content\/uploads\/2021\/03\/ju-9-84x150.jpeg 84w, https:\/\/webvasco.com\/artigos\/wp-content\/uploads\/2021\/03\/ju-9-574x1024.jpeg 574w, https:\/\/webvasco.com\/artigos\/wp-content\/uploads\/2021\/03\/ju-9.jpeg 580w\" sizes=\"auto, (max-width: 168px) 100vw, 168px\" \/><\/a> <a href=\"https:\/\/webvasco.com\/artigos\/wp-content\/uploads\/2021\/03\/ju-8.jpeg\"><img loading=\"lazy\" decoding=\"async\" class=\"alignleft size-medium wp-image-9053\" src=\"https:\/\/webvasco.com\/artigos\/wp-content\/uploads\/2021\/03\/ju-8-300x225.jpeg\" alt=\"\" width=\"300\" height=\"225\" srcset=\"https:\/\/webvasco.com\/artigos\/wp-content\/uploads\/2021\/03\/ju-8-300x225.jpeg 300w, https:\/\/webvasco.com\/artigos\/wp-content\/uploads\/2021\/03\/ju-8-150x113.jpeg 150w, https:\/\/webvasco.com\/artigos\/wp-content\/uploads\/2021\/03\/ju-8-768x576.jpeg 768w, https:\/\/webvasco.com\/artigos\/wp-content\/uploads\/2021\/03\/ju-8-1024x768.jpeg 1024w, https:\/\/webvasco.com\/artigos\/wp-content\/uploads\/2021\/03\/ju-8.jpeg 1280w\" sizes=\"auto, (max-width: 300px) 100vw, 300px\" \/><\/a> <a href=\"https:\/\/webvasco.com\/artigos\/wp-content\/uploads\/2021\/03\/ju-7.jpeg\"><img loading=\"lazy\" decoding=\"async\" class=\"alignleft size-medium wp-image-9052\" src=\"https:\/\/webvasco.com\/artigos\/wp-content\/uploads\/2021\/03\/ju-7-300x225.jpeg\" alt=\"\" width=\"300\" height=\"225\" srcset=\"https:\/\/webvasco.com\/artigos\/wp-content\/uploads\/2021\/03\/ju-7-300x225.jpeg 300w, https:\/\/webvasco.com\/artigos\/wp-content\/uploads\/2021\/03\/ju-7-150x113.jpeg 150w, https:\/\/webvasco.com\/artigos\/wp-content\/uploads\/2021\/03\/ju-7-768x576.jpeg 768w, https:\/\/webvasco.com\/artigos\/wp-content\/uploads\/2021\/03\/ju-7-1024x768.jpeg 1024w, https:\/\/webvasco.com\/artigos\/wp-content\/uploads\/2021\/03\/ju-7.jpeg 1280w\" sizes=\"auto, (max-width: 300px) 100vw, 300px\" \/><\/a> <a href=\"https:\/\/webvasco.com\/artigos\/wp-content\/uploads\/2021\/03\/ju-6.jpeg\"><img loading=\"lazy\" decoding=\"async\" class=\"alignleft size-medium wp-image-9051\" src=\"https:\/\/webvasco.com\/artigos\/wp-content\/uploads\/2021\/03\/ju-6-225x300.jpeg\" alt=\"\" width=\"225\" height=\"300\" srcset=\"https:\/\/webvasco.com\/artigos\/wp-content\/uploads\/2021\/03\/ju-6-225x300.jpeg 225w, https:\/\/webvasco.com\/artigos\/wp-content\/uploads\/2021\/03\/ju-6-113x150.jpeg 113w, https:\/\/webvasco.com\/artigos\/wp-content\/uploads\/2021\/03\/ju-6-768x1024.jpeg 768w, https:\/\/webvasco.com\/artigos\/wp-content\/uploads\/2021\/03\/ju-6.jpeg 960w\" sizes=\"auto, (max-width: 225px) 100vw, 225px\" \/><\/a> <a href=\"https:\/\/webvasco.com\/artigos\/wp-content\/uploads\/2021\/03\/ju-3.jpeg\"><img loading=\"lazy\" decoding=\"async\" class=\"alignleft size-medium wp-image-9050\" src=\"https:\/\/webvasco.com\/artigos\/wp-content\/uploads\/2021\/03\/ju-3-300x225.jpeg\" alt=\"\" width=\"300\" height=\"225\" srcset=\"https:\/\/webvasco.com\/artigos\/wp-content\/uploads\/2021\/03\/ju-3-300x225.jpeg 300w, https:\/\/webvasco.com\/artigos\/wp-content\/uploads\/2021\/03\/ju-3-150x112.jpeg 150w, https:\/\/webvasco.com\/artigos\/wp-content\/uploads\/2021\/03\/ju-3-768x576.jpeg 768w, https:\/\/webvasco.com\/artigos\/wp-content\/uploads\/2021\/03\/ju-3-1024x768.jpeg 1024w, https:\/\/webvasco.com\/artigos\/wp-content\/uploads\/2021\/03\/ju-3.jpeg 1155w\" sizes=\"auto, (max-width: 300px) 100vw, 300px\" \/><\/a> <a href=\"https:\/\/webvasco.com\/artigos\/wp-content\/uploads\/2021\/03\/ju-2.jpeg\"><img loading=\"lazy\" decoding=\"async\" class=\"alignleft size-medium wp-image-9049\" src=\"https:\/\/webvasco.com\/artigos\/wp-content\/uploads\/2021\/03\/ju-2-225x300.jpeg\" alt=\"\" width=\"225\" height=\"300\" srcset=\"https:\/\/webvasco.com\/artigos\/wp-content\/uploads\/2021\/03\/ju-2-225x300.jpeg 225w, https:\/\/webvasco.com\/artigos\/wp-content\/uploads\/2021\/03\/ju-2-113x150.jpeg 113w, https:\/\/webvasco.com\/artigos\/wp-content\/uploads\/2021\/03\/ju-2.jpeg 720w\" sizes=\"auto, (max-width: 225px) 100vw, 225px\" \/><\/a> <a href=\"https:\/\/webvasco.com\/artigos\/wp-content\/uploads\/2021\/03\/ju-1.jpeg\"><img loading=\"lazy\" decoding=\"async\" class=\"alignleft size-medium wp-image-9048\" src=\"https:\/\/webvasco.com\/artigos\/wp-content\/uploads\/2021\/03\/ju-1-300x225.jpeg\" alt=\"\" width=\"300\" height=\"225\" srcset=\"https:\/\/webvasco.com\/artigos\/wp-content\/uploads\/2021\/03\/ju-1-300x225.jpeg 300w, https:\/\/webvasco.com\/artigos\/wp-content\/uploads\/2021\/03\/ju-1-150x113.jpeg 150w, https:\/\/webvasco.com\/artigos\/wp-content\/uploads\/2021\/03\/ju-1-768x576.jpeg 768w, https:\/\/webvasco.com\/artigos\/wp-content\/uploads\/2021\/03\/ju-1-1024x768.jpeg 1024w, https:\/\/webvasco.com\/artigos\/wp-content\/uploads\/2021\/03\/ju-1.jpeg 1280w\" sizes=\"auto, (max-width: 300px) 100vw, 300px\" \/><\/a><\/p>\n","protected":false},"excerpt":{"rendered":"<p>ELAS &amp; O PROFESSOR POR LUIZ CARLOS ROCHA A entrevista de mar\u00e7o de 2021, com&#8230;<\/p>\n","protected":false},"author":7,"featured_media":9048,"comment_status":"open","ping_status":"closed","sticky":false,"template":"","format":"standard","meta":{"footnotes":""},"categories":[27],"tags":[],"class_list":["post-9047","post","type-post","status-publish","format-standard","has-post-thumbnail","hentry","category-elas-e-o-professor"],"_links":{"self":[{"href":"https:\/\/webvasco.com\/artigos\/wp-json\/wp\/v2\/posts\/9047","targetHints":{"allow":["GET"]}}],"collection":[{"href":"https:\/\/webvasco.com\/artigos\/wp-json\/wp\/v2\/posts"}],"about":[{"href":"https:\/\/webvasco.com\/artigos\/wp-json\/wp\/v2\/types\/post"}],"author":[{"embeddable":true,"href":"https:\/\/webvasco.com\/artigos\/wp-json\/wp\/v2\/users\/7"}],"replies":[{"embeddable":true,"href":"https:\/\/webvasco.com\/artigos\/wp-json\/wp\/v2\/comments?post=9047"}],"version-history":[{"count":3,"href":"https:\/\/webvasco.com\/artigos\/wp-json\/wp\/v2\/posts\/9047\/revisions"}],"predecessor-version":[{"id":9059,"href":"https:\/\/webvasco.com\/artigos\/wp-json\/wp\/v2\/posts\/9047\/revisions\/9059"}],"wp:featuredmedia":[{"embeddable":true,"href":"https:\/\/webvasco.com\/artigos\/wp-json\/wp\/v2\/media\/9048"}],"wp:attachment":[{"href":"https:\/\/webvasco.com\/artigos\/wp-json\/wp\/v2\/media?parent=9047"}],"wp:term":[{"taxonomy":"category","embeddable":true,"href":"https:\/\/webvasco.com\/artigos\/wp-json\/wp\/v2\/categories?post=9047"},{"taxonomy":"post_tag","embeddable":true,"href":"https:\/\/webvasco.com\/artigos\/wp-json\/wp\/v2\/tags?post=9047"}],"curies":[{"name":"wp","href":"https:\/\/api.w.org\/{rel}","templated":true}]}}