{"id":906,"date":"2014-07-25T12:35:36","date_gmt":"2014-07-25T15:35:36","guid":{"rendered":"http:\/\/webvasco.com\/artigos\/?p=906"},"modified":"2014-07-25T12:42:47","modified_gmt":"2014-07-25T15:42:47","slug":"julio-brant-candidato-da-chapa-sempre-vasco-fala-de-sua-relao-com-o-vasco-e-publica-sua-carteirinha-de-scio-de-criana","status":"publish","type":"post","link":"https:\/\/webvasco.com\/artigos\/colunistas\/marcus-simonini\/julio-brant-candidato-da-chapa-sempre-vasco-fala-de-sua-relao-com-o-vasco-e-publica-sua-carteirinha-de-scio-de-criana\/","title":{"rendered":"Julio Brant, candidato da chapa Sempre Vasco, fala de sua rela&ccedil;&atilde;o com o Vasco e publica sua carteirinha de s&oacute;cio de crian&ccedil;a"},"content":{"rendered":"<div>\n<div dir='ltr'><span class=\"noticia-data\">PARA QUEM FICA DIZENDO POR A\u00cd QUE O JULIO BRANT N\u00c3O CONHECE O VASCO. CONHECE SIM E MUITO BEM! S\u00c3O VELHOS AMIGOS!<\/span><br \/><span class=\"noticia-data\"><\/span>&nbsp;<br \/><span class=\"noticia-data\">Sexta-feira, 25\/07\/2014  &#8211; 08:11<\/span> <\/p>\n<div class=\"noticia-subheader-container\">\n<div class=\"plugins-sociais\">&nbsp;<\/div>\n<\/div>\n<p><qfcqdga>Candidato \u00e0 presid\u00eancia do Vasco, pela chapa \u201c<a style=\"color: rgb(0, 102, 0); text-decoration: underline; border-bottom-color: currentColor; border-bottom-width: 1px; border-bottom-style: dotted;\" href=\"http:\/\/www.netvasco.com.br\/n\/149667\/julio-brant-candidato-da-chapa-sempre-vasco-fala-de-sua-relacao-com-o-vasco-e-publica-sua-carteirinha-de-socio-de-crianca#\" rel=\"nofollow\">Sempre<\/a> Vasco\u201d, Julio Brant tem uma longa rela\u00e7\u00e3o com o time cruzmaltino, apesar de nunca ter participado da pol\u00edtica do clube. Julio \u00e9 s\u00f3cio desde os dez anos, heran\u00e7a dos av\u00f3s e pais, que o levavam, ainda garoto, para os treinos e jogos do Vasco em S\u00e3o Janu\u00e1rio.  <\/qfcqdga><\/p>\n<p><qfcqdga>\u201cAprendi a nadar no clube com tr\u00eas anos. Tenho muito orgulho de estar rodeado de uma <a style=\"color: rgb(0, 102, 0); text-decoration: underline; border-bottom-color: currentColor; border-bottom-width: 1px; border-bottom-style: dotted;\" href=\"http:\/\/www.netvasco.com.br\/n\/149667\/julio-brant-candidato-da-chapa-sempre-vasco-fala-de-sua-relacao-com-o-vasco-e-publica-sua-carteirinha-de-socio-de-crianca#\" rel=\"nofollow\">fam\u00edlia<\/a><\/qfcqdga><qfcqdga>&nbsp; de vasca\u00ednos. Todos, sem exce\u00e7\u00e3o, torcem para o Vasco e s\u00e3o s\u00f3cios. Meu av\u00f4 me levava aos jogos, depois foi a <a style=\"color: rgb(0, 102, 0); text-decoration: underline; border-bottom-color: currentColor; border-bottom-width: 1px; border-bottom-style: dotted;\" href=\"http:\/\/www.netvasco.com.br\/n\/149667\/julio-brant-candidato-da-chapa-sempre-vasco-fala-de-sua-relacao-com-o-vasco-e-publica-sua-carteirinha-de-socio-de-crianca#\" rel=\"nofollow\">vez<\/a> do meu pai e, agora, fa\u00e7o o mesmo com o meu filho de dez anos\u201d, explicou Julio Brant, de 37 anos. <\/qfcqdga><\/p>\n<p><qfcqdga>A <a style=\"color: rgb(0, 102, 0); text-decoration: underline; border-bottom-color: currentColor; border-bottom-width: 1px; border-bottom-style: dotted;\" href=\"http:\/\/www.netvasco.com.br\/n\/149667\/julio-brant-candidato-da-chapa-sempre-vasco-fala-de-sua-relacao-com-o-vasco-e-publica-sua-carteirinha-de-socio-de-crianca#\" rel=\"nofollow\">paix\u00e3o<\/a> de inf\u00e2ncia pelo Vasco da Gama nasceu na zona norte do Rio. Foi no M\u00e9ier (onde nasceu e cresceu) que o hoje bem sucedido executivo teve sua primeira liga\u00e7\u00e3o com o clube.  <\/qfcqdga><\/p>\n<p>&#8220;Ir a S\u00e3o Janu\u00e1rio foi uma rotina gostosa que aprendi bem cedo. Fosse de trem, de \u00f4nibus ou de qualquer forma&#8221;. <\/p>\n<p>A paix\u00e3o de quem frequentou e frequenta as arquibancadas de S\u00e3o Janu\u00e1rio fez com que Julio Brant, pela primeira vez, manifestasse interesse em gerir o clube do cora\u00e7\u00e3o. <\/p>\n<p>\u201cSou mais um entre v\u00e1rios torcedores que almeja mudan\u00e7as. A minha insatisfa\u00e7\u00e3o \u00e9 a mesma do Edmundo, por isso estamos h\u00e1 algum tempo, nos preparando e estudando alternativas para uma nova gest\u00e3o. Seguramente estou preparado para recolocar o Vasco no rumo certo. Em breve vou expor meus objetivos para esse novo modelo de gest\u00e3o que o clube necessita\u201d, finalizou. <\/p>\n<div id=\"galeria2\">\n<table>\n<tbody>\n<tr>\n<td><a title=\"\" class=\"thickbox\" href=\"http:\/\/www.netvasco.com.br\/news\/noticias16\/arquivos\/20140724-1633-1-.jpg\" rel=\"gallery\"><img decoding=\"async\" class=\"imagemgaleria\" alt=\"\" src=\"http:\/\/www.netvasco.com.br\/news\/noticias16\/arquivos\/20140724-1633-1-_mini.jpg\"\/><br \/><\/a><\/td>\n<\/tr>\n<tr><\/tr>\n<\/tbody>\n<\/table>\n<\/div>\n<p>Fonte: Facebook Fair Play Assessoria <br \/>&nbsp;<br \/><a href=\"http:\/\/www.netvasco.com.br\/n\/149667\/julio-brant-candidato-da-chapa-sempre-vasco-fala-de-sua-relacao-com-o-vasco-e-publica-sua-carteirinha-de-socio-de-crianca\"><\/a><a href=\"http:\/\/www.netvasco.com.br\/n\/149667\/julio-brant-candidato-da-chapa-sempre-vasco-fala-de-sua-relacao-com-o-vasco-e-publica-sua-carteirinha-de-socio-de-crianca\" >http:\/\/www.netvasco.com.br\/n\/149667\/julio-brant-candidato-da-chapa-sempre-vasco-fala-de-sua-relacao-com-o-vasco-e-publica-sua-carteirinha-de-socio-de-crianca<\/a> \t\t \t   \t\t  <\/p>\n<\/div>\n<\/div>\n<p><\/p>\n","protected":false},"excerpt":{"rendered":"<p>PARA QUEM FICA DIZENDO POR A\u00cd QUE O JULIO BRANT N\u00c3O CONHECE O VASCO. CONHECE&#8230;<\/p>\n","protected":false},"author":8,"featured_media":907,"comment_status":"open","ping_status":"closed","sticky":false,"template":"","format":"standard","meta":{"footnotes":""},"categories":[6],"tags":[],"class_list":["post-906","post","type-post","status-publish","format-standard","has-post-thumbnail","hentry","category-marcus-simonini"],"_links":{"self":[{"href":"https:\/\/webvasco.com\/artigos\/wp-json\/wp\/v2\/posts\/906","targetHints":{"allow":["GET"]}}],"collection":[{"href":"https:\/\/webvasco.com\/artigos\/wp-json\/wp\/v2\/posts"}],"about":[{"href":"https:\/\/webvasco.com\/artigos\/wp-json\/wp\/v2\/types\/post"}],"author":[{"embeddable":true,"href":"https:\/\/webvasco.com\/artigos\/wp-json\/wp\/v2\/users\/8"}],"replies":[{"embeddable":true,"href":"https:\/\/webvasco.com\/artigos\/wp-json\/wp\/v2\/comments?post=906"}],"version-history":[{"count":0,"href":"https:\/\/webvasco.com\/artigos\/wp-json\/wp\/v2\/posts\/906\/revisions"}],"wp:featuredmedia":[{"embeddable":true,"href":"https:\/\/webvasco.com\/artigos\/wp-json\/wp\/v2\/media\/907"}],"wp:attachment":[{"href":"https:\/\/webvasco.com\/artigos\/wp-json\/wp\/v2\/media?parent=906"}],"wp:term":[{"taxonomy":"category","embeddable":true,"href":"https:\/\/webvasco.com\/artigos\/wp-json\/wp\/v2\/categories?post=906"},{"taxonomy":"post_tag","embeddable":true,"href":"https:\/\/webvasco.com\/artigos\/wp-json\/wp\/v2\/tags?post=906"}],"curies":[{"name":"wp","href":"https:\/\/api.w.org\/{rel}","templated":true}]}}