{"id":910,"date":"2014-08-01T18:26:31","date_gmt":"2014-08-01T21:26:31","guid":{"rendered":"http:\/\/webvasco.com\/artigos\/?p=910"},"modified":"2014-08-01T18:42:36","modified_gmt":"2014-08-01T21:42:36","slug":"c-r-inacreditvel-da-gama-2","status":"publish","type":"post","link":"https:\/\/webvasco.com\/artigos\/colunistas\/marcus-simonini\/c-r-inacreditvel-da-gama-2\/","title":{"rendered":"C.R. Inacredit&aacute;vel da Gama"},"content":{"rendered":"<div>\n<div dir='ltr'>&nbsp;<\/p>\n<div>\n<div dir=\"ltr\">    PARA IMPEDIR O QUE VOC\u00ca VAI LER LOGO ABAIXO VOTE SEMPRE VASCO! VOTE JULIO BRANT! E VAMOS JUNTOS RENOVAR O VASCO! <\/div>\n<div dir=\"ltr\">&nbsp;<\/div>\n<div dir=\"ltr\">EST\u00c1 NA HORA DO NOSSO VASC\u00c3O ENTRAR NO S\u00c9CULO XXI DO FUTEBOL MUNDIAL! COMPARE\u00c7A \u00c0S ELEI\u00c7\u00d5ES E VOTE EM JULIO BRANT!<\/div>\n<div dir=\"ltr\">\n<div>  <\/div>\n<header id=\"header\">\n<div align=\"justify\" class=\"ecxhfeed\">\n<div id=\"ecx_atssh\" style=\"width: 1px; height: 1px; visibility: hidden;\"><\/div>\n<\/div>\n<\/header>\n<section id=\"ecxmain\">\n<div align=\"justify\" class=\"ecxsingle-post\" id=\"ecxcontent\">\n<div class=\"ecxpost-21178 ecxpost ecxtype-post ecxstatus-publish ecxformat-standard ecxhas-post-thumbnail ecxhentry ecxcategory-destaque-2 ecxcategory-vasco ecxtag-divida ecxtag-elei ecxtag-eleicoes-2014 ecxtag-eurico-miranda ecxtag-justica ecxtag-vasco\" id=\"ecxpost-21178\">\n<header class=\"ecxentry-header\"><a href=\"http:\/\/71172.api-04.com\/serve?action=click&amp;publisher_id=71172&amp;site_id=51228&amp;offer_id=281286&amp;advertiser_sub_campaign=Blog_do_Rica&amp;advertiser_sub_ad=Copa_do_Mundo\" target=\"_blank\"><\/a>&nbsp;   <\/p>\n<h1>C.R. Inacredit\u00e1vel da Gama<\/h1>\n<div class=\"ecxentry-meta\"><strong><font color=\"#ff0000\"><span class=\"ecxdate\"><\/span><\/font><\/strong>&nbsp;<\/div>\n<\/header>\n<div class=\"ecxentry-content\"> <img loading=\"lazy\" decoding=\"async\" width=\"606\" height=\"455\" class=\"ecxaligncenter ecxsize-full ecxwp-image-21179\" alt=\"\" src=\"http&#58;\/\/www.ricaperrone.com.br\/wp-content\/uploads\/2014\/07\/euricomirandatrolla.jpg\"\/>,<\/div>\n<div class=\"ecxentry-content\"> Eu tive que ligar pra advogados pra tentar acreditar. Mas \u00e9 isso mesmo, e  como algu\u00e9m que quer ver um futebol melhor, preciso ver um Vasco forte e  organizado.<\/div>\n<div class=\"ecxentry-content\"> Eurico Miranda \u00e9 candidato de oposi\u00e7\u00e3o no Vasco. &nbsp;Eu nunca falei com  Eurico, portanto vou evitar aqueles ataques pessoais desnecess\u00e1rios quando se  discorda de algu\u00e9m no campo profissional. <\/div>\n<div class=\"ecxentry-content\">Mas ontem aconteceu algo que deveria ser destaque na m\u00eddia que tanto diz  querer um futebol melhor. <\/div>\n<div class=\"ecxentry-content\">Eurico perdeu um recurso na justi\u00e7a para o clube e est\u00e1 sendo cobrado em 3  milh\u00f5es de reais pelo Vasco da Gama. A partir da decis\u00e3o desta quinta-feira o  clube pode executar a a\u00e7\u00e3o. <\/div>\n<div class=\"ecxentry-content\">Como eu, voc\u00ea n\u00e3o deve ter entendido bem esses termos. Vou pro popular:  Eurico perdeu ontem na justi\u00e7a e agora o Vasco pode cobrar os 3 milh\u00f5es que ele  deve ao clube. <\/div>\n<div class=\"ecxentry-content\">S\u00f3 que isso seria \u201cbobagem\u201d n\u00e3o fosse o fato dele ser candidato a assumir o  clube que o processa. E portanto, vencendo, pode at\u00e9 retirar a a\u00e7\u00e3o, al\u00e9m do  absurdo que seria ter em sua presid\u00eancia um r\u00e9u de um processo aberto pela sua  entidade.<br \/> H\u00e1 uma den\u00fancia no conselho deliberativo do clube formalizada pedindo a  exclus\u00e3o de Eurico Miranda n\u00e3o apenas das elei\u00e7\u00f5es, onde h\u00e1 claro conflito de  interesses, mas tamb\u00e9m do quadro social. <\/div>\n<div class=\"ecxentry-content\">Internamente Eurico \u00e9 muito forte. Mas h\u00e1 um movimento de fora pra dentro  interessante de pessoas tentando \u201ctomar\u201d o Vasco para, enfim, mud\u00e1-lo. <\/div>\n<div class=\"ecxentry-content\">Eu n\u00e3o me posiciono sobre pol\u00edtica de clube porque acho um saco. Al\u00e9m de  considerar pouco relevante ao torcedor comum o que os \u201cs\u00f3cios\u201d, e portanto  \u201cdonos\u201d, n\u00e3o fazem quest\u00e3o de mudar. <\/div>\n<div class=\"ecxentry-content\">Mas neste caso, meus amigos, se o discurso hoje \u00e9 por um futebol melhor, como  \u00e9 poss\u00edvel imaginar um presidente que processa ele mesmo? Ou algu\u00e9m condenado a  pagar para o clube 3 milh\u00f5es de reais retomando o poder? <\/div>\n<div class=\"ecxentry-content\">E pior: Quem sabe at\u00e9 retirando a a\u00e7\u00e3o contra ele mesmo. <\/div>\n<div class=\"ecxentry-content\">\u00c9 bizarro. Inacredit\u00e1vel. Um soco no est\u00f4mago da hist\u00f3ria vasca\u00edna essa  candidatura. <\/div>\n<div class=\"ecxentry-content\">abs,<br \/> <strong>RicaPerrone<\/strong><br \/> <strong><font color=\"#800000\" size=\"4\">FONTE:<\/font><\/strong> <a href=\"http:\/\/www.ricaperrone.com.br\/cr-inacreditavel-eurico\/\" target=\"_blank\"><\/a><a href=\"http:\/\/www.ricaperrone.com.br\/cr-inacreditavel-eurico\/\" >http:\/\/www.ricaperrone.com.br\/cr-inacreditavel-eurico\/<\/a><\/div>\n<\/div>\n<\/div>\n<\/section>\n<\/div>\n<div dir=\"ltr\"> \t\t \t   \t\t  <\/div>\n<\/div><\/div>\n<\/div>\n<p><\/p>\n","protected":false},"excerpt":{"rendered":"<p>&nbsp; PARA IMPEDIR O QUE VOC\u00ca VAI LER LOGO ABAIXO VOTE SEMPRE VASCO! VOTE JULIO&#8230;<\/p>\n","protected":false},"author":8,"featured_media":21179,"comment_status":"open","ping_status":"closed","sticky":false,"template":"","format":"standard","meta":{"footnotes":""},"categories":[6],"tags":[],"class_list":["post-910","post","type-post","status-publish","format-standard","has-post-thumbnail","hentry","category-marcus-simonini"],"_links":{"self":[{"href":"https:\/\/webvasco.com\/artigos\/wp-json\/wp\/v2\/posts\/910","targetHints":{"allow":["GET"]}}],"collection":[{"href":"https:\/\/webvasco.com\/artigos\/wp-json\/wp\/v2\/posts"}],"about":[{"href":"https:\/\/webvasco.com\/artigos\/wp-json\/wp\/v2\/types\/post"}],"author":[{"embeddable":true,"href":"https:\/\/webvasco.com\/artigos\/wp-json\/wp\/v2\/users\/8"}],"replies":[{"embeddable":true,"href":"https:\/\/webvasco.com\/artigos\/wp-json\/wp\/v2\/comments?post=910"}],"version-history":[{"count":0,"href":"https:\/\/webvasco.com\/artigos\/wp-json\/wp\/v2\/posts\/910\/revisions"}],"wp:featuredmedia":[{"embeddable":true,"href":"https:\/\/webvasco.com\/artigos\/wp-json\/"}],"wp:attachment":[{"href":"https:\/\/webvasco.com\/artigos\/wp-json\/wp\/v2\/media?parent=910"}],"wp:term":[{"taxonomy":"category","embeddable":true,"href":"https:\/\/webvasco.com\/artigos\/wp-json\/wp\/v2\/categories?post=910"},{"taxonomy":"post_tag","embeddable":true,"href":"https:\/\/webvasco.com\/artigos\/wp-json\/wp\/v2\/tags?post=910"}],"curies":[{"name":"wp","href":"https:\/\/api.w.org\/{rel}","templated":true}]}}