{"id":9101,"date":"2021-05-31T22:55:41","date_gmt":"2021-06-01T01:55:41","guid":{"rendered":"https:\/\/webvasco.com\/artigos\/?p=9101"},"modified":"2021-05-31T22:55:43","modified_gmt":"2021-06-01T01:55:43","slug":"elas-o-professor-cris","status":"publish","type":"post","link":"https:\/\/webvasco.com\/artigos\/temas\/elas-e-o-professor\/elas-o-professor-cris\/","title":{"rendered":"ELAS &#038; O PROFESSOR &#8211; CRIS"},"content":{"rendered":"\n<p>A entrevista de maio de 2021, com Cristiane Alves Sampaio \u00e9 dedicada \u00e0 mais bela das vasca\u00ednas, que sempre ser\u00e1 a minha fonte de inspira\u00e7\u00e3o, o amor da minha vida: \u00darsulla Rocha.<\/p>\n\n\n\n<p><strong>CRIS,<\/strong> analista de sistemas e programadora, 44 anos, separada, m\u00e3e da Maria Fernanda, (07 anos, tamb\u00e9m vasca\u00edna), moradora do bairro de S\u00e3o Crist\u00f3v\u00e3o\/RJ, ariana, ama comida japonesa. Nas horas vagas vai para o samba, pois afirmou que vive esse clima de batuque o ano inteiro. Por adorar carnaval sua Escola de Samba de cora\u00e7\u00e3o \u00e9 a Esta\u00e7\u00e3o Primeira de Mangueira. De fam\u00edlia genuinamente portuguesa. Tem o privil\u00e9gio de ter S\u00e3o Janu\u00e1rio como quintal de casa, tendo inclusive uma vista para o gramado. Frequenta o Caldeir\u00e3o desde a inf\u00e2ncia, colecionando broncas do Sr. Agenor, o Salva Vidas. Muito f\u00e3 de Sorato, torcia para encontrar o jogador nas depend\u00eancias do clube, para pegar um aut\u00f3grafo.<\/p>\n\n\n\n<p><strong>Voc\u00ea acredita na administra\u00e7\u00e3o do presidente Jorge Salgado?<\/strong><br \/>Sim, acredito. Ele se mostra empenhado em renovar e mudar a administra\u00e7\u00e3o do clube.<\/p>\n\n\n\n<p><strong>Emprestar dinheiro pessoal ao clube \u00e9 \u00e9tico? (Presidente teve tal atitude)\u00a0<\/strong><br \/>N\u00e3o acho que seja \u00e9tico, e n\u00e3o acredito que tenha sido apenas no amor. N\u00e3o sei em quais termos esse empr\u00e9stimo foi feito. Mas acho que para o Vasco foi bom neg\u00f3cio.<\/p>\n\n\n\n<p><strong>A quantia de 23 milh\u00f5es para quem n\u00e3o t\u00eam sal\u00e1rio no clube e ainda corre o risco de n\u00e3o ver de volta n\u00e3o \u00e9 surreal em termos de aposta na pr\u00f3pria gest\u00e3o?<\/strong><br \/>Justamente por isso, n\u00e3o acredito que tenha sido apenas no amor.<\/p>\n\n\n\n<p><strong>A venda do atleta Talles Magno poder\u00e1 resolver muitas quest\u00f5es financeiras do Vasco da Gama?<\/strong><br \/>Sim, sem sombra de d\u00favidas. Uma pena, porque estamos perdendo um excelente jogador, mas faz-se necess\u00e1rio.<\/p>\n\n\n\n<p><strong>Comenta-se em S\u00e3o Janu\u00e1rio que o atacante Diego Souza poder\u00e1 ser repatriado. Faria uma boa dupla com Germ\u00e1n Cano? <\/strong><br \/>Com certeza, se continuar jogando como est\u00e1 no Gr\u00eamio<strong>.<\/strong><\/p>\n\n\n\n<p><strong>O clube de maior express\u00e3o antes do Cruz-Maltino foi o Ava\u00ed. Sendo assim, Daniel Amorim foi uma boa contrata\u00e7\u00e3o?<\/strong><br \/>Sim, pois acho que \u00e9 uma aposta v\u00e1lida. Ele tem bons n\u00fameros pelo Avai, e tamb\u00e9m bons n\u00fameros no Campeonato Mineiro 2021, pela Tombense. Na carreira toda, os n\u00fameros s\u00e3o medianos. Mas acho que \u00e9 uma aposta relevante, tendo em vista, que o n\u00edvel t\u00e9cnico da S\u00e9rie B \u00e9 mais baixo.<\/p>\n\n\n\n<p><strong>Podemos esperar o t\u00edtulo da S\u00e9rie B, do Campeonato Brasileiro, ou apenas o retorno para a Primeira Divis\u00e3o?<\/strong><br \/>Temos de esperar o t\u00edtulo, n\u00e3o d\u00e1 para se acomodar e ficar Se contentando com o pr\u00eamio de consola\u00e7\u00e3o.<\/p>\n\n\n\n<p><strong>O Gigante da Colina necessita de uma figura de um Embaixador, para representar o clube no exterior, visando investimentos de peso?<\/strong><br \/>Sim.<\/p>\n\n\n\n<p><strong>Est\u00e1 Salgado ver as utopias de Jorge ou s\u00e3o apenas planos de um presidente sonhador?<\/strong><br \/>Gostaria de conseguir entrar na viagem dele, mas est\u00e1 puxado.<\/p>\n\n\n\n<p><strong>O que o gol do Sorato, na decis\u00e3o do Brasileir\u00e3o de 1989, contra o S\u00e3o Paulo, em pleno Morumbi representou para voc\u00ea? <\/strong><br \/>Sabe uma pessoa realizada? Foi o nosso conto de fadas com final feliz.<\/p>\n\n\n\n<p><strong>Por morar perto do Caldeir\u00e3o voc\u00ea vai a todos os jogos? <\/strong><br \/>Infelizmente n\u00e3o consigo, porque tenho uma filha pequena, e n\u00e3o me sinto confort\u00e1vel em lev\u00e1-la para o est\u00e1dio.<\/p>\n\n\n\n<p><strong>Qual atleta da \u00e9poca do Sorato voc\u00ea gostaria de ver hoje no plantel vasca\u00edno?<\/strong><br \/>Al\u00e9m do Sorato, meu \u00eddolo, certamente o Pedrinho. Foi um excelente jogador que infelizmente teve sua carreira extremamente prejudica por uma entrada de carrinho maldosa num jogo contra o Cruzeiro.<\/p>\n\n\n\n<p><strong><u>FOTOGRAFIAS \u00a0FORNECIDAS PELO ARQUIVO PESSOAL DA ENTREVISTADA.<\/u><\/strong><\/p>\n\n\n\n<figure class=\"wp-block-gallery columns-3 is-cropped wp-block-gallery-1 is-layout-flex wp-block-gallery-is-layout-flex\"><ul class=\"blocks-gallery-grid\"><li class=\"blocks-gallery-item\"><figure><a href=\"https:\/\/webvasco.com\/artigos\/wp-content\/uploads\/2021\/05\/c1-rotated.jpeg\"><img loading=\"lazy\" decoding=\"async\" width=\"768\" height=\"1024\" src=\"https:\/\/webvasco.com\/artigos\/wp-content\/uploads\/2021\/05\/c1-768x1024.jpeg\" alt=\"\" data-id=\"9102\" data-full-url=\"https:\/\/webvasco.com\/artigos\/wp-content\/uploads\/2021\/05\/c1-rotated.jpeg\" data-link=\"https:\/\/webvasco.com\/artigos\/?attachment_id=9102\" class=\"wp-image-9102\" srcset=\"https:\/\/webvasco.com\/artigos\/wp-content\/uploads\/2021\/05\/c1-768x1024.jpeg 768w, https:\/\/webvasco.com\/artigos\/wp-content\/uploads\/2021\/05\/c1-225x300.jpeg 225w, https:\/\/webvasco.com\/artigos\/wp-content\/uploads\/2021\/05\/c1-113x150.jpeg 113w, https:\/\/webvasco.com\/artigos\/wp-content\/uploads\/2021\/05\/c1-rotated.jpeg 960w\" sizes=\"auto, (max-width: 768px) 100vw, 768px\" \/><\/a><\/figure><\/li><li class=\"blocks-gallery-item\"><figure><a href=\"https:\/\/webvasco.com\/artigos\/wp-content\/uploads\/2021\/05\/c2-rotated.jpeg\"><img loading=\"lazy\" decoding=\"async\" width=\"768\" height=\"1024\" src=\"https:\/\/webvasco.com\/artigos\/wp-content\/uploads\/2021\/05\/c2-768x1024.jpeg\" alt=\"\" data-id=\"9103\" data-full-url=\"https:\/\/webvasco.com\/artigos\/wp-content\/uploads\/2021\/05\/c2-rotated.jpeg\" data-link=\"https:\/\/webvasco.com\/artigos\/?attachment_id=9103\" class=\"wp-image-9103\" srcset=\"https:\/\/webvasco.com\/artigos\/wp-content\/uploads\/2021\/05\/c2-768x1024.jpeg 768w, https:\/\/webvasco.com\/artigos\/wp-content\/uploads\/2021\/05\/c2-225x300.jpeg 225w, https:\/\/webvasco.com\/artigos\/wp-content\/uploads\/2021\/05\/c2-113x150.jpeg 113w, https:\/\/webvasco.com\/artigos\/wp-content\/uploads\/2021\/05\/c2-rotated.jpeg 960w\" sizes=\"auto, (max-width: 768px) 100vw, 768px\" \/><\/a><\/figure><\/li><li class=\"blocks-gallery-item\"><figure><a href=\"https:\/\/webvasco.com\/artigos\/wp-content\/uploads\/2021\/05\/c3.jpeg\"><img loading=\"lazy\" decoding=\"async\" width=\"1024\" height=\"768\" src=\"https:\/\/webvasco.com\/artigos\/wp-content\/uploads\/2021\/05\/c3-1024x768.jpeg\" alt=\"\" data-id=\"9104\" data-full-url=\"https:\/\/webvasco.com\/artigos\/wp-content\/uploads\/2021\/05\/c3.jpeg\" data-link=\"https:\/\/webvasco.com\/artigos\/?attachment_id=9104\" class=\"wp-image-9104\" srcset=\"https:\/\/webvasco.com\/artigos\/wp-content\/uploads\/2021\/05\/c3-1024x768.jpeg 1024w, https:\/\/webvasco.com\/artigos\/wp-content\/uploads\/2021\/05\/c3-300x225.jpeg 300w, https:\/\/webvasco.com\/artigos\/wp-content\/uploads\/2021\/05\/c3-150x113.jpeg 150w, https:\/\/webvasco.com\/artigos\/wp-content\/uploads\/2021\/05\/c3-768x576.jpeg 768w, https:\/\/webvasco.com\/artigos\/wp-content\/uploads\/2021\/05\/c3.jpeg 1280w\" sizes=\"auto, (max-width: 1024px) 100vw, 1024px\" \/><\/a><\/figure><\/li><li class=\"blocks-gallery-item\"><figure><a href=\"https:\/\/webvasco.com\/artigos\/wp-content\/uploads\/2021\/05\/c4.jpeg\"><img loading=\"lazy\" decoding=\"async\" width=\"768\" height=\"1024\" src=\"https:\/\/webvasco.com\/artigos\/wp-content\/uploads\/2021\/05\/c4-768x1024.jpeg\" alt=\"\" data-id=\"9105\" data-full-url=\"https:\/\/webvasco.com\/artigos\/wp-content\/uploads\/2021\/05\/c4.jpeg\" data-link=\"https:\/\/webvasco.com\/artigos\/?attachment_id=9105\" class=\"wp-image-9105\" srcset=\"https:\/\/webvasco.com\/artigos\/wp-content\/uploads\/2021\/05\/c4-768x1024.jpeg 768w, https:\/\/webvasco.com\/artigos\/wp-content\/uploads\/2021\/05\/c4-225x300.jpeg 225w, https:\/\/webvasco.com\/artigos\/wp-content\/uploads\/2021\/05\/c4-113x150.jpeg 113w, https:\/\/webvasco.com\/artigos\/wp-content\/uploads\/2021\/05\/c4.jpeg 960w\" sizes=\"auto, (max-width: 768px) 100vw, 768px\" \/><\/a><\/figure><\/li><li class=\"blocks-gallery-item\"><figure><a href=\"https:\/\/webvasco.com\/artigos\/wp-content\/uploads\/2021\/05\/c5.jpeg\"><img loading=\"lazy\" decoding=\"async\" width=\"1024\" height=\"480\" src=\"https:\/\/webvasco.com\/artigos\/wp-content\/uploads\/2021\/05\/c5.jpeg\" alt=\"\" data-id=\"9106\" data-full-url=\"https:\/\/webvasco.com\/artigos\/wp-content\/uploads\/2021\/05\/c5.jpeg\" data-link=\"https:\/\/webvasco.com\/artigos\/?attachment_id=9106\" class=\"wp-image-9106\" srcset=\"https:\/\/webvasco.com\/artigos\/wp-content\/uploads\/2021\/05\/c5.jpeg 1024w, https:\/\/webvasco.com\/artigos\/wp-content\/uploads\/2021\/05\/c5-300x141.jpeg 300w, https:\/\/webvasco.com\/artigos\/wp-content\/uploads\/2021\/05\/c5-150x70.jpeg 150w, https:\/\/webvasco.com\/artigos\/wp-content\/uploads\/2021\/05\/c5-768x360.jpeg 768w\" sizes=\"auto, (max-width: 1024px) 100vw, 1024px\" \/><\/a><\/figure><\/li><li class=\"blocks-gallery-item\"><figure><a href=\"https:\/\/webvasco.com\/artigos\/wp-content\/uploads\/2021\/05\/c6.jpeg\"><img loading=\"lazy\" decoding=\"async\" width=\"768\" height=\"1024\" src=\"https:\/\/webvasco.com\/artigos\/wp-content\/uploads\/2021\/05\/c6-768x1024.jpeg\" alt=\"\" data-id=\"9107\" data-full-url=\"https:\/\/webvasco.com\/artigos\/wp-content\/uploads\/2021\/05\/c6.jpeg\" data-link=\"https:\/\/webvasco.com\/artigos\/?attachment_id=9107\" class=\"wp-image-9107\" srcset=\"https:\/\/webvasco.com\/artigos\/wp-content\/uploads\/2021\/05\/c6-768x1024.jpeg 768w, https:\/\/webvasco.com\/artigos\/wp-content\/uploads\/2021\/05\/c6-225x300.jpeg 225w, https:\/\/webvasco.com\/artigos\/wp-content\/uploads\/2021\/05\/c6-113x150.jpeg 113w, https:\/\/webvasco.com\/artigos\/wp-content\/uploads\/2021\/05\/c6.jpeg 960w\" sizes=\"auto, (max-width: 768px) 100vw, 768px\" \/><\/a><\/figure><\/li><li class=\"blocks-gallery-item\"><figure><a href=\"https:\/\/webvasco.com\/artigos\/wp-content\/uploads\/2021\/05\/c7.jpeg\"><img loading=\"lazy\" decoding=\"async\" width=\"737\" height=\"885\" src=\"https:\/\/webvasco.com\/artigos\/wp-content\/uploads\/2021\/05\/c7.jpeg\" alt=\"\" data-id=\"9108\" data-full-url=\"https:\/\/webvasco.com\/artigos\/wp-content\/uploads\/2021\/05\/c7.jpeg\" data-link=\"https:\/\/webvasco.com\/artigos\/?attachment_id=9108\" class=\"wp-image-9108\" srcset=\"https:\/\/webvasco.com\/artigos\/wp-content\/uploads\/2021\/05\/c7.jpeg 737w, https:\/\/webvasco.com\/artigos\/wp-content\/uploads\/2021\/05\/c7-250x300.jpeg 250w, https:\/\/webvasco.com\/artigos\/wp-content\/uploads\/2021\/05\/c7-125x150.jpeg 125w\" sizes=\"auto, (max-width: 737px) 100vw, 737px\" \/><\/a><\/figure><\/li><li class=\"blocks-gallery-item\"><figure><a href=\"https:\/\/webvasco.com\/artigos\/wp-content\/uploads\/2021\/05\/c8.jpeg\"><img loading=\"lazy\" decoding=\"async\" width=\"768\" height=\"1024\" src=\"https:\/\/webvasco.com\/artigos\/wp-content\/uploads\/2021\/05\/c8-768x1024.jpeg\" alt=\"\" data-id=\"9109\" data-full-url=\"https:\/\/webvasco.com\/artigos\/wp-content\/uploads\/2021\/05\/c8.jpeg\" data-link=\"https:\/\/webvasco.com\/artigos\/?attachment_id=9109\" class=\"wp-image-9109\" srcset=\"https:\/\/webvasco.com\/artigos\/wp-content\/uploads\/2021\/05\/c8-768x1024.jpeg 768w, https:\/\/webvasco.com\/artigos\/wp-content\/uploads\/2021\/05\/c8-225x300.jpeg 225w, https:\/\/webvasco.com\/artigos\/wp-content\/uploads\/2021\/05\/c8-113x150.jpeg 113w, https:\/\/webvasco.com\/artigos\/wp-content\/uploads\/2021\/05\/c8.jpeg 960w\" sizes=\"auto, (max-width: 768px) 100vw, 768px\" \/><\/a><\/figure><\/li><li class=\"blocks-gallery-item\"><figure><a href=\"https:\/\/webvasco.com\/artigos\/wp-content\/uploads\/2021\/05\/c9.jpeg\"><img loading=\"lazy\" decoding=\"async\" width=\"768\" height=\"1024\" src=\"https:\/\/webvasco.com\/artigos\/wp-content\/uploads\/2021\/05\/c9-768x1024.jpeg\" alt=\"\" data-id=\"9110\" data-full-url=\"https:\/\/webvasco.com\/artigos\/wp-content\/uploads\/2021\/05\/c9.jpeg\" data-link=\"https:\/\/webvasco.com\/artigos\/?attachment_id=9110\" class=\"wp-image-9110\" srcset=\"https:\/\/webvasco.com\/artigos\/wp-content\/uploads\/2021\/05\/c9-768x1024.jpeg 768w, https:\/\/webvasco.com\/artigos\/wp-content\/uploads\/2021\/05\/c9-225x300.jpeg 225w, https:\/\/webvasco.com\/artigos\/wp-content\/uploads\/2021\/05\/c9-113x150.jpeg 113w, https:\/\/webvasco.com\/artigos\/wp-content\/uploads\/2021\/05\/c9.jpeg 960w\" sizes=\"auto, (max-width: 768px) 100vw, 768px\" \/><\/a><\/figure><\/li><\/ul><\/figure>\n","protected":false},"excerpt":{"rendered":"<p>A entrevista de maio de 2021, com Cristiane Alves Sampaio \u00e9 dedicada \u00e0 mais bela&#8230;<\/p>\n","protected":false},"author":7,"featured_media":9111,"comment_status":"open","ping_status":"closed","sticky":false,"template":"","format":"standard","meta":{"footnotes":""},"categories":[27],"tags":[],"class_list":["post-9101","post","type-post","status-publish","format-standard","has-post-thumbnail","hentry","category-elas-e-o-professor"],"_links":{"self":[{"href":"https:\/\/webvasco.com\/artigos\/wp-json\/wp\/v2\/posts\/9101","targetHints":{"allow":["GET"]}}],"collection":[{"href":"https:\/\/webvasco.com\/artigos\/wp-json\/wp\/v2\/posts"}],"about":[{"href":"https:\/\/webvasco.com\/artigos\/wp-json\/wp\/v2\/types\/post"}],"author":[{"embeddable":true,"href":"https:\/\/webvasco.com\/artigos\/wp-json\/wp\/v2\/users\/7"}],"replies":[{"embeddable":true,"href":"https:\/\/webvasco.com\/artigos\/wp-json\/wp\/v2\/comments?post=9101"}],"version-history":[{"count":1,"href":"https:\/\/webvasco.com\/artigos\/wp-json\/wp\/v2\/posts\/9101\/revisions"}],"predecessor-version":[{"id":9112,"href":"https:\/\/webvasco.com\/artigos\/wp-json\/wp\/v2\/posts\/9101\/revisions\/9112"}],"wp:featuredmedia":[{"embeddable":true,"href":"https:\/\/webvasco.com\/artigos\/wp-json\/wp\/v2\/media\/9111"}],"wp:attachment":[{"href":"https:\/\/webvasco.com\/artigos\/wp-json\/wp\/v2\/media?parent=9101"}],"wp:term":[{"taxonomy":"category","embeddable":true,"href":"https:\/\/webvasco.com\/artigos\/wp-json\/wp\/v2\/categories?post=9101"},{"taxonomy":"post_tag","embeddable":true,"href":"https:\/\/webvasco.com\/artigos\/wp-json\/wp\/v2\/tags?post=9101"}],"curies":[{"name":"wp","href":"https:\/\/api.w.org\/{rel}","templated":true}]}}