{"id":9114,"date":"2021-06-30T16:56:17","date_gmt":"2021-06-30T19:56:17","guid":{"rendered":"https:\/\/webvasco.com\/artigos\/?p=9114"},"modified":"2021-06-30T16:56:19","modified_gmt":"2021-06-30T19:56:19","slug":"elas-o-professor-nath-castelo","status":"publish","type":"post","link":"https:\/\/webvasco.com\/artigos\/temas\/elas-e-o-professor\/elas-o-professor-nath-castelo\/","title":{"rendered":"ELAS &#038; O PROFESSOR &#8211; NATH CASTELO"},"content":{"rendered":"\n<p>A entrevista de junho de 2021, com Nathalia de F\u00e1tima Castelo de Souza Ricardo \u00e9 dedicada \u00e0 uma vasca\u00edna muito especial, na qual \u00e9, foi e sempre ser\u00e1 a minha fonte de inspira\u00e7\u00e3o, meu amor infinito: \u00darsulla Rocha.<\/p>\n\n\n\n<p><strong>Nath Castelo,<\/strong> estudante de hist\u00f3ria, 21 anos, solteira, moradora do Cachambi, taurina, apreciadora de bacalhau ao molho branco da av\u00f3, quanto ao gosto musical \u00e9 bem ecl\u00e9tica, pois curte rap, pagode, funk, pop, poesia e gospel. Nas horas vagas ama dan\u00e7ar e escutar m\u00fasica, al\u00e9m \u00e9 claro de ver s\u00e9ries e filmes, e uma boa leitura. Sair com os amigos para papear tamb\u00e9m faz parte da rotina. Sua Escola de Samba do cora\u00e7\u00e3o n\u00e3o poderia ser outra: Unidos da Tijuca.<\/p>\n\n\n\n<p>\u00a0<strong>Marcelo Cabo \u00e9 o treinador ideal para O Vasco da Gama?<\/strong><\/p>\n\n\n\n<p>Com certeza n\u00e3o.<\/p>\n\n\n\n<p><strong>Diante dos resultados negativos, por que ele ainda n\u00e3o foi demitido?<\/strong><\/p>\n\n\n\n<p>Al\u00e9m dos motivos financeiros, a nova regra da CBF que imp\u00f5e limites nas trocas de t\u00e9cnicos, ajudou para que ele n\u00e3o fosse demitido.<\/p>\n\n\n\n<p><strong>O Cruzmaltino defendeu negros e oper\u00e1rios outrora. Agora acertou mais uma vez, quando decidiu lutar contra o preconceito sexual?<\/strong><\/p>\n\n\n\n<p>Claro. Sempre lutamos contra os preconceitos, isso faz parte da nossa hist\u00f3ria. O Vasco acertou em cheio no momento em que decidiu fazer essa bela campanha contra o preconceito sexual.<\/p>\n\n\n\n<p><strong>O Gigante est\u00e1 apequenado ou t\u00eam a mesma press\u00e3o futebol\u00edstica de antigamente?<\/strong><\/p>\n\n\n\n<p>No meu ponto de vista, a press\u00e3o sempre vai existir, temos um nome muito grande e uma hist\u00f3ria incr\u00edvel. Ent\u00e3o a press\u00e3o \u00e9 inevit\u00e1vel, mas acredito que falte esperan\u00e7a quando o time entra em campo.<\/p>\n\n\n\n<p><strong>Quais as maiores dificuldades o time est\u00e1 enfrentando na S\u00e9rie B, do Campeonato Brasileiro?<\/strong><\/p>\n\n\n\n<p>Acredito que falte organiza\u00e7\u00e3o e incentivo, temos jogadores bons, mas que precisam de um treinamento mais eficaz e mais organizado. E em rela\u00e7\u00e3o ao incentivo, acredito que falte tanto do lado financeiro quanto do lado pessoal.<\/p>\n\n\n\n<p><strong>Qual a solu\u00e7\u00e3o para jogadores indisciplinados?<\/strong><\/p>\n\n\n\n<p>Um treinamento mais \u201cp\u00e9 firme\u201d. Acredito que deve ser feito um trabalho mais rigoroso com esse tipo de jogador. Um trabalho individual para que esse problema seja minimizado ou at\u00e9 inexistente<\/p>\n\n\n\n<p><strong>A Hist\u00f3ria do Vasc\u00e3o \u00e9 a mais bonita do pa\u00eds?<\/strong><\/p>\n\n\n\n<p>Qui\u00e7\u00e1 do mundo, temos uma bel\u00edssima hist\u00f3ria, todo vasca\u00edno deveria conhecer e se orgulhar muito da camisa que veste.<\/p>\n\n\n\n<p><strong>O Fluminense quer ser o Vasco, mas n\u00e3o t\u00eam a not\u00e1vel trajet\u00f3ria, bem como estrutura desportiva para isso, tampouco torcida (em termos de n\u00fameros)?<\/strong><\/p>\n\n\n\n<p>Sim, a sua hist\u00f3ria que o deixa anos luz na frente de qualquer clube. Acredito que nenhum no Brasil chega aos p\u00e9s do Vasco da Gama. Temos um planejamento que abrange muitas \u00e1reas, digo por experi\u00eancia pr\u00f3pria, fui atleta infanto-juvenil da casa no time de nata\u00e7\u00e3o, e pude ter essa no\u00e7\u00e3o de perto. O Vasco tem uma gigantesca estrutura.<\/p>\n\n\n\n<p><strong>Germ\u00e1n Cano est\u00e1 se queimando no clube ou fazendo sua fama na relevante mem\u00f3ria do torcedor, uma vez, que diversas vezes joga praticamente sozinho?<\/strong><\/p>\n\n\n\n<p>Acredito que ele vem se tornando um \u00eddolo, vejo como a torcida o apoia e o trata com carinho. Acho que o Cano tem feito uma bela hist\u00f3ria dentro do clube e deixando a sua marca.<\/p>\n\n\n\n<p><strong>Qual o time mais hist\u00f3rico do Vasco da Gama?<\/strong><\/p>\n\n\n\n<p>Com toda a certeza Os Camisas Negras.<\/p>\n\n\n\n<p><strong>Se voc\u00ea n\u00e3o fosse vasca\u00edna, para qual time torceria?<\/strong><\/p>\n\n\n\n<p>Acho que n\u00e3o torceria para nenhum time, para falar a verdade, acho que se n\u00e3o fosse o Vasco eu nem gostaria tanto de futebol.<\/p>\n\n\n\n<p><strong>Ser vasca\u00edno \u00e9 ser diferenciado dos demais torcedores?<\/strong><\/p>\n\n\n\n<p>Claro! Ser vasca\u00edno \u00e9 amor, \u00e9 ter um carinho inexplic\u00e1vel por um clube. Acredito que ser vasca\u00edno \u00e9 muito mais que apoiar um time, \u00e9 amar um clube inteiro.<\/p>\n\n\n\n<p><strong><u>FOTOGRAFIAS \u00a0FORNECIDAS PELO ARQUIVO PESSOAL DA ENTREVISTADA.<\/u><\/strong><\/p>\n\n\n\n<figure class=\"wp-block-gallery columns-3 is-cropped wp-block-gallery-1 is-layout-flex wp-block-gallery-is-layout-flex\"><ul class=\"blocks-gallery-grid\"><li class=\"blocks-gallery-item\"><figure><img loading=\"lazy\" decoding=\"async\" width=\"1024\" height=\"682\" src=\"https:\/\/webvasco.com\/artigos\/wp-content\/uploads\/2021\/06\/hj22qifn-1024x682.bmp\" alt=\"\" data-id=\"9115\" data-link=\"https:\/\/webvasco.com\/artigos\/?attachment_id=9115\" class=\"wp-image-9115\" srcset=\"https:\/\/webvasco.com\/artigos\/wp-content\/uploads\/2021\/06\/hj22qifn-1024x682.bmp 1024w, https:\/\/webvasco.com\/artigos\/wp-content\/uploads\/2021\/06\/hj22qifn-300x200.bmp 300w, https:\/\/webvasco.com\/artigos\/wp-content\/uploads\/2021\/06\/hj22qifn-150x100.bmp 150w, https:\/\/webvasco.com\/artigos\/wp-content\/uploads\/2021\/06\/hj22qifn-768x511.bmp 768w, https:\/\/webvasco.com\/artigos\/wp-content\/uploads\/2021\/06\/hj22qifn.bmp 1280w\" sizes=\"auto, (max-width: 1024px) 100vw, 1024px\" \/><\/figure><\/li><li class=\"blocks-gallery-item\"><figure><img loading=\"lazy\" decoding=\"async\" width=\"683\" height=\"1024\" src=\"https:\/\/webvasco.com\/artigos\/wp-content\/uploads\/2021\/06\/935jghis-683x1024.bmp\" alt=\"\" data-id=\"9117\" data-link=\"https:\/\/webvasco.com\/artigos\/?attachment_id=9117\" class=\"wp-image-9117\" srcset=\"https:\/\/webvasco.com\/artigos\/wp-content\/uploads\/2021\/06\/935jghis-683x1024.bmp 683w, https:\/\/webvasco.com\/artigos\/wp-content\/uploads\/2021\/06\/935jghis-200x300.bmp 200w, https:\/\/webvasco.com\/artigos\/wp-content\/uploads\/2021\/06\/935jghis-100x150.bmp 100w, https:\/\/webvasco.com\/artigos\/wp-content\/uploads\/2021\/06\/935jghis-768x1151.bmp 768w, https:\/\/webvasco.com\/artigos\/wp-content\/uploads\/2021\/06\/935jghis.bmp 854w\" sizes=\"auto, (max-width: 683px) 100vw, 683px\" \/><\/figure><\/li><li class=\"blocks-gallery-item\"><figure><img loading=\"lazy\" decoding=\"async\" width=\"682\" height=\"1024\" src=\"https:\/\/webvasco.com\/artigos\/wp-content\/uploads\/2021\/06\/wb3b42kh-682x1024.bmp\" alt=\"\" data-id=\"9118\" data-link=\"https:\/\/webvasco.com\/artigos\/?attachment_id=9118\" class=\"wp-image-9118\" srcset=\"https:\/\/webvasco.com\/artigos\/wp-content\/uploads\/2021\/06\/wb3b42kh-682x1024.bmp 682w, https:\/\/webvasco.com\/artigos\/wp-content\/uploads\/2021\/06\/wb3b42kh-200x300.bmp 200w, https:\/\/webvasco.com\/artigos\/wp-content\/uploads\/2021\/06\/wb3b42kh-100x150.bmp 100w, https:\/\/webvasco.com\/artigos\/wp-content\/uploads\/2021\/06\/wb3b42kh-768x1154.bmp 768w, https:\/\/webvasco.com\/artigos\/wp-content\/uploads\/2021\/06\/wb3b42kh.bmp 852w\" sizes=\"auto, (max-width: 682px) 100vw, 682px\" \/><\/figure><\/li><li class=\"blocks-gallery-item\"><figure><img loading=\"lazy\" decoding=\"async\" width=\"683\" height=\"1024\" src=\"https:\/\/webvasco.com\/artigos\/wp-content\/uploads\/2021\/06\/hjo4zclv-683x1024.bmp\" alt=\"\" data-id=\"9119\" data-link=\"https:\/\/webvasco.com\/artigos\/?attachment_id=9119\" class=\"wp-image-9119\" srcset=\"https:\/\/webvasco.com\/artigos\/wp-content\/uploads\/2021\/06\/hjo4zclv-683x1024.bmp 683w, https:\/\/webvasco.com\/artigos\/wp-content\/uploads\/2021\/06\/hjo4zclv-200x300.bmp 200w, https:\/\/webvasco.com\/artigos\/wp-content\/uploads\/2021\/06\/hjo4zclv-100x150.bmp 100w, https:\/\/webvasco.com\/artigos\/wp-content\/uploads\/2021\/06\/hjo4zclv-768x1151.bmp 768w, https:\/\/webvasco.com\/artigos\/wp-content\/uploads\/2021\/06\/hjo4zclv.bmp 854w\" sizes=\"auto, (max-width: 683px) 100vw, 683px\" \/><\/figure><\/li><li class=\"blocks-gallery-item\"><figure><img loading=\"lazy\" decoding=\"async\" width=\"683\" height=\"1024\" src=\"https:\/\/webvasco.com\/artigos\/wp-content\/uploads\/2021\/06\/ylz9yjux-683x1024.bmp\" alt=\"\" data-id=\"9120\" data-full-url=\"https:\/\/webvasco.com\/artigos\/wp-content\/uploads\/2021\/06\/ylz9yjux.bmp\" data-link=\"https:\/\/webvasco.com\/artigos\/?attachment_id=9120\" class=\"wp-image-9120\" srcset=\"https:\/\/webvasco.com\/artigos\/wp-content\/uploads\/2021\/06\/ylz9yjux-683x1024.bmp 683w, https:\/\/webvasco.com\/artigos\/wp-content\/uploads\/2021\/06\/ylz9yjux-200x300.bmp 200w, https:\/\/webvasco.com\/artigos\/wp-content\/uploads\/2021\/06\/ylz9yjux-100x150.bmp 100w, https:\/\/webvasco.com\/artigos\/wp-content\/uploads\/2021\/06\/ylz9yjux-768x1151.bmp 768w, https:\/\/webvasco.com\/artigos\/wp-content\/uploads\/2021\/06\/ylz9yjux.bmp 854w\" sizes=\"auto, (max-width: 683px) 100vw, 683px\" \/><\/figure><\/li><\/ul><\/figure>\n","protected":false},"excerpt":{"rendered":"<p>A entrevista de junho de 2021, com Nathalia de F\u00e1tima Castelo de Souza Ricardo \u00e9&#8230;<\/p>\n","protected":false},"author":7,"featured_media":9121,"comment_status":"open","ping_status":"closed","sticky":false,"template":"","format":"standard","meta":{"footnotes":""},"categories":[27],"tags":[],"class_list":["post-9114","post","type-post","status-publish","format-standard","has-post-thumbnail","hentry","category-elas-e-o-professor"],"_links":{"self":[{"href":"https:\/\/webvasco.com\/artigos\/wp-json\/wp\/v2\/posts\/9114","targetHints":{"allow":["GET"]}}],"collection":[{"href":"https:\/\/webvasco.com\/artigos\/wp-json\/wp\/v2\/posts"}],"about":[{"href":"https:\/\/webvasco.com\/artigos\/wp-json\/wp\/v2\/types\/post"}],"author":[{"embeddable":true,"href":"https:\/\/webvasco.com\/artigos\/wp-json\/wp\/v2\/users\/7"}],"replies":[{"embeddable":true,"href":"https:\/\/webvasco.com\/artigos\/wp-json\/wp\/v2\/comments?post=9114"}],"version-history":[{"count":1,"href":"https:\/\/webvasco.com\/artigos\/wp-json\/wp\/v2\/posts\/9114\/revisions"}],"predecessor-version":[{"id":9122,"href":"https:\/\/webvasco.com\/artigos\/wp-json\/wp\/v2\/posts\/9114\/revisions\/9122"}],"wp:featuredmedia":[{"embeddable":true,"href":"https:\/\/webvasco.com\/artigos\/wp-json\/wp\/v2\/media\/9121"}],"wp:attachment":[{"href":"https:\/\/webvasco.com\/artigos\/wp-json\/wp\/v2\/media?parent=9114"}],"wp:term":[{"taxonomy":"category","embeddable":true,"href":"https:\/\/webvasco.com\/artigos\/wp-json\/wp\/v2\/categories?post=9114"},{"taxonomy":"post_tag","embeddable":true,"href":"https:\/\/webvasco.com\/artigos\/wp-json\/wp\/v2\/tags?post=9114"}],"curies":[{"name":"wp","href":"https:\/\/api.w.org\/{rel}","templated":true}]}}