{"id":912,"date":"2014-08-02T23:16:57","date_gmt":"2014-08-03T02:16:57","guid":{"rendered":"http:\/\/webvasco.com\/artigos\/?p=912"},"modified":"2014-08-02T23:27:52","modified_gmt":"2014-08-03T02:27:52","slug":"julio-brant-ao-lnet-o-que-move-o-mundo-so-os-aventureiros","status":"publish","type":"post","link":"https:\/\/webvasco.com\/artigos\/colunistas\/marcus-simonini\/julio-brant-ao-lnet-o-que-move-o-mundo-so-os-aventureiros\/","title":{"rendered":"Julio Brant ao L!Net: &#8216;O que move o mundo s&atilde;o os aventureiros&#8217;"},"content":{"rendered":"<div>\n<div dir='ltr'><\/p>\n<div><strong><font size=\"6\">Julio Brant ao L!Net: &#8216;O que move o mundo s\u00e3o os  aventureiros&#8217;<\/font><\/strong> <\/p>\n<div style=\"BORDER-BOTTOM:medium none;TEXT-ALIGN:left;BORDER-LEFT:medium none;BACKGROUND-COLOR:#ffffff;COLOR:#000000;OVERFLOW:hidden;BORDER-TOP:medium none;BORDER-RIGHT:medium none;TEXT-DECORATION:none;\" align=\"justify\">\n<div class=\"ecxhd\">\n<h2 class=\"ecxarticle-subtitle\"><font color=\"#808080\">Candidato \u00e0 presid\u00eancia pela  Chapa &#8220;Sempre Vasco&#8221; ressalta que, sem gest\u00e3o, n\u00e3o h\u00e1 crescimento e n\u00e3o se  incomoda por apelido dado por opositores<\/font><\/h2>\n<div class=\"ecxnews-social\"><\/div>\n<\/div>\n<div class=\"ecxbd\">\n<p class=\"ecxdate\"><strong><font color=\"#0000ff\"><span class=\"ecxsat\">Alexandre Ara\u00fajo e  Daniel Guimar\u00e3es <\/span>&#8211; <span><span>02\/08\/2014 &#8211; <em>06:30  |<\/em><\/span>&nbsp;<\/span><span>Rio de Janeiro (RJ)<\/span> <\/font><\/strong><\/p>\n<div class=\"ecximagem-nota ecxright\"><span style=\"WIDTH:302px;DISPLAY:block;\" class=\"ecxholder\"><a title=\"Julio Brant relembrou tradi\u00e7\u00e3o do Vasco em revelar jogadores durante entrevista (Foto: Alexandre Araujo) \" href=\"http:\/\/www.lancenet.com.br\/fotos\/Julio-Brant-Foto-Alexandre-Araujo_LANIMA20140801_0159_25.jpg#650x567\" rel=\"lightbox\" target=\"_blank\"><img loading=\"lazy\" decoding=\"async\" alt=\"Julio Brant (Foto: Alexandre Araujo) \" src=\"http&#58;\/\/www.lancenet.com.br\/fotos\/Julio-Brant-Foto-Alexandre-Araujo_LANIMA20140801_0159_50.jpg\" height=\"226\" width=\"302\"\/> <\/a><br style=\"CLEAR:both;\"\/><label><font color=\"#800000\">Julio Brant relembrou tradi\u00e7\u00e3o do Vasco em revelar jogadores  durante entrevista (Foto: Alexandre Araujo)<\/font> <\/label><\/span><\/div>\n<p class=\"ecxmt ecxnews-body\" align=\"justify\"><\/p>\n<p class=\"ecxmt ecxnews-body\" align=\"justify\">Julio Brant \u00e9 o primeiro entrevistado da  s\u00e9rie de reportagens especiais do <strong>LANCE!NET<\/strong> com os candidatos \u00e0  presid\u00eancia. Administrador, defende que a gest\u00e3o \u00e9 o melhor caminho para tirar o  Vasco da atual situa\u00e7\u00e3o e ressalta:<\/p>\n<p class=\"ecxmt ecxnews-body\" align=\"justify\">\u2013 Teremos esse desafio, mas se n\u00e3o fosse  por esse motivo, n\u00e3o estar\u00edamos aqui.<\/p>\n<p class=\"ecxmt ecxnews-body\" align=\"justify\"><strong><br \/><\/strong><\/p>\n<p class=\"ecxmt ecxnews-body\" align=\"justify\"><strong>1 &#8211; Qual a sua rela\u00e7\u00e3o com o  Vasco?<\/strong><\/p>\n<p class=\"ecxmt ecxnews-body\" align=\"justify\">Minha rela\u00e7\u00e3o \u00e9 de torcedor e s\u00f3cio,  rela\u00e7\u00e3o de um carinho muito forte. Desde que eu era pequeno meu av\u00f4 me levava a  S\u00e3o Janu\u00e1rio. No come\u00e7o, muito mais pelo clube do que pelo time, para ser  sincero. Crian\u00e7a n\u00e3o liga muito para futebol, v\u00ea mais ou menos, mas nossa  curti\u00e7\u00e3o era ir ao clube. O Vasco na minha inf\u00e2ncia era um clube familiar, para  levar o filho, o neto&#8230; Era uma rela\u00e7\u00e3o de clube social, n\u00e3o s\u00f3 de futebol.  Tenho rela\u00e7\u00e3o que \u00e9 a mais verdadeira, quero meu time volte a ser campe\u00e3o, quer  ter as mesmas alegrias que tive quando era pequeno. Quero que meu filho tenha as  mesmas alegrias que eu tive. Minha rela\u00e7\u00e3o \u00e9 essa, fora de pol\u00edtica. Essa \u00e9 a  primeira vez que estou entrando na politica do clube e n\u00e3o tenho nenhuma vontade  de ser carreirista pol\u00edtico. N\u00e3o sou candidato a nada, s\u00f3 quero fazer um  trabalho pelo Vasco.<\/p>\n<p class=\"ecxmt ecxnews-body\" align=\"justify\"><strong><br \/><\/strong><\/p>\n<p class=\"ecxmt ecxnews-body\" align=\"justify\"><strong>2 &#8211; Quais os projetos para o  programa de s\u00f3cios?<\/strong><\/p>\n<p class=\"ecxmt ecxnews-body\" align=\"justify\">Vi algumas oportunidades. Tenho amizade  com o Luiz Felipe, presidente do Benfica, que \u00e9 um rapaz que admiro o trabalho,  procurei olhar o programa de s\u00f3cios pela europa, nos Estados Unidos tamb\u00e9m, e  n\u00e3o s\u00f3 do futebol, Giants (Beisobol) por exemplo&#8230; E, conceitualmente, programa  de s\u00f3cios tem de ser inclusivo. Tem de trazer o s\u00f3cio. O que faz o Barcelona ter  s\u00f3cios no Jap\u00e3o? N\u00e3o \u00e9 ir ao est\u00e1dio. \u00c9 um conceito, uma inspira\u00e7\u00e3o que te traz,  faz se sentir parte do clube. \u00c9 um sentimento de pertencimento. Nosso programa  de s\u00f3cios deve fazer o cara se sentir parte do que \u00e9 o Vasco da Gama. Conceito  de na\u00e7\u00e3o n\u00e3o necessariamente tem liga\u00e7\u00e3o com territ\u00f3tio. N\u00e3o tem liga\u00e7\u00e3o com  f\u00edsico, \u00e9 imagin\u00e1rio, ideal, conjunto de ideias. No programa de s\u00f3cios, a na\u00e7\u00e3o,  ou seja, os torcedores vasca\u00ednos, v\u00e3o se sentir part\u00edcipes de Norte a Sul. O  programa de s\u00f3cios ter\u00e1 a\u00e7\u00f5es e mecanismos para se tornar realidade. Mas tem de  ter uma gest\u00e3o da marca Vasco que aspire e traga a vontade de ser Vasco at\u00e9  estando na China.<\/p>\n<p class=\"ecxmt ecxnews-body\" align=\"justify\"><strong><br \/><\/strong><\/p>\n<p class=\"ecxmt ecxnews-body\" align=\"justify\"><strong>3 &#8211; Quais os projetos para S\u00e3o  Janu\u00e1rio e outros patrim\u00f4nios?<\/strong><\/p>\n<p class=\"ecxmt ecxnews-body\" align=\"justify\"><span style=\"WIDTH:100%;DISPLAY:inline-block;\" data-mce-style=\"display: inline-block; width: 100%;\"><span>Temos de pensar em um  conjunto. N\u00e3o vou ficar prometendo nada. Primeira coisa que temos de fazer \u00e9  arrumar o clube. Qual a primeira contribui\u00e7\u00e3o que posso dar a esses ativos? \u00c9  gerir. Ponto n\u00famero um, torcedor vai a S\u00e3o Janu\u00e1rio e faltam coisas b\u00e1sicas.  Dinheiro n\u00e3o \u00e9 a solu\u00e7\u00e3o para tudo, \u00e9 parte da solu\u00e7\u00e3o. O Vasco fatura R$ 152  milh\u00f5es ao ano. \u00c9 muito dinheiro. Pode faturar mais? Pode, e deve. Tem de  faturar mais porque \u00e9 pouco para as responsabilidades do clube, mas n\u00e3o \u00e9 pouco.  Temos de montar um processo de gest\u00e3o adequado, com pessoas qualificadas. N\u00e3o  tem que inventar a roda, tem de fazer funcionar aquilo que funciona. Olhar o  Vasco e v\u00ea que n\u00e3o pode ter gest\u00e3o de clube de bairro. O Vasco \u00e9 uma pot\u00eancia  mundial, isso \u00e9 fato, n\u00e3o \u00e9 conversa de torcedor. Qualquer renova\u00e7\u00e3o<span style=\"PADDING-LEFT:1px;\" data-mce-style=\"padding-left: 1px;\"><span>,<\/span><\/span> tem de estar ligada  com a hist\u00f3ria. Ali moram os atributos da marca Vasco da Gama. \u00c9 uma gest\u00e3o  b\u00e1sica, arrumar a casa, ter certeza de que est\u00e1 tudo funcionando. E, claro, ter  um programa de valoriza\u00e7\u00e3o, que vai passar por parcerias <span style=\"PADDING-LEFT:1px;\" data-mce-style=\"padding-left: 1px;\"><span>A  Sede<\/span><\/span> N\u00e1utica (Lagoa) e Calabou\u00e7o (Centro) <span style=\"PADDING-LEFT:1px;\" data-mce-style=\"padding-left: 1px;\"><span>est\u00e3o<\/span><\/span> em lugares que d\u00e1  par fazer a\u00e7\u00f5es muito interessantes. <\/span><\/span><\/p>\n<p class=\"ecxmt ecxnews-body\" align=\"justify\"><strong><br \/><\/strong><\/p>\n<p class=\"ecxmt ecxnews-body\" align=\"justify\"><strong>4 &#8211; Quais os projetos para o  departamento de futebol?<\/strong><\/p>\n<p class=\"ecxmt ecxnews-body\" align=\"justify\">Primeira coisa \u00e9: tem de fazer o Vasco  voltar a ser campe\u00e3o. Pode ser a empresa mais linda do mundo, bonitinha, mas se  o Vasco n\u00e3o ganhar t\u00edtulo, n\u00e3o vai para lugar nenhum. O time \u00e9 a ponta da linha.  E n\u00e3o d\u00e1 para ter um time de qualidade sem um processo de gest\u00e3o que funcione.  De apoio e de cosnci\u00eancia do que aquele atleta est\u00e1 fazendo no Vasco. Hoje em  dia, a sensa\u00e7\u00e3o que me d\u00e1 \u00e9 que o cara est\u00e1 vestindo a camisa de um clube menor.  Tem de ter um trabalho de comunica\u00e7\u00e3o, para que o funcion\u00e1rio saiba o que est\u00e1  fazendo ali. O jogador precisa de apoio. Isso \u00e9 um projeto de gest\u00e3o do futebol.  Processo de conceitua\u00e7\u00e3o do que o cara est\u00e1 fazendo ali. Pode ser o melhor  jogador do mundo, n\u00e3o interessa. O cara tem de vestir a camisa. Pode ser o  Messi, mas se n\u00e3o tiver prazer de jogar ali, vai embora. E isso o torcedor tem  de entender. E, sem nomes aqui, mas n\u00e3o podemos ter um cara s\u00f3 decidindo por  contratar. Isso n\u00e3o vai acontecer. Nossa ideia \u00e9 montar um conselho gestor do  futebol, que vai discutir e, com ferramentas, dizer quem precisamos  contratar.<\/p>\n<p class=\"ecxmt ecxnews-body\" align=\"justify\"><strong><br \/><\/strong><\/p>\n<p class=\"ecxmt ecxnews-body\" align=\"justify\"><strong>5 &#8211; Quais os projetos para as  categorias de base?<\/strong><\/p>\n<p class=\"ecxmt ecxnews-body\" align=\"justify\">Sem ser redundante, a base \u00e9 a base de  tudo. O Vasco precisa voltar a produzir jogadores de qualidade. Foco vai ser  muito grande, queremos voltar a revelar jogadores. Prefiro colocar jogador da  base e expor ao profissional que contratar jogadores sem compromisso com o Vasco  e com resultados discut\u00edveis. Pensando em termos monet\u00e1rios, o cara pode trazer  dinheiro ao Vasco. Logicamente, tem um processo por tr\u00e1s disso, um trabalho de  m\u00e9trica e alguns par\u00e2metros. Pode dar errado. s\u00e3o seres humanos, mas tem menos  chance. A base \u00e9 fundamental. Vamos olhar a tradi\u00e7\u00e3o, a hist\u00f3ria do Vasco \u00e9  formar jogador.<\/p>\n<p class=\"ecxmt ecxnews-body\" align=\"justify\"><strong><br \/><\/strong><\/p>\n<p class=\"ecxmt ecxnews-body\" align=\"justify\"><strong>6 &#8211; Quais os projetos para os  esportes ol\u00edmpicos?<\/strong><\/p>\n<p class=\"ecxmt ecxnews-body\" align=\"justify\">Nosso foco vai ser o futebol. N\u00e3o tem  jeito. Quem tem muito foco, n\u00e3o tem foco nenhum. Sem o futebol, nada disso \u00e9  poss\u00edvel. Esporte ol\u00edmpico vai ter de provar a viabilidade, provar que consegue  andar com as pr\u00f3prias pernas e se estruturar financeiramente. Futebol \u00e9 uma  realidade, basquete \u00e9 outra, v\u00f4lei outra. Cada esporte \u00e9 um mercado. Tem uma  s\u00e9rie de incentivos fiscais, que ser\u00e3o usados nestes projetos. Queremos reativar  os esportes ol\u00edmpicos, mas precisamos trazer viabilidade a esses projetos. E tem  de ser um projeto sustent\u00e1vel e se manter em uma crescente ao longo dos anos. \u00c9  um legado que queremos deixar, o Vasco arrumado, campe\u00e3o e com sustenta\u00e7\u00e3o para  continuar sendo campe\u00e3o.<\/p>\n<p class=\"ecxmt ecxnews-body\" align=\"justify\"><strong><br \/><\/strong><\/p>\n<p class=\"ecxmt ecxnews-body\" align=\"justify\"><strong>7 &#8211; Como v\u00ea esse conturbado  processo eleitoral do Vasco?<\/strong><\/p>\n<p class=\"ecxmt ecxnews-body\" align=\"justify\">Vou falar como vasca\u00edno e n\u00e3o como  candidato: uma vergonha! Sinto-me envergonhado. \u00c9 uma mensagem que Vasco d\u00e1 \u00e0  sociedade muito ruim. Brasil vem mudando fortemente, outros clubes mudaram e o  Vasco continua fazendo essa vergonha. Pol\u00edtica do s\u00e9culo passado. \u00c9 um exemplo  que destr\u00f3i a imagem do Vasco e os atributos positivos que a marca positiva. D\u00e1  um sinal p\u00e9ssimo \u00e0 sociedade de que n\u00e3o respeitamos as regras. Sinto  envergonhado, mas fico motivado em mudar esse processo, fazer uma reforma no  estatuto.<\/p>\n<p class=\"ecxmt ecxnews-body\" align=\"justify\"><strong><br \/><\/strong><\/p>\n<p class=\"ecxmt ecxnews-body\" align=\"justify\"><strong>8 &#8211; A oposi\u00e7\u00e3o se refere a voc\u00ea  como aventureiro&#8230;<\/strong><\/p>\n<p class=\"ecxmt ecxnews-body\" align=\"justify\">O pessoal fala &#8220;Ah, \u00e9 um aventureiro&#8221;.  \u00d3timo. Vasco da Gama era aventureiro. S\u00f3 que este aventureiro sabia onde queria  chegar. Tinha controle e dom\u00ednio. O que move o mundo s\u00e3o os aventureiros.  Confundem aventureiros com irrespons\u00e1vel. E tem irrespons\u00e1vel que n\u00e3o \u00e9  aventureiro. S\u00f3 olhar como est\u00e1 o Vasco!<\/p>\n<p class=\"ecxmt ecxnews-body\" align=\"justify\"><strong><br \/><\/strong><\/p>\n<p class=\"ecxmt ecxnews-body\" align=\"justify\"><strong>9 &#8211; Tem algum projeto que j\u00e1  esteja andamento visando a vit\u00f3ria na elei\u00e7\u00e3o?<\/strong><\/p>\n<p class=\"ecxmt ecxnews-body\" align=\"justify\">Temos um fundo, de um grupo \u00e1rabe, de 50  milh\u00f5es de d\u00f3lares que far\u00e1 parte da reestrutura\u00e7\u00e3o financeira do clube. Temos  uma carta de compromisso em m\u00e3os. Consegui isso atrav\u00e9s da rela\u00e7\u00e3o direta entre  eles, que confiam na minha capacidade.<\/p>\n<p class=\"ecxmt ecxnews-body\" align=\"justify\"><strong><br \/><\/strong><\/p>\n<p>Leia mais no LANCENET! <a style=\"COLOR:#003399;\" href=\"http:\/\/www.lancenet.com.br\/vasco\/Julio-Brant-LNet-mundo-aventureiros_0_1185481634.html#ixzz39H7BI2mv\" target=\"_blank\"><\/a><a href=\"http:\/\/www.lancenet.com.br\/vasco\/Julio-Brant-LNet-mundo-aventureiros_0_1185481634.html#ixzz39H7BI2mv\" >http:\/\/www.lancenet.com.br\/vasco\/Julio-Brant-LNet-mundo-aventureiros_0_1185481634.html#ixzz39H7BI2mv<\/a>  <\/div>\n<p>\u00a9 1997-2014 Todos os direitos reservados a Aret\u00e9 Editorial S.A Di\u00e1rio LANCE!  <\/p><\/div>\n<\/div><\/div>\n<\/div>\n<p><\/p>\n","protected":false},"excerpt":{"rendered":"<p>Julio Brant ao L!Net: &#8216;O que move o mundo s\u00e3o os aventureiros&#8217; Candidato \u00e0 presid\u00eancia&#8230;<\/p>\n","protected":false},"author":8,"featured_media":261,"comment_status":"open","ping_status":"closed","sticky":false,"template":"","format":"standard","meta":{"footnotes":""},"categories":[6],"tags":[],"class_list":["post-912","post","type-post","status-publish","format-standard","has-post-thumbnail","hentry","category-marcus-simonini"],"_links":{"self":[{"href":"https:\/\/webvasco.com\/artigos\/wp-json\/wp\/v2\/posts\/912","targetHints":{"allow":["GET"]}}],"collection":[{"href":"https:\/\/webvasco.com\/artigos\/wp-json\/wp\/v2\/posts"}],"about":[{"href":"https:\/\/webvasco.com\/artigos\/wp-json\/wp\/v2\/types\/post"}],"author":[{"embeddable":true,"href":"https:\/\/webvasco.com\/artigos\/wp-json\/wp\/v2\/users\/8"}],"replies":[{"embeddable":true,"href":"https:\/\/webvasco.com\/artigos\/wp-json\/wp\/v2\/comments?post=912"}],"version-history":[{"count":0,"href":"https:\/\/webvasco.com\/artigos\/wp-json\/wp\/v2\/posts\/912\/revisions"}],"wp:featuredmedia":[{"embeddable":true,"href":"https:\/\/webvasco.com\/artigos\/wp-json\/wp\/v2\/media\/261"}],"wp:attachment":[{"href":"https:\/\/webvasco.com\/artigos\/wp-json\/wp\/v2\/media?parent=912"}],"wp:term":[{"taxonomy":"category","embeddable":true,"href":"https:\/\/webvasco.com\/artigos\/wp-json\/wp\/v2\/categories?post=912"},{"taxonomy":"post_tag","embeddable":true,"href":"https:\/\/webvasco.com\/artigos\/wp-json\/wp\/v2\/tags?post=912"}],"curies":[{"name":"wp","href":"https:\/\/api.w.org\/{rel}","templated":true}]}}