{"id":9124,"date":"2021-07-24T08:52:50","date_gmt":"2021-07-24T11:52:50","guid":{"rendered":"https:\/\/webvasco.com\/artigos\/?p=9124"},"modified":"2021-07-24T08:52:52","modified_gmt":"2021-07-24T11:52:52","slug":"elas-o-professor-gih","status":"publish","type":"post","link":"https:\/\/webvasco.com\/artigos\/temas\/elas-e-o-professor\/elas-o-professor-gih\/","title":{"rendered":"ELAS &#038; O PROFESSOR &#8211; GIH"},"content":{"rendered":"\n<p>A entrevista de julho de 2021, com Ginna Prestes \u00e9 dedicada \u00e0 vasca\u00edna mais especial da minha vida, minha maior fonte de inspira\u00e7\u00e3o, meu amor infinito: \u00darsulla Rocha.<\/p>\n\n\n\n<p><strong>Gih,<\/strong> trabalhadora da \u00e1rea da seguran\u00e7a, 32 anos, solteira, mam\u00e3e do Eduardo (tamb\u00e9m conhecido como Dudu), moradora de Manaus\/AM, do signo de g\u00eameos, adora macarronada, nas horas vagas curte assistir TV (programas de esporte e lutas em geral), gosta tamb\u00e9m de dan\u00e7ar e treinar (muscula\u00e7\u00e3o\/academia). Citou n\u00e3o ter Escola de Samba de cora\u00e7\u00e3o, mas simpatiza com a Portela (Carioca).<\/p>\n\n\n\n<p><strong>Voc\u00ea acha que Jorge Salgado (presidente) acertou em demitir o treinador Marcelo Cabo?<\/strong><\/p>\n\n\n\n<p>Acredito que acertou sim. Em v\u00e1rios jogos ele fazia substitui\u00e7\u00f5es erradas que ocasionou derrotas ou n\u00e3o acrescentavam. Ent\u00e3o acredito que o presidente acertou na demiss\u00e3o dele.<\/p>\n\n\n\n<p><strong>Lisca, ex-t\u00e9cnico do Atl\u00e9tico Mineiro foi a melhor op\u00e7\u00e3o para assumir o time neste momento?<\/strong><\/p>\n\n\n\n<p>Com certeza. Por v\u00e1rias vezes a torcida citava o nome dele, at\u00e9 antes mesmo do Marcelo Cabo assumir o Vasco. Tor\u00e7o para que ele fa\u00e7a o melhor pelo nosso clube.<\/p>\n\n\n\n<p><strong>O Vasco da Gama voltar\u00e1 a Elite do Futebol Brasileiro?<\/strong><\/p>\n\n\n\n<p>Tenho certeza absoluta que sim. O Vasco ainda continua sendo Gigante, mesmo com alguns contratempos o clube vai se reerguer e voltar\u00e1 a brigar por t\u00edtulos.<\/p>\n\n\n\n<p><strong>Quais as maiores dificuldades da S\u00e9rie B, do Campeonato Brasileiro?<\/strong><\/p>\n\n\n\n<p>Acho que a maior dificuldade \u00e9 o equil\u00edbrio entre as equipes. Para completar as equipes com menos tradi\u00e7\u00e3o vem realizando \u00f3timos trabalhos. No ano de 2020 por exemplo Cuiab\u00e1 e Juventude garantiram o acesso a S\u00e9rie A, mesmo sem grandes investimentos na montagem do elenco.<\/p>\n\n\n\n<p><strong>Voc\u00ea teme que o Cruzmaltino possa cair para a Terceira Divis\u00e3o do Brasileir\u00e3o?<\/strong><\/p>\n\n\n\n<p>N\u00e3o. Eu tenho plena certeza que o Vasco vai voltar a Elite em 2022.<\/p>\n\n\n\n<p><strong>O que levou o Vasco a tantos rebaixamentos?<\/strong><\/p>\n\n\n\n<p>Crises financeiras, instabilidade pol\u00edtica, time com problemas t\u00e9cnicos. Uma s\u00e9rie de fatores ocasionaram esses rebaixamentos. A falta de recursos levou o Vasco a investir pouco no elenco. At\u00e9 porque, o clube carregava erros do passado que pesaram no or\u00e7amento. A arbitragem tamb\u00e9m prejudicou muito.<\/p>\n\n\n\n<p><strong>Se o Mach\u00e3o da Gama virasse clube empresa melhoraria?<\/strong><\/p>\n\n\n\n<p>Acredito que sim!.<\/p>\n\n\n\n<p><strong>Voc\u00ea consegue acompanhar bem as partidas, a\u00ed de Manaus?<\/strong><\/p>\n\n\n\n<p>Com certeza absoluta. Apesar da dist\u00e2ncia, Manaus tem muitos vasca\u00ednos apaixonados como eu. Assisto todas as partidas do Vasco, mesmo estando no trabalho n\u00e3o perco uma.<\/p>\n\n\n\n<p><strong>A dist\u00e2ncia do Vasco para o Flamengo, em termos financeiros pode fazer a diferen\u00e7a nos resultados dentro de campo?<\/strong><\/p>\n\n\n\n<p>Sim. Essa diferen\u00e7a n\u00e3o \u00e9 s\u00f3 contra o Flamengo, mas com outros clubes bem mais estruturados financeiramente tamb\u00e9m.<\/p>\n\n\n\n<p><strong>Mesmo com tantos fracassos nos \u00faltimos 21 anos, o Cruzmaltino ainda\u00a0 t\u00eam a quarta maior torcida do Brasil?<\/strong><\/p>\n\n\n\n<p>Sim. N\u00f3s torcedores vasca\u00ednos somos maior exemplo de fidelidade com o clube, apoiamos independente de qualquer situa\u00e7\u00e3o. O que essa torcida faz em rela\u00e7\u00e3o ao clube \u00e9 inexplic\u00e1vel. Tenho orgulho de ser vasca\u00edna.<\/p>\n\n\n\n<p><strong>O que voc\u00ea achou da camisa de apoio ao movimento LGBTQIA+, que o clube lan\u00e7ou?<\/strong><\/p>\n\n\n\n<p>Achei maravilhoso. Independente de cor, religi\u00e3o, sexo, ra\u00e7a e tantas outras diferen\u00e7as, somos todos serem humanos, e merecemos respeito. O Vasco \u00e9 um clube de todos. Nada mais justo abra\u00e7ar a causa quebrando qualquer tabu.<\/p>\n\n\n\n<p><strong>O Vasco tinha obriga\u00e7\u00e3o de estar toda a competi\u00e7\u00e3o no G4, por ser a Segunda Divis\u00e3o, e o mesmo ter quatro t\u00edtulos conquistados na S\u00e9rie A, do Campeonato Brasileiro?<\/strong><\/p>\n\n\n\n<p>Acho que obriga\u00e7\u00e3o n\u00e3o. Mas poderia estar entre os primeiros, o que nos alegraria muito. As equipes menores est\u00e3o realizando um \u00f3timo trabalho, nivelando os times.<\/p>\n\n\n\n<p><strong><u>FOTOGRAFIAS \u00a0FORNECIDAS PELO ARQUIVO PESSOAL DA ENTREVISTADA.<\/u><\/strong><\/p>\n\n\n\n<figure class=\"wp-block-gallery columns-3 is-cropped wp-block-gallery-1 is-layout-flex wp-block-gallery-is-layout-flex\"><ul class=\"blocks-gallery-grid\"><li class=\"blocks-gallery-item\"><figure><img loading=\"lazy\" decoding=\"async\" width=\"498\" height=\"1024\" src=\"https:\/\/webvasco.com\/artigos\/wp-content\/uploads\/2021\/07\/WhatsApp-Image-2021-07-22-at-20.11.16-1-498x1024.jpeg\" alt=\"\" data-id=\"9125\" data-full-url=\"https:\/\/webvasco.com\/artigos\/wp-content\/uploads\/2021\/07\/WhatsApp-Image-2021-07-22-at-20.11.16-1.jpeg\" data-link=\"https:\/\/webvasco.com\/artigos\/?attachment_id=9125\" class=\"wp-image-9125\" srcset=\"https:\/\/webvasco.com\/artigos\/wp-content\/uploads\/2021\/07\/WhatsApp-Image-2021-07-22-at-20.11.16-1-498x1024.jpeg 498w, https:\/\/webvasco.com\/artigos\/wp-content\/uploads\/2021\/07\/WhatsApp-Image-2021-07-22-at-20.11.16-1-146x300.jpeg 146w, https:\/\/webvasco.com\/artigos\/wp-content\/uploads\/2021\/07\/WhatsApp-Image-2021-07-22-at-20.11.16-1-73x150.jpeg 73w, https:\/\/webvasco.com\/artigos\/wp-content\/uploads\/2021\/07\/WhatsApp-Image-2021-07-22-at-20.11.16-1.jpeg 640w\" sizes=\"auto, (max-width: 498px) 100vw, 498px\" \/><\/figure><\/li><li class=\"blocks-gallery-item\"><figure><img loading=\"lazy\" decoding=\"async\" width=\"487\" height=\"1024\" src=\"https:\/\/webvasco.com\/artigos\/wp-content\/uploads\/2021\/07\/WhatsApp-Image-2021-07-22-at-20.11.16-2-487x1024.jpeg\" alt=\"\" data-id=\"9126\" data-full-url=\"https:\/\/webvasco.com\/artigos\/wp-content\/uploads\/2021\/07\/WhatsApp-Image-2021-07-22-at-20.11.16-2.jpeg\" data-link=\"https:\/\/webvasco.com\/artigos\/?attachment_id=9126\" class=\"wp-image-9126\" srcset=\"https:\/\/webvasco.com\/artigos\/wp-content\/uploads\/2021\/07\/WhatsApp-Image-2021-07-22-at-20.11.16-2-487x1024.jpeg 487w, https:\/\/webvasco.com\/artigos\/wp-content\/uploads\/2021\/07\/WhatsApp-Image-2021-07-22-at-20.11.16-2-143x300.jpeg 143w, https:\/\/webvasco.com\/artigos\/wp-content\/uploads\/2021\/07\/WhatsApp-Image-2021-07-22-at-20.11.16-2-71x150.jpeg 71w, https:\/\/webvasco.com\/artigos\/wp-content\/uploads\/2021\/07\/WhatsApp-Image-2021-07-22-at-20.11.16-2.jpeg 514w\" sizes=\"auto, (max-width: 487px) 100vw, 487px\" \/><\/figure><\/li><li class=\"blocks-gallery-item\"><figure><img loading=\"lazy\" decoding=\"async\" width=\"720\" height=\"976\" src=\"https:\/\/webvasco.com\/artigos\/wp-content\/uploads\/2021\/07\/WhatsApp-Image-2021-07-22-at-20.11.16.jpeg\" alt=\"\" data-id=\"9127\" data-full-url=\"https:\/\/webvasco.com\/artigos\/wp-content\/uploads\/2021\/07\/WhatsApp-Image-2021-07-22-at-20.11.16.jpeg\" data-link=\"https:\/\/webvasco.com\/artigos\/?attachment_id=9127\" class=\"wp-image-9127\" srcset=\"https:\/\/webvasco.com\/artigos\/wp-content\/uploads\/2021\/07\/WhatsApp-Image-2021-07-22-at-20.11.16.jpeg 720w, https:\/\/webvasco.com\/artigos\/wp-content\/uploads\/2021\/07\/WhatsApp-Image-2021-07-22-at-20.11.16-221x300.jpeg 221w, https:\/\/webvasco.com\/artigos\/wp-content\/uploads\/2021\/07\/WhatsApp-Image-2021-07-22-at-20.11.16-111x150.jpeg 111w\" sizes=\"auto, (max-width: 720px) 100vw, 720px\" \/><\/figure><\/li><li class=\"blocks-gallery-item\"><figure><img loading=\"lazy\" decoding=\"async\" width=\"498\" height=\"1024\" src=\"https:\/\/webvasco.com\/artigos\/wp-content\/uploads\/2021\/07\/WhatsApp-Image-2021-07-22-at-20.11.17-1-498x1024.jpeg\" alt=\"\" data-id=\"9128\" data-full-url=\"https:\/\/webvasco.com\/artigos\/wp-content\/uploads\/2021\/07\/WhatsApp-Image-2021-07-22-at-20.11.17-1.jpeg\" data-link=\"https:\/\/webvasco.com\/artigos\/?attachment_id=9128\" class=\"wp-image-9128\" srcset=\"https:\/\/webvasco.com\/artigos\/wp-content\/uploads\/2021\/07\/WhatsApp-Image-2021-07-22-at-20.11.17-1-498x1024.jpeg 498w, https:\/\/webvasco.com\/artigos\/wp-content\/uploads\/2021\/07\/WhatsApp-Image-2021-07-22-at-20.11.17-1-146x300.jpeg 146w, https:\/\/webvasco.com\/artigos\/wp-content\/uploads\/2021\/07\/WhatsApp-Image-2021-07-22-at-20.11.17-1-73x150.jpeg 73w, https:\/\/webvasco.com\/artigos\/wp-content\/uploads\/2021\/07\/WhatsApp-Image-2021-07-22-at-20.11.17-1.jpeg 640w\" sizes=\"auto, (max-width: 498px) 100vw, 498px\" \/><\/figure><\/li><li class=\"blocks-gallery-item\"><figure><img loading=\"lazy\" decoding=\"async\" width=\"449\" height=\"1024\" src=\"https:\/\/webvasco.com\/artigos\/wp-content\/uploads\/2021\/07\/WhatsApp-Image-2021-07-22-at-20.11.17-2-449x1024.jpeg\" alt=\"\" data-id=\"9129\" data-full-url=\"https:\/\/webvasco.com\/artigos\/wp-content\/uploads\/2021\/07\/WhatsApp-Image-2021-07-22-at-20.11.17-2.jpeg\" data-link=\"https:\/\/webvasco.com\/artigos\/?attachment_id=9129\" class=\"wp-image-9129\" srcset=\"https:\/\/webvasco.com\/artigos\/wp-content\/uploads\/2021\/07\/WhatsApp-Image-2021-07-22-at-20.11.17-2-449x1024.jpeg 449w, https:\/\/webvasco.com\/artigos\/wp-content\/uploads\/2021\/07\/WhatsApp-Image-2021-07-22-at-20.11.17-2-132x300.jpeg 132w, https:\/\/webvasco.com\/artigos\/wp-content\/uploads\/2021\/07\/WhatsApp-Image-2021-07-22-at-20.11.17-2-66x150.jpeg 66w, https:\/\/webvasco.com\/artigos\/wp-content\/uploads\/2021\/07\/WhatsApp-Image-2021-07-22-at-20.11.17-2.jpeg 505w\" sizes=\"auto, (max-width: 449px) 100vw, 449px\" \/><\/figure><\/li><li class=\"blocks-gallery-item\"><figure><img loading=\"lazy\" decoding=\"async\" width=\"720\" height=\"960\" src=\"https:\/\/webvasco.com\/artigos\/wp-content\/uploads\/2021\/07\/WhatsApp-Image-2021-07-22-at-20.11.17.jpeg\" alt=\"\" data-id=\"9130\" data-full-url=\"https:\/\/webvasco.com\/artigos\/wp-content\/uploads\/2021\/07\/WhatsApp-Image-2021-07-22-at-20.11.17.jpeg\" data-link=\"https:\/\/webvasco.com\/artigos\/?attachment_id=9130\" class=\"wp-image-9130\" srcset=\"https:\/\/webvasco.com\/artigos\/wp-content\/uploads\/2021\/07\/WhatsApp-Image-2021-07-22-at-20.11.17.jpeg 720w, https:\/\/webvasco.com\/artigos\/wp-content\/uploads\/2021\/07\/WhatsApp-Image-2021-07-22-at-20.11.17-225x300.jpeg 225w, https:\/\/webvasco.com\/artigos\/wp-content\/uploads\/2021\/07\/WhatsApp-Image-2021-07-22-at-20.11.17-113x150.jpeg 113w\" sizes=\"auto, (max-width: 720px) 100vw, 720px\" \/><\/figure><\/li><li class=\"blocks-gallery-item\"><figure><img loading=\"lazy\" decoding=\"async\" width=\"804\" height=\"1024\" src=\"https:\/\/webvasco.com\/artigos\/wp-content\/uploads\/2021\/07\/WhatsApp-Image-2021-07-22-at-20.11.18-1-804x1024.jpeg\" alt=\"\" data-id=\"9131\" data-full-url=\"https:\/\/webvasco.com\/artigos\/wp-content\/uploads\/2021\/07\/WhatsApp-Image-2021-07-22-at-20.11.18-1.jpeg\" data-link=\"https:\/\/webvasco.com\/artigos\/?attachment_id=9131\" class=\"wp-image-9131\" srcset=\"https:\/\/webvasco.com\/artigos\/wp-content\/uploads\/2021\/07\/WhatsApp-Image-2021-07-22-at-20.11.18-1-804x1024.jpeg 804w, https:\/\/webvasco.com\/artigos\/wp-content\/uploads\/2021\/07\/WhatsApp-Image-2021-07-22-at-20.11.18-1-236x300.jpeg 236w, https:\/\/webvasco.com\/artigos\/wp-content\/uploads\/2021\/07\/WhatsApp-Image-2021-07-22-at-20.11.18-1-118x150.jpeg 118w, https:\/\/webvasco.com\/artigos\/wp-content\/uploads\/2021\/07\/WhatsApp-Image-2021-07-22-at-20.11.18-1-768x978.jpeg 768w, https:\/\/webvasco.com\/artigos\/wp-content\/uploads\/2021\/07\/WhatsApp-Image-2021-07-22-at-20.11.18-1.jpeg 1005w\" sizes=\"auto, (max-width: 804px) 100vw, 804px\" \/><\/figure><\/li><li class=\"blocks-gallery-item\"><figure><img loading=\"lazy\" decoding=\"async\" width=\"449\" height=\"1024\" src=\"https:\/\/webvasco.com\/artigos\/wp-content\/uploads\/2021\/07\/WhatsApp-Image-2021-07-22-at-20.11.18-2-449x1024.jpeg\" alt=\"\" data-id=\"9132\" data-full-url=\"https:\/\/webvasco.com\/artigos\/wp-content\/uploads\/2021\/07\/WhatsApp-Image-2021-07-22-at-20.11.18-2.jpeg\" data-link=\"https:\/\/webvasco.com\/artigos\/?attachment_id=9132\" class=\"wp-image-9132\" srcset=\"https:\/\/webvasco.com\/artigos\/wp-content\/uploads\/2021\/07\/WhatsApp-Image-2021-07-22-at-20.11.18-2-449x1024.jpeg 449w, https:\/\/webvasco.com\/artigos\/wp-content\/uploads\/2021\/07\/WhatsApp-Image-2021-07-22-at-20.11.18-2-132x300.jpeg 132w, https:\/\/webvasco.com\/artigos\/wp-content\/uploads\/2021\/07\/WhatsApp-Image-2021-07-22-at-20.11.18-2-66x150.jpeg 66w, https:\/\/webvasco.com\/artigos\/wp-content\/uploads\/2021\/07\/WhatsApp-Image-2021-07-22-at-20.11.18-2.jpeg 505w\" sizes=\"auto, (max-width: 449px) 100vw, 449px\" \/><\/figure><\/li><li class=\"blocks-gallery-item\"><figure><img loading=\"lazy\" decoding=\"async\" width=\"538\" height=\"1024\" src=\"https:\/\/webvasco.com\/artigos\/wp-content\/uploads\/2021\/07\/WhatsApp-Image-2021-07-22-at-20.11.18-538x1024.jpeg\" alt=\"\" data-id=\"9133\" data-full-url=\"https:\/\/webvasco.com\/artigos\/wp-content\/uploads\/2021\/07\/WhatsApp-Image-2021-07-22-at-20.11.18.jpeg\" data-link=\"https:\/\/webvasco.com\/artigos\/?attachment_id=9133\" class=\"wp-image-9133\" srcset=\"https:\/\/webvasco.com\/artigos\/wp-content\/uploads\/2021\/07\/WhatsApp-Image-2021-07-22-at-20.11.18-538x1024.jpeg 538w, https:\/\/webvasco.com\/artigos\/wp-content\/uploads\/2021\/07\/WhatsApp-Image-2021-07-22-at-20.11.18-158x300.jpeg 158w, https:\/\/webvasco.com\/artigos\/wp-content\/uploads\/2021\/07\/WhatsApp-Image-2021-07-22-at-20.11.18-79x150.jpeg 79w, https:\/\/webvasco.com\/artigos\/wp-content\/uploads\/2021\/07\/WhatsApp-Image-2021-07-22-at-20.11.18.jpeg 567w\" sizes=\"auto, (max-width: 538px) 100vw, 538px\" \/><\/figure><\/li><li class=\"blocks-gallery-item\"><figure><img loading=\"lazy\" decoding=\"async\" width=\"449\" height=\"1024\" src=\"https:\/\/webvasco.com\/artigos\/wp-content\/uploads\/2021\/07\/WhatsApp-Image-2021-07-22-at-20.11.19-449x1024.jpeg\" alt=\"\" data-id=\"9134\" data-full-url=\"https:\/\/webvasco.com\/artigos\/wp-content\/uploads\/2021\/07\/WhatsApp-Image-2021-07-22-at-20.11.19.jpeg\" data-link=\"https:\/\/webvasco.com\/artigos\/?attachment_id=9134\" class=\"wp-image-9134\" srcset=\"https:\/\/webvasco.com\/artigos\/wp-content\/uploads\/2021\/07\/WhatsApp-Image-2021-07-22-at-20.11.19-449x1024.jpeg 449w, https:\/\/webvasco.com\/artigos\/wp-content\/uploads\/2021\/07\/WhatsApp-Image-2021-07-22-at-20.11.19-132x300.jpeg 132w, https:\/\/webvasco.com\/artigos\/wp-content\/uploads\/2021\/07\/WhatsApp-Image-2021-07-22-at-20.11.19-66x150.jpeg 66w, https:\/\/webvasco.com\/artigos\/wp-content\/uploads\/2021\/07\/WhatsApp-Image-2021-07-22-at-20.11.19.jpeg 505w\" sizes=\"auto, (max-width: 449px) 100vw, 449px\" \/><\/figure><\/li><\/ul><\/figure>\n","protected":false},"excerpt":{"rendered":"<p>A entrevista de julho de 2021, com Ginna Prestes \u00e9 dedicada \u00e0 vasca\u00edna mais especial&#8230;<\/p>\n","protected":false},"author":7,"featured_media":9135,"comment_status":"open","ping_status":"closed","sticky":false,"template":"","format":"standard","meta":{"footnotes":""},"categories":[27],"tags":[],"class_list":["post-9124","post","type-post","status-publish","format-standard","has-post-thumbnail","hentry","category-elas-e-o-professor"],"_links":{"self":[{"href":"https:\/\/webvasco.com\/artigos\/wp-json\/wp\/v2\/posts\/9124","targetHints":{"allow":["GET"]}}],"collection":[{"href":"https:\/\/webvasco.com\/artigos\/wp-json\/wp\/v2\/posts"}],"about":[{"href":"https:\/\/webvasco.com\/artigos\/wp-json\/wp\/v2\/types\/post"}],"author":[{"embeddable":true,"href":"https:\/\/webvasco.com\/artigos\/wp-json\/wp\/v2\/users\/7"}],"replies":[{"embeddable":true,"href":"https:\/\/webvasco.com\/artigos\/wp-json\/wp\/v2\/comments?post=9124"}],"version-history":[{"count":1,"href":"https:\/\/webvasco.com\/artigos\/wp-json\/wp\/v2\/posts\/9124\/revisions"}],"predecessor-version":[{"id":9145,"href":"https:\/\/webvasco.com\/artigos\/wp-json\/wp\/v2\/posts\/9124\/revisions\/9145"}],"wp:featuredmedia":[{"embeddable":true,"href":"https:\/\/webvasco.com\/artigos\/wp-json\/wp\/v2\/media\/9135"}],"wp:attachment":[{"href":"https:\/\/webvasco.com\/artigos\/wp-json\/wp\/v2\/media?parent=9124"}],"wp:term":[{"taxonomy":"category","embeddable":true,"href":"https:\/\/webvasco.com\/artigos\/wp-json\/wp\/v2\/categories?post=9124"},{"taxonomy":"post_tag","embeddable":true,"href":"https:\/\/webvasco.com\/artigos\/wp-json\/wp\/v2\/tags?post=9124"}],"curies":[{"name":"wp","href":"https:\/\/api.w.org\/{rel}","templated":true}]}}