{"id":913,"date":"2014-08-04T16:42:31","date_gmt":"2014-08-04T19:42:31","guid":{"rendered":"http:\/\/webvasco.com\/artigos\/?p=913"},"modified":"2014-08-04T16:49:47","modified_gmt":"2014-08-04T19:49:47","slug":"tem-walking-dead-no-vasco","status":"publish","type":"post","link":"https:\/\/webvasco.com\/artigos\/colunistas\/marcus-simonini\/tem-walking-dead-no-vasco\/","title":{"rendered":"TEM WALKING DEAD NO VASCO!"},"content":{"rendered":"<div>\n<div dir='ltr'><a id=\"irc_mil\" style=\"border: 0px currentColor; border-image: none;\" href=\"http:\/\/www.google.com.br\/url?sa=i&amp;rct=j&amp;q=&amp;esrc=s&amp;source=images&amp;cd=&amp;cad=rja&amp;uact=8&amp;docid=7AaIdbTvAfzQYM&amp;tbnid=5NgPE7lxNQZmvM:&amp;ved=0CAUQjRw&amp;url=http%3A%2F%2Fwalkingdeadbr.com%2F&amp;ei=1uHfU6_YFqzKsQTcpoLAAQ&amp;bvm=bv.72197243,d.cWc&amp;psig=AFQjCNF1eQDdfldGLZl9fsM9JPYyaLhKxg&amp;ust=1407267651641922\" data-ved=\"0CAUQjRw\"><img loading=\"lazy\" decoding=\"async\" width=\"650\" height=\"411\" id=\"irc_mi\" style=\"margin-top: 75px;\" src=\"http:\/\/walkingdeadbr.com\/wp-content\/uploads\/2013\/03\/the-walking-dead-the-game.jpg\"\/><\/a><br \/>&nbsp;<br \/>&nbsp;<\/p>\n<h1>Chapa Sempre Vasco encontra mortos em lista de eleitores!<\/h1>\n<div class=\"container-padrao\">\n<div class=\"compartilhar\"><span class=\"data\">Em 04\/08\/2014 11:48<\/span><\/p>\n<div class=\"box-compartilhar\"><!-- AddThis Button BEGIN -->                         <\/p>\n<div class=\"addthis_toolbox addthis_default_style\"><a class=\"addthis_button_facebook_like at300b\" fb:like:action=\"recommend\"><\/p>\n<div class=\"fb-like\" data-send=\"false\" data-href=\"http:\/\/www.supervasco.com\/noticias\/chapa-sempre-vasco-encontra-mortos-em-lista-de-eleitores-206094.html\" data-font=\"arial\" data-width=\"90\" data-show_faces=\"false\" data-layout=\"button_count\" data-action=\"recommend\" data-ref=\".U9_esPkfpec.like\"><\/div>\n<p><\/a>&nbsp;&nbsp;&nbsp;&nbsp;&nbsp;&nbsp;&nbsp;&nbsp;&nbsp;&nbsp;&nbsp;&nbsp;&nbsp;&nbsp;&nbsp;&nbsp;&nbsp;&nbsp;&nbsp;&nbsp;&nbsp;&nbsp;&nbsp;&nbsp;&nbsp;&nbsp;&nbsp;&nbsp;&nbsp;&nbsp;&nbsp;&nbsp;&nbsp;&nbsp;&nbsp;&nbsp;&nbsp;&nbsp;&nbsp;&nbsp;&nbsp;&nbsp;&nbsp;&nbsp;&nbsp;&nbsp;&nbsp;&nbsp;&nbsp;&nbsp;&nbsp;&nbsp;&nbsp;&nbsp;<a class=\"addthis_button_pinterest_pinit at300b\"><span class=\"at_PinItButton\"><\/span><\/a>&nbsp;&nbsp;&nbsp;&nbsp;&nbsp;&nbsp;&nbsp;&nbsp;&nbsp;&nbsp;&nbsp;&nbsp;&nbsp;&nbsp;&nbsp;&nbsp;&nbsp;&nbsp;&nbsp;&nbsp;&nbsp;&nbsp;&nbsp;&nbsp;&nbsp;&nbsp;&nbsp;&nbsp; <a class=\"addthis_button_google_plusone at300b\" g:plusone:size=\"medium\"><\/p>\n<div id=\"___plusone_0\" style=\"background: none; margin: 0px; padding: 0px; width: 90px; height: 20px; line-height: normal; text-indent: 0px; font-size: 1px; vertical-align: baseline; float: none; display: inline-block;\"><\/div>\n<p><\/a>&nbsp;&nbsp;&nbsp;&nbsp;&nbsp;&nbsp;&nbsp;&nbsp;&nbsp;&nbsp;&nbsp;&nbsp;&nbsp;&nbsp;&nbsp;&nbsp;&nbsp;&nbsp;&nbsp;&nbsp;&nbsp;&nbsp;&nbsp;&nbsp; <\/p>\n<div class=\"atclear\">&nbsp; <\/div>\n<\/div>\n<\/div>\n<\/div>\n<\/div>\n<div id=\"divSpdInText\">\tMais uma pol\u00eamica promete conturbar as elei\u00e7\u00f5es do Vasco &#8211; depois de ter sido adiada para novembro, a vota\u00e7\u00e3o foi remarcada para est\u00e1 quarta-feira, dia 6 de agosto, pelo menos at\u00e9 agora, por causa de uma liminar da Justi\u00e7a conquistada por dois dos cinco candidatos. Uma das chapas da oposi\u00e7\u00e3o fez uma varredura na lista de eleitores e agora denuncia a possibilidade de fraude.<br \/>&nbsp;<br \/><spidertag>\tEm contato com o ESPN.com.br, a chapa Sempre Vasco, que tem Julio Brant como candidato \u00e0 presid\u00eancia, e o ex-jogador Edmundo como integrante, mostrou que a lista conta com pelo menos duas pessoas que j\u00e1 morreram, al\u00e9m de diversos nomes duplicados, o que abre a <a class=\"AdSpiderClass\" id=\"spiderWordFound3\" style=\"color: rgb(45, 51, 27);\" rel=\"nofollow\">oportunidade<\/a> para que um mesmo eleitor vote mais de uma vez.<\/spidertag><br \/><spidertag>&nbsp;<\/spidertag><br \/><spidertag>&#8220;O que a gente busca \u00e9 um processo de lisura e transpar\u00eancia, para que a elei\u00e7\u00e3o seja feita de forma democr\u00e1tica. Mas o Vasco n\u00e3o parece preocupado com isso. O <a class=\"AdSpiderClass\" id=\"spiderWordFound0\" style=\"color: rgb(45, 51, 27);\" rel=\"nofollow\">clube<\/a> tem seus interesses pessoais e isso est\u00e1 ficando acima de qualquer outra coisa, infelizmente. A gente n\u00e3o tem d\u00favida que h\u00e1 fraude nessa lista, sem contar os eleitores do mensal\u00e3o do Eurico Miranda&#8221;, afirmou Alan Belaciano, advogado do grupo, para a reportagem.<\/spidertag><\/p>\n<p>&#8220;A gente fez essa varredura com pessoas especializadas. No fim de semana n\u00f3s achamos essa irregularidade. O nosso candidato Julio Brant tem comandado essa apura\u00e7\u00e3o, com toda a equipe. \u00c9 inadmiss\u00edvel que ningu\u00e9m da secretaria do Vasco tenha feito isso antes. Estamos impressionados tamb\u00e9m com a omiss\u00e3o das autoridades p\u00fablicas. O Minist\u00e9rio P\u00fablico, a delegacia e judici\u00e1rio j\u00e1 est\u00e3o cientes e nada fazem. Estamos tendo de trabalhar por todo mundo&#8221;, completou.<\/p>\n<p>A lista de eleitores do Vasco tem 13 mil nomes. Desses, tr\u00eas mil fazem parte do que ficou conhecido como Mensal\u00e3o do Eurico Miranda, cuja investiga\u00e7\u00e3o interna sobre o caso concluiu que h\u00e1 irregularidades no processo de registro. O documento com o resultado da apura\u00e7\u00e3o j\u00e1 foi apresentado para o atual presidente Roberto Dinamite, que n\u00e3o tomou nenhuma provid\u00eancia sobre o assunto at\u00e9 o momento.<br \/><spidertag>&nbsp;<\/spidertag><br \/><spidertag>A oposi\u00e7\u00e3o ainda aguarda uma decis\u00e3o da Justi\u00e7a para um recurso em rela\u00e7\u00e3o \u00e0 data do processo eleitoral. Se n\u00e3o conseguir que o <a class=\"AdSpiderClass\" id=\"spiderWordFound2\" style=\"color: rgb(45, 51, 27);\" rel=\"nofollow\">evento<\/a> seja adiado, o grupo deve ainda tentar medidas administrativas para a elei\u00e7\u00e3o n\u00e3o aconte\u00e7a neste m\u00eas.<\/spidertag><\/p>\n<p>Al\u00e9m de Eurico e Julio Brant, concorrem \u00e0 presid\u00eancia, Nelson Rocha, Roberto Monteiro e Tadeu Correia da Silva.<br \/>\tVeja abaixo os diversos erros encontrados pela oposi\u00e7\u00e3o na lista do Vasco*<\/p>\n<p>Identificamos que o s\u00f3cio de nome Alexandre Antonio Germano Bittencourt, pai Zilmar Braga Bittencourt, m\u00e3e Marina Germano Bittencourt e data de nascimento 22\/06\/1973, aparece na lista de eleitores duas vezes, sendo uma na categoria propriet\u00e1rio bronze, matr\u00edcula 12406, e outra na categoria em\u00e9rito, matr\u00edcula 182. O s\u00f3cio poder\u00e1 votar duas vezes. H\u00e1 possibilidade de fraude.<\/p>\n<p>Identificamos que o associado de nome Jose Antonio Sant&#8217;ana, pai Antonio Neto de Sant&#8217;ana, m\u00e3e Geny Soares Sant&#8217;ana, endere\u00e7o Rua Dr Jose Bastos 200, e data de nascimento 25\/02\/1951, est\u00e1 na lista de eleitores duas vezes, sendo ambas na categoria benfeitor remido, uma com a matr\u00edcula 1822 e outra com a matricula 2256. O associado poder\u00e1 votar duas vezes. Existe a possibilidade de fraude.<\/p>\n<p>Identificamos que na categoria benfeitor remido, a matricula 29 \u00e9 utilizada pelo s\u00f3cio Felipe Pena de Oliveira e pela associada Irene Alves da Costa. A possibilidade de ter uma matricula para dois s\u00f3cios \u00e9 um descontrole inaceit\u00e1vel.<\/p>\n<p>Identificamos que o nome Jo\u00e3o Carlos Gomes Ferreira, categoria grande benem\u00e9rito, matr\u00edcula 123, est\u00e1 na lista de Eleitores. Por\u00e9m ele faleceu em 24\/05\/2014. Vide link.<\/p>\n<p>Identificamos que o nome Jose Ubiratan Solino, categoria remido, matr\u00edcula 5192, est\u00e1 na lista de Eleitores. Por\u00e9m ele faleceu em 05\/03\/2010. Vide link.<\/p>\n<p>Identificamos que o associado de nome Igor Soares da Silva, categoria benfeitor remido, matricula 678, e o Igor Soares da Silva Telles, tamb\u00e9m categoria benfeitor remido, por\u00e9m matricula 677, tem o mesmo nome de pai, mesmo nome de m\u00e3e, mesmo endere\u00e7o e mesma data de nascimento. Conclu\u00edmos que sejam a mesma pessoa que est\u00e1 na lista de Eleitores duas vezes. O associado poder\u00e1 votar duas vezes, o que \u00e9 seria uma fraude.<\/p>\n<p>Identificamos que o s\u00f3cio de nome Jo\u00e3o Martins Areas, categoria remido, matricula 1388, e o Jo\u00e3o Martins Areias, tamb\u00e9m categoria remido, por\u00e9m matricula 2434, possuem nome e endere\u00e7o similar. H\u00e1 possibilidade de que sejam a mesma pessoa, estando na lista de Eleitores duas vezes. O associado poder\u00e1 votar duas vezes, o que \u00e9 seria uma fraude.<\/p>\n<p>Al\u00e9m das informa\u00e7\u00f5es supracitadas, identificamos tamb\u00e9m que:<br \/>\t&#8211; 197 s\u00f3cios n\u00e3o possuem endere\u00e7o;<br \/>\t&#8211; 617 s\u00f3cios tem endere\u00e7o Rua S\u00e3o Januario &#8211; at\u00e9 548 &#8211; lado par;<br \/>\t&#8211; 44 s\u00f3cios tem endere\u00e7o na Rua Gal Alm\u00e9rio de Moura, 131;<br \/>\t&#8211; 5 s\u00f3cios tem endere\u00e7o na General Almerio de Moura, 131;<br \/>\t&#8211; 34 s\u00f3cios tem endere\u00e7o Divisao de Cobranca;<br \/>\t&#8211; Nenhum eleitor tem CPF ou Identidade;<br \/>\t&#8211; 1 s\u00f3cio tem a informa\u00e7\u00e3o de cancelado no endere\u00e7o (Egon Jaco Hoeveler, benfeitor remido, matricula 808).<br \/><spidertag>&nbsp;<\/spidertag><br \/><spidertag>Identificamos que milhares de s\u00f3cios eleitores n\u00e3o possuem informa\u00e7\u00e3o de nome de m\u00e3e, nome de pai, bairro, cep, ddd, telefone fixo, <a class=\"AdSpiderClass\" id=\"spiderWordFound1\" style=\"color: rgb(45, 51, 27);\" rel=\"nofollow\">celular<\/a> e email, dificultando o contato com os associados.<\/spidertag><\/div>\n<div class=\"container-padrao\">\n<div class=\"compartilhar\"><span class=\"data\"><b><\/b><\/span>&nbsp;<\/div>\n<div class=\"compartilhar\"><span class=\"data\"><b>Fonte:<\/b> <strong>ESPN Brasil<\/strong><\/span><\/div>\n<div class=\"compartilhar\"><span class=\"data\"><strong>Fonte de consulta<\/strong>: <a href=\"http:\/\/www.supervasco.com\/noticias\/chapa-sempre-vasco-encontra-mortos-em-lista-de-eleitores-206094.html#comentar\"><\/a><a href=\"http:\/\/www.supervasco.com\/noticias\/chapa-sempre-vasco-encontra-mortos-em-lista-de-eleitores-206094.html#comentar\" >http:\/\/www.supervasco.com\/noticias\/chapa-sempre-vasco-encontra-mortos-em-lista-de-eleitores-206094.html#comentar<\/a><\/span><\/div>\n<\/div><\/div>\n<\/div>\n<p><\/p>\n","protected":false},"excerpt":{"rendered":"<p>&nbsp;&nbsp; Chapa Sempre Vasco encontra mortos em lista de eleitores! Em 04\/08\/2014 11:48 &nbsp;&nbsp;&nbsp;&nbsp;&nbsp;&nbsp;&nbsp;&nbsp;&nbsp;&nbsp;&nbsp;&nbsp;&nbsp;&nbsp;&nbsp;&nbsp;&nbsp;&nbsp;&nbsp;&nbsp;&nbsp;&nbsp;&nbsp;&nbsp;&nbsp;&nbsp;&nbsp;&nbsp;&nbsp;&nbsp;&nbsp;&nbsp;&nbsp;&nbsp;&nbsp;&nbsp;&nbsp;&nbsp;&nbsp;&nbsp;&nbsp;&nbsp;&nbsp;&nbsp;&nbsp;&nbsp;&nbsp;&nbsp;&nbsp;&nbsp;&nbsp;&nbsp;&nbsp;&nbsp;&nbsp;&nbsp;&nbsp;&nbsp;&nbsp;&nbsp;&nbsp;&nbsp;&nbsp;&nbsp;&nbsp;&nbsp;&nbsp;&nbsp;&nbsp;&nbsp;&nbsp;&nbsp;&nbsp;&nbsp;&nbsp;&nbsp;&nbsp;&nbsp;&nbsp;&nbsp;&nbsp;&nbsp; &nbsp;&nbsp;&nbsp;&nbsp;&nbsp;&nbsp;&nbsp;&nbsp;&nbsp;&nbsp;&nbsp;&nbsp;&nbsp;&nbsp;&nbsp;&nbsp;&nbsp;&nbsp;&nbsp;&nbsp;&nbsp;&nbsp;&nbsp;&nbsp;&#8230;<\/p>\n","protected":false},"author":8,"featured_media":914,"comment_status":"open","ping_status":"closed","sticky":false,"template":"","format":"standard","meta":{"footnotes":""},"categories":[6],"tags":[],"class_list":["post-913","post","type-post","status-publish","format-standard","has-post-thumbnail","hentry","category-marcus-simonini"],"_links":{"self":[{"href":"https:\/\/webvasco.com\/artigos\/wp-json\/wp\/v2\/posts\/913","targetHints":{"allow":["GET"]}}],"collection":[{"href":"https:\/\/webvasco.com\/artigos\/wp-json\/wp\/v2\/posts"}],"about":[{"href":"https:\/\/webvasco.com\/artigos\/wp-json\/wp\/v2\/types\/post"}],"author":[{"embeddable":true,"href":"https:\/\/webvasco.com\/artigos\/wp-json\/wp\/v2\/users\/8"}],"replies":[{"embeddable":true,"href":"https:\/\/webvasco.com\/artigos\/wp-json\/wp\/v2\/comments?post=913"}],"version-history":[{"count":0,"href":"https:\/\/webvasco.com\/artigos\/wp-json\/wp\/v2\/posts\/913\/revisions"}],"wp:featuredmedia":[{"embeddable":true,"href":"https:\/\/webvasco.com\/artigos\/wp-json\/wp\/v2\/media\/914"}],"wp:attachment":[{"href":"https:\/\/webvasco.com\/artigos\/wp-json\/wp\/v2\/media?parent=913"}],"wp:term":[{"taxonomy":"category","embeddable":true,"href":"https:\/\/webvasco.com\/artigos\/wp-json\/wp\/v2\/categories?post=913"},{"taxonomy":"post_tag","embeddable":true,"href":"https:\/\/webvasco.com\/artigos\/wp-json\/wp\/v2\/tags?post=913"}],"curies":[{"name":"wp","href":"https:\/\/api.w.org\/{rel}","templated":true}]}}