{"id":9147,"date":"2021-08-30T14:26:06","date_gmt":"2021-08-30T17:26:06","guid":{"rendered":"https:\/\/webvasco.com\/artigos\/?p=9147"},"modified":"2021-08-30T14:26:08","modified_gmt":"2021-08-30T17:26:08","slug":"elas-o-professor-karina-bp","status":"publish","type":"post","link":"https:\/\/webvasco.com\/artigos\/temas\/elas-e-o-professor\/elas-o-professor-karina-bp\/","title":{"rendered":"ELAS &#038; O PROFESSOR &#8211; KARINA BP"},"content":{"rendered":"\n<p>A entrevista de agosto de 2021, com Karina BP \u00e9 dedicada \u00e0 uma vasca\u00edna, que \u00e9 a raz\u00e3o do meu viver, toda a minha inspira\u00e7\u00e3o, e, sobretudo, o meu amor infinito: \u00darsulla Rocha.<\/p>\n\n\n\n<p><strong>Karina BP, <\/strong>dan\u00e7arina, estudante do ensino fundamental II, solteira, 14 anos, signo de peixes, moradora do bairro de Olaria, adora leitura nas horas vagas, al\u00e9m de dan\u00e7ar, tamb\u00e9m \u00e9 atriz, joga v\u00f4lei, handebol e pratica Krav Maga (Defesa Pessoal). Uma das suas paix\u00f5es \u00e9 o seu gatinho Nono. Possui simpatia pela Escola de Samba Portela, e afirma que o Club de Regatas Vasco da Gama \u00e9 um clube vencedor, no esporte e no social, parafraseando os seus pais. Na gastronomia, o frango \u00e9 bem apreciado pela jovem.<\/p>\n\n\n\n<p><strong>O que \u00e9 ser Vasco para voc\u00ea?<\/strong><\/p>\n\n\n\n<p>Diversidade e respeito.<\/p>\n\n\n\n<p><strong>Faz diferen\u00e7a uma crian\u00e7a entrar com jogadores em dias de jogos?<\/strong><\/p>\n\n\n\n<p>Eu acho que traz uma tranquilidade maior, e acaba sendo uma divers\u00e3o para a crian\u00e7a. Ela se sente importante de alguma forma para o clube, eu j\u00e1 entrei uma vez e me diverti muito.<\/p>\n\n\n\n<p><strong>Porque voc\u00ea escolheu ser Cruzmaltina?<\/strong><\/p>\n\n\n\n<p>Meu pai me influenciou bastante, mas eu acho a hist\u00f3ria do Vasco linda, al\u00e9m de achar o uniforme muito bonito.<\/p>\n\n\n\n<p><strong>Quando voc\u00ea nasceu o Gigante da Colina j\u00e1 vivia dias dif\u00edceis. O que mais lhe deixou triste?<\/strong><\/p>\n\n\n\n<p>O rebaixamento.<\/p>\n\n\n\n<p><strong>O que voc\u00ea espera melhorar nos pr\u00f3ximos 10 anos?<\/strong><\/p>\n\n\n\n<p><strong>&nbsp;<\/strong>A estrat\u00e9gia de jogo, alguns jogadores e a pol\u00edtica do Vasco.<\/p>\n\n\n\n<p><strong>A melhoria no entorno de S\u00e3o Janu\u00e1rio ir\u00e1 contribuir para que o clube tenha novos torcedores?<\/strong><\/p>\n\n\n\n<p>&nbsp;Com certeza, vai trazer mais visibilidade ao time.<\/p>\n\n\n\n<p><strong>Qual jogador voc\u00ea n\u00e3o viu em campo, mas ouviu muitos elogios?<\/strong><\/p>\n\n\n\n<p>Rom\u00e1rio.<\/p>\n\n\n\n<p><strong>As mulheres (meninas e mo\u00e7as tamb\u00e9m) est\u00e3o cada vez mais ganhando espa\u00e7o no futebol (merecidamente). Com isso voc\u00ea acha que o Terceiro Uniforme do Vasco poderia ser na cor rosa?<\/strong> N\u00e3o, na minha opini\u00e3o o azul \u00e9 bem mais bonito.<\/p>\n\n\n\n<p><strong>Al\u00e9m do futebol, voc\u00ea acompanha outros esportes do Cruzmaltino?<\/strong><\/p>\n\n\n\n<p>N\u00e3o, mas adoraria saber mais sobre os outros esportes do Vasco.<\/p>\n\n\n\n<p><strong>Se voc\u00ea fosse a treinadora do atual time, o que mudaria?<\/strong><\/p>\n\n\n\n<p>Eu melhoraria a defesa e tentaria novas estrat\u00e9gias de jogo, em vista que a atual n\u00e3o est\u00e1 funcionando.<\/p>\n\n\n\n<p><strong>Al\u00e9m de papai e mam\u00e3e, quem mais na sua fam\u00edlia torce para o Vasco da Gama?<\/strong><\/p>\n\n\n\n<p>Meus av\u00f4s, al\u00e9m da fam\u00edlia paterna inteira e alguns parentes por parte de m\u00e3e.<\/p>\n\n\n\n<p><strong>Quem foi o melhor t\u00e9cnico de todos os tempos?<\/strong><\/p>\n\n\n\n<p>Ant\u00f4nio Lopes.<\/p>\n\n\n\n<p><strong><u>FOTOGRAFIAS \u00a0FORNECIDAS PELO ARQUIVO PESSOAL DA ENTREVISTADA.<\/u><\/strong><\/p>\n\n\n\n<figure class=\"wp-block-gallery columns-3 is-cropped wp-block-gallery-1 is-layout-flex wp-block-gallery-is-layout-flex\"><ul class=\"blocks-gallery-grid\"><li class=\"blocks-gallery-item\"><figure><img loading=\"lazy\" decoding=\"async\" width=\"768\" height=\"1024\" src=\"https:\/\/webvasco.com\/artigos\/wp-content\/uploads\/2021\/08\/KBP-768x1024.jpeg\" alt=\"\" data-id=\"9148\" data-full-url=\"https:\/\/webvasco.com\/artigos\/wp-content\/uploads\/2021\/08\/KBP.jpeg\" data-link=\"https:\/\/webvasco.com\/artigos\/?attachment_id=9148\" class=\"wp-image-9148\" srcset=\"https:\/\/webvasco.com\/artigos\/wp-content\/uploads\/2021\/08\/KBP-768x1024.jpeg 768w, https:\/\/webvasco.com\/artigos\/wp-content\/uploads\/2021\/08\/KBP-225x300.jpeg 225w, https:\/\/webvasco.com\/artigos\/wp-content\/uploads\/2021\/08\/KBP-112x150.jpeg 112w, https:\/\/webvasco.com\/artigos\/wp-content\/uploads\/2021\/08\/KBP-1024x1366.jpeg 1024w, https:\/\/webvasco.com\/artigos\/wp-content\/uploads\/2021\/08\/KBP.jpeg 1043w\" sizes=\"auto, (max-width: 768px) 100vw, 768px\" \/><\/figure><\/li><li class=\"blocks-gallery-item\"><figure><img loading=\"lazy\" decoding=\"async\" width=\"1024\" height=\"575\" src=\"https:\/\/webvasco.com\/artigos\/wp-content\/uploads\/2021\/08\/KBP2-1024x575.jpeg\" alt=\"\" data-id=\"9149\" data-full-url=\"https:\/\/webvasco.com\/artigos\/wp-content\/uploads\/2021\/08\/KBP2.jpeg\" data-link=\"https:\/\/webvasco.com\/artigos\/?attachment_id=9149\" class=\"wp-image-9149\" srcset=\"https:\/\/webvasco.com\/artigos\/wp-content\/uploads\/2021\/08\/KBP2-1024x575.jpeg 1024w, https:\/\/webvasco.com\/artigos\/wp-content\/uploads\/2021\/08\/KBP2-300x168.jpeg 300w, https:\/\/webvasco.com\/artigos\/wp-content\/uploads\/2021\/08\/KBP2-150x84.jpeg 150w, https:\/\/webvasco.com\/artigos\/wp-content\/uploads\/2021\/08\/KBP2-768x431.jpeg 768w, https:\/\/webvasco.com\/artigos\/wp-content\/uploads\/2021\/08\/KBP2.jpeg 1040w\" sizes=\"auto, (max-width: 1024px) 100vw, 1024px\" \/><\/figure><\/li><li class=\"blocks-gallery-item\"><figure><img loading=\"lazy\" decoding=\"async\" width=\"766\" height=\"1024\" src=\"https:\/\/webvasco.com\/artigos\/wp-content\/uploads\/2021\/08\/KBP3-766x1024.jpeg\" alt=\"\" data-id=\"9150\" data-full-url=\"https:\/\/webvasco.com\/artigos\/wp-content\/uploads\/2021\/08\/KBP3.jpeg\" data-link=\"https:\/\/webvasco.com\/artigos\/?attachment_id=9150\" class=\"wp-image-9150\" srcset=\"https:\/\/webvasco.com\/artigos\/wp-content\/uploads\/2021\/08\/KBP3-766x1024.jpeg 766w, https:\/\/webvasco.com\/artigos\/wp-content\/uploads\/2021\/08\/KBP3-225x300.jpeg 225w, https:\/\/webvasco.com\/artigos\/wp-content\/uploads\/2021\/08\/KBP3-112x150.jpeg 112w, https:\/\/webvasco.com\/artigos\/wp-content\/uploads\/2021\/08\/KBP3-768x1026.jpeg 768w, https:\/\/webvasco.com\/artigos\/wp-content\/uploads\/2021\/08\/KBP3.jpeg 958w\" sizes=\"auto, (max-width: 766px) 100vw, 766px\" \/><\/figure><\/li><li class=\"blocks-gallery-item\"><figure><img loading=\"lazy\" decoding=\"async\" width=\"768\" height=\"1024\" src=\"https:\/\/webvasco.com\/artigos\/wp-content\/uploads\/2021\/08\/KBP4-768x1024.jpeg\" alt=\"\" data-id=\"9151\" data-full-url=\"https:\/\/webvasco.com\/artigos\/wp-content\/uploads\/2021\/08\/KBP4.jpeg\" data-link=\"https:\/\/webvasco.com\/artigos\/?attachment_id=9151\" class=\"wp-image-9151\" srcset=\"https:\/\/webvasco.com\/artigos\/wp-content\/uploads\/2021\/08\/KBP4-768x1024.jpeg 768w, https:\/\/webvasco.com\/artigos\/wp-content\/uploads\/2021\/08\/KBP4-225x300.jpeg 225w, https:\/\/webvasco.com\/artigos\/wp-content\/uploads\/2021\/08\/KBP4-113x150.jpeg 113w, https:\/\/webvasco.com\/artigos\/wp-content\/uploads\/2021\/08\/KBP4-1024x1365.jpeg 1024w, https:\/\/webvasco.com\/artigos\/wp-content\/uploads\/2021\/08\/KBP4.jpeg 1061w\" sizes=\"auto, (max-width: 768px) 100vw, 768px\" \/><\/figure><\/li><li class=\"blocks-gallery-item\"><figure><img loading=\"lazy\" decoding=\"async\" width=\"1024\" height=\"768\" src=\"https:\/\/webvasco.com\/artigos\/wp-content\/uploads\/2021\/08\/KBP5-1024x768.jpeg\" alt=\"\" data-id=\"9152\" data-full-url=\"https:\/\/webvasco.com\/artigos\/wp-content\/uploads\/2021\/08\/KBP5.jpeg\" data-link=\"https:\/\/webvasco.com\/artigos\/?attachment_id=9152\" class=\"wp-image-9152\" srcset=\"https:\/\/webvasco.com\/artigos\/wp-content\/uploads\/2021\/08\/KBP5-1024x768.jpeg 1024w, https:\/\/webvasco.com\/artigos\/wp-content\/uploads\/2021\/08\/KBP5-300x225.jpeg 300w, https:\/\/webvasco.com\/artigos\/wp-content\/uploads\/2021\/08\/KBP5-150x113.jpeg 150w, https:\/\/webvasco.com\/artigos\/wp-content\/uploads\/2021\/08\/KBP5-768x576.jpeg 768w, https:\/\/webvasco.com\/artigos\/wp-content\/uploads\/2021\/08\/KBP5-1536x1152.jpeg 1536w, https:\/\/webvasco.com\/artigos\/wp-content\/uploads\/2021\/08\/KBP5.jpeg 1600w\" sizes=\"auto, (max-width: 1024px) 100vw, 1024px\" \/><\/figure><\/li><\/ul><\/figure>\n","protected":false},"excerpt":{"rendered":"<p>A entrevista de agosto de 2021, com Karina BP \u00e9 dedicada \u00e0 uma vasca\u00edna, que&#8230;<\/p>\n","protected":false},"author":7,"featured_media":9153,"comment_status":"open","ping_status":"closed","sticky":false,"template":"","format":"standard","meta":{"footnotes":""},"categories":[27],"tags":[],"class_list":["post-9147","post","type-post","status-publish","format-standard","has-post-thumbnail","hentry","category-elas-e-o-professor"],"_links":{"self":[{"href":"https:\/\/webvasco.com\/artigos\/wp-json\/wp\/v2\/posts\/9147","targetHints":{"allow":["GET"]}}],"collection":[{"href":"https:\/\/webvasco.com\/artigos\/wp-json\/wp\/v2\/posts"}],"about":[{"href":"https:\/\/webvasco.com\/artigos\/wp-json\/wp\/v2\/types\/post"}],"author":[{"embeddable":true,"href":"https:\/\/webvasco.com\/artigos\/wp-json\/wp\/v2\/users\/7"}],"replies":[{"embeddable":true,"href":"https:\/\/webvasco.com\/artigos\/wp-json\/wp\/v2\/comments?post=9147"}],"version-history":[{"count":1,"href":"https:\/\/webvasco.com\/artigos\/wp-json\/wp\/v2\/posts\/9147\/revisions"}],"predecessor-version":[{"id":9158,"href":"https:\/\/webvasco.com\/artigos\/wp-json\/wp\/v2\/posts\/9147\/revisions\/9158"}],"wp:featuredmedia":[{"embeddable":true,"href":"https:\/\/webvasco.com\/artigos\/wp-json\/wp\/v2\/media\/9153"}],"wp:attachment":[{"href":"https:\/\/webvasco.com\/artigos\/wp-json\/wp\/v2\/media?parent=9147"}],"wp:term":[{"taxonomy":"category","embeddable":true,"href":"https:\/\/webvasco.com\/artigos\/wp-json\/wp\/v2\/categories?post=9147"},{"taxonomy":"post_tag","embeddable":true,"href":"https:\/\/webvasco.com\/artigos\/wp-json\/wp\/v2\/tags?post=9147"}],"curies":[{"name":"wp","href":"https:\/\/api.w.org\/{rel}","templated":true}]}}