{"id":915,"date":"2014-08-08T13:39:04","date_gmt":"2014-08-08T16:39:04","guid":{"rendered":"http:\/\/webvasco.com\/artigos\/?p=915"},"modified":"2014-08-08T13:45:10","modified_gmt":"2014-08-08T16:45:10","slug":"juntos-e-contra-um-vasco-forte-organizado-e-renovado","status":"publish","type":"post","link":"https:\/\/webvasco.com\/artigos\/colunistas\/marcus-simonini\/juntos-e-contra-um-vasco-forte-organizado-e-renovado\/","title":{"rendered":"JUNTOS, E CONTRA UM VASCO FORTE, ORGANIZADO E RENOVADO"},"content":{"rendered":"<div>\n<div dir='ltr'>&nbsp;<\/p>\n<div id=\"ecxattachment_2739\" style=\"padding: 4px; text-align: center; clear: both; direction: ltr; background-color: white;\"><a style=\"color: rgb(37, 133, 178); text-decoration: underline;\" href=\"https:\/\/incondicionalmentevasco.files.wordpress.com\/2014\/08\/eurico-deputado-federal.jpg\" target=\"_blank\"><img decoding=\"async\" class=\"ecxsize-full ecxwp-image-2739\" style=\"height: auto; max-width: 100%;\" alt=\"Eurico Deputado Federal\" src=\"http&#58;\/\/incondicionalmentevasco.files.wordpress.com\/2014\/08\/eurico-deputado-federal.jpg&#63;w&#61;256\" border=\"0\"\/><\/a> <\/p>\n<p class=\"ecxwp-caption-text\" style='color: rgb(68, 68, 68); line-height: 1.4em; font-family: \"Helvetica Neue\", Helvetica, Arial, sans-serif; font-size: 14px; direction: ltr;'>Eurico Deputado Federal<\/p>\n<\/div>\n<p style='color: rgb(68, 68, 68); line-height: 1.4em; font-family: \"Helvetica Neue\", Helvetica, Arial, sans-serif; font-size: 14px; direction: ltr;'>\n<div id=\"ecxattachment_2740\" style=\"padding: 4px; text-align: center; clear: both; direction: ltr; background-color: white;\"><a style=\"color: rgb(37, 133, 178); text-decoration: underline;\" href=\"https:\/\/incondicionalmentevasco.files.wordpress.com\/2014\/08\/vereador-roberto-monteiro.jpg\" target=\"_blank\"><img decoding=\"async\" class=\"ecxsize-full ecxwp-image-2740\" style=\"height: auto; max-width: 100%;\" alt=\"Roberto Monteiro em campanha para Vereador\" src=\"http&#58;\/\/incondicionalmentevasco.files.wordpress.com\/2014\/08\/vereador-roberto-monteiro.jpg&#63;w&#61;215\" border=\"0\"\/><\/a> <\/p>\n<p class=\"ecxwp-caption-text\" style='color: rgb(68, 68, 68); line-height: 1.4em; font-family: \"Helvetica Neue\", Helvetica, Arial, sans-serif; font-size: 14px; direction: ltr;'>Roberto Monteiro em campanha para Vereador<\/p>\n<p class=\"ecxwp-caption-text\" style='color: rgb(68, 68, 68); line-height: 1.4em; font-family: \"Helvetica Neue\", Helvetica, Arial, sans-serif; font-size: 14px; direction: ltr;'>&nbsp;<\/p>\n<p class=\"ecxwp-caption-text\" style='color: rgb(68, 68, 68); line-height: 1.4em; font-family: \"Helvetica Neue\", Helvetica, Arial, sans-serif; font-size: 14px; direction: ltr;'>&nbsp;<\/p>\n<\/div>\n<p style='color: rgb(68, 68, 68); line-height: 1.4em; font-family: \"Helvetica Neue\", Helvetica, Arial, sans-serif; font-size: 14px; direction: ltr;'>N\u00e3o bastasse o tumulto total em que se transformaram as elei\u00e7\u00f5es do Vasco; N\u00e3o bastasse Eurico e Roberto Monteiro n\u00e3o terem comparecido ao debate ocorrido na r\u00e1dio Globo, no domingo passado, dia 03\/08 (Roberto Monteiro preferiu ir a um almo\u00e7o na Casa de Viseu, embora tenha dito que estava a caminho da emissora); agora, a t\u00e1tica do ex-Deputado Federal Eurico Miranda e do ex-Vereador Roberto Monteiro \u00e9 a de impedir o recadastramento geral do quadro associativo do Club de Regatas Vasco da Gama, conforme noticia o Jornalista Paulo Vin\u00edcius Coelho, o PVC da ESPN Brasil. Pelo visto n\u00e3o querem organiza\u00e7\u00e3o no pleito marcado para o dia 11 de novembro, e est\u00e3o satisfeitos com a lista atual repleta de irregularidades (mortos, pessoas com duas matr\u00edculas, duas pessoas para um matr\u00edcula, hom\u00f4nimos que n\u00e3o s\u00e3o hom\u00f4nimos, pessoas com domic\u00edlio na Colina Hist\u00f3rica, entre outras). Roberto Monteiro, inclusive, entrou com recurso contra a decis\u00e3o do Desembargador Camilo Ruliere, da 1\u00aa C\u00e2mara C\u00edvel do Tribunal de Justi\u00e7a do RJ.<\/p>\n<p style='color: rgb(68, 68, 68); line-height: 1.4em; font-family: \"Helvetica Neue\", Helvetica, Arial, sans-serif; font-size: 14px; direction: ltr;'>&nbsp;<\/p>\n<p style='color: rgb(68, 68, 68); line-height: 1.4em; font-family: \"Helvetica Neue\", Helvetica, Arial, sans-serif; font-size: 14px; direction: ltr;'>Os atos de desconsidera\u00e7\u00e3o e desrespeito para com os associados precisam parar de uma vez, da parte das pessoas que j\u00e1 cuidaram, cuidam e querem cuidar do nosso Club nos pr\u00f3ximos 3 anos. Vale ressaltar que s\u00f3 estamos vivendo toda essa tormenta, porque Dinamite n\u00e3o renunciou em dezembro passado, como que lhe foi pedido pelos s\u00f3cios, e em 6 anos, n\u00e3o fez esse recadastramento, e o faz agora, provavelmente, preocupado com sua imagem, j\u00e1 que tentar mais uma vez seguir na Alerj, tarefa quase imposs\u00edvel se consideramos seus p\u00edfios desempenhos como Presidente do CRVG e Parlamentar.<\/p>\n<p style='color: rgb(68, 68, 68); line-height: 1.4em; font-family: \"Helvetica Neue\", Helvetica, Arial, sans-serif; font-size: 14px; direction: ltr;'>&nbsp;<\/p>\n<p style='color: rgb(68, 68, 68); line-height: 1.4em; font-family: \"Helvetica Neue\", Helvetica, Arial, sans-serif; font-size: 14px; direction: ltr;'>* Leiam a mat\u00e9ria at\u00e9 o final! N\u00e3o ter\u00e3o d\u00favidas de quem \u00e9 verdadeiramente Oposi\u00e7\u00e3o a tudo isso que est\u00e1 a\u00ed, mas quer elei\u00e7\u00f5es limpas, e quem tem na sua chapa 11 dos Vice-Presidentes (VP\u00b4s) de Dinamite.<\/p>\n<p style='color: rgb(68, 68, 68); line-height: 1.4em; font-family: \"Helvetica Neue\", Helvetica, Arial, sans-serif; font-size: 14px; direction: ltr;'>&nbsp;<\/p>\n<p style='color: rgb(68, 68, 68); line-height: 1.4em; font-family: \"Helvetica Neue\", Helvetica, Arial, sans-serif; font-size: 14px; direction: ltr;'>* O ex-Vereador Roberto Monteiro foi Presidente da FJV em 1989\/1991 e 1993, mesma \u00e9poca em que Eurico Miranda era Vice-Presidente de Futebol do Vasco. N\u00e3o \u00e0 toa que mant\u00e9m boa rela\u00e7\u00e3o pol\u00edtica. <\/p>\n<p style='color: rgb(68, 68, 68); line-height: 1.4em; font-family: \"Helvetica Neue\", Helvetica, Arial, sans-serif; font-size: 14px; direction: ltr;'>&nbsp;<\/p>\n<p style='color: rgb(68, 68, 68); line-height: 1.4em; font-family: \"Helvetica Neue\", Helvetica, Arial, sans-serif; font-size: 14px; direction: ltr;'><a style=\"color: rgb(37, 133, 178); text-decoration: underline;\" href=\"https:\/\/incondicionalmentevasco.files.wordpress.com\/2014\/08\/roberto-monteiro-fjv-hooligan.png\" target=\"_blank\"><img decoding=\"async\" class=\"ecx ecxsize-full ecxwp-image-2741\" style=\"padding: 4px; border: 1px solid rgb(204, 204, 204); height: auto; clear: both; display: block; max-width: 100%; background-color: white;\" alt=\"Roberto Monteiro FJV\" src=\"http&#58;\/\/incondicionalmentevasco.files.wordpress.com\/2014\/08\/roberto-monteiro-fjv-hooligan.png&#63;w&#61;235\" border=\"0\"\/><\/a><\/p>\n<p style='color: rgb(68, 68, 68); line-height: 1.4em; font-family: \"Helvetica Neue\", Helvetica, Arial, sans-serif; font-size: 14px; direction: ltr;'>&nbsp;<\/p>\n<p style='color: rgb(68, 68, 68); line-height: 1.4em; font-family: \"Helvetica Neue\", Helvetica, Arial, sans-serif; font-size: 14px; direction: ltr;'>Confiram a mat\u00e9ria do Jornalista PVC, da ESPN Brasil:<\/p>\n<p style='color: rgb(68, 68, 68); line-height: 1.4em; font-family: \"Helvetica Neue\", Helvetica, Arial, sans-serif; font-size: 14px; direction: ltr;'>&nbsp;<\/p>\n<p style='color: rgb(68, 68, 68); line-height: 1.4em; font-family: \"Helvetica Neue\", Helvetica, Arial, sans-serif; font-size: 14px; direction: ltr;'><strong>Paulo Vin\u00edcius Coelho \u00e9 jornalista desde os 18 anos e desde 2000 \u00e9 comentarista dos canais ESPN. Tem mais tempo de profiss\u00e3o do que tinha de vida, quando come\u00e7ou a trabalhar<\/strong><\/p>\n<p style='color: rgb(68, 68, 68); line-height: 1.4em; font-family: \"Helvetica Neue\", Helvetica, Arial, sans-serif; font-size: 14px; direction: ltr;'><strong><\/strong>&nbsp;<\/p>\n<p><strong><\/p>\n<p style='color: rgb(68, 68, 68); line-height: 1.4em; font-family: \"Helvetica Neue\", Helvetica, Arial, sans-serif; font-size: 14px; direction: ltr;'>08\/08\/2014 | 10h59<\/p>\n<p style='color: rgb(68, 68, 68); line-height: 1.4em; font-family: \"Helvetica Neue\", Helvetica, Arial, sans-serif; font-size: 14px; direction: ltr;'>&nbsp;<\/p>\n<p style='color: rgb(68, 68, 68); line-height: 1.4em; font-family: \"Helvetica Neue\", Helvetica, Arial, sans-serif; font-size: 14px; direction: ltr;'>Eurico Miranda e Roberto Monteiro se juntam para tentar bloquear recadastramento de s\u00f3cios do Vasco<\/p>\n<p style='color: rgb(68, 68, 68); line-height: 1.4em; font-family: \"Helvetica Neue\", Helvetica, Arial, sans-serif; font-size: 14px; direction: ltr;'>&nbsp;<\/p>\n<p style='color: rgb(68, 68, 68); line-height: 1.4em; font-family: \"Helvetica Neue\", Helvetica, Arial, sans-serif; font-size: 14px; direction: ltr;'>Eurico Miranda e Roberto Monteiro reuniram-se ontem para definir a estrat\u00e9gia conjunta em rela\u00e7\u00e3o \u00e0 reuni\u00e3o extraordin\u00e1rio do Conselho Deliberativo do Vasco, convocada para quarta-feira que vem. A convoca\u00e7\u00e3o visa a decidir sobre as prorroga\u00e7\u00f5es dos mandatos dos conselheiros e da diretoria administrativa, do presidente Roberto Dinamite. Os mandatos terminariam agora se as elei\u00e7\u00f5es ocorressem no dia 6 de agosto, como inicialmente agendadas.<\/p>\n<p style='color: rgb(68, 68, 68); line-height: 1.4em; font-family: \"Helvetica Neue\", Helvetica, Arial, sans-serif; font-size: 14px; direction: ltr;'>&nbsp;A ideia de Eurico e Monteiro \u00e9 afastar o presidente Roberto Dinamite e prorrogar os mandatos dos Conselhos Deliberativo e Fiscal. Os conselheiros controlados por Eurico e Monteiro escolheriam uma Junta Provis\u00f3ria para governar o Vasco at\u00e9 11 de novembro, nova datas das elei\u00e7\u00f5es.<\/p>\n<p style='color: rgb(68, 68, 68); line-height: 1.4em; font-family: \"Helvetica Neue\", Helvetica, Arial, sans-serif; font-size: 14px; direction: ltr;'>\u00c9 a chance de Eurico Miranda e Roberto Monteiro evitarem o recadastramento dos s\u00f3cios antes, j\u00e1 pedido por Roberto Dinamite.<\/p>\n<p style='color: rgb(68, 68, 68); line-height: 1.4em; font-family: \"Helvetica Neue\", Helvetica, Arial, sans-serif; font-size: 14px; direction: ltr;'>&nbsp;<\/p>\n<p style='color: rgb(68, 68, 68); line-height: 1.4em; font-family: \"Helvetica Neue\", Helvetica, Arial, sans-serif; font-size: 14px; direction: ltr;'>H\u00e1 quatro candidatos \u00e0 presid\u00eancia do Vasco: J\u00falio Brant, Nelson Rocha, Eurico Miranda e Roberto Monteiro. Os dois \u00faltimos s\u00e3o acusados de levarem s\u00f3cios irregulares para as elei\u00e7\u00f5es. Sem os chamados mensaleiros, Eurico Miranda ter\u00e1 m\u00ednimas chances de vencer a elei\u00e7\u00e3o e Roberto Monteiro ter\u00e1 seu n\u00famero de eleitores diminu\u00eddo. <\/p>\n<p style='color: rgb(68, 68, 68); line-height: 1.4em; font-family: \"Helvetica Neue\", Helvetica, Arial, sans-serif; font-size: 14px; direction: ltr;'>&nbsp;<\/p>\n<p><\/strong><\/p>\n<p style='color: rgb(68, 68, 68); line-height: 1.4em; font-family: \"Helvetica Neue\", Helvetica, Arial, sans-serif; font-size: 14px; direction: ltr;'><strong>Monteiro \u00e9 apoiado por 11 dos vice-presidentes de Roberto Dinamite.<br \/><\/strong><br \/> FONTE: <a style=\"color: rgb(37, 133, 178); text-decoration: underline;\" href=\"http:\/\/espn.uol.com.br\/post\/431038_eurico-miranda-e-roberto-monteiro-se-juntam-para-tentar-bloquear-recadastramento-de-socios-do-vasco\" target=\"_blank\" rel=\"nofollow\"><\/a><a href=\"http:\/\/espn.uol.com.br\/post\/431038_eurico-miranda-e-roberto-monteiro-se-juntam-para-tentar-bloquear-recadastramento-de-socios-do-vasco\" >http:\/\/espn.uol.com.br\/post\/431038_eurico-miranda-e-roberto-monteiro-se-juntam-para-tentar-bloquear-recadastramento-de-socios-do-vasco<\/a><\/p>\n<div style=\"clear: both; direction: ltr;\"><\/div>\n<\/p><\/div>\n<\/div>\n<p><\/p>\n","protected":false},"excerpt":{"rendered":"<p>&nbsp; Eurico Deputado Federal Roberto Monteiro em campanha para Vereador &nbsp; &nbsp; N\u00e3o bastasse o&#8230;<\/p>\n","protected":false},"author":8,"featured_media":2739,"comment_status":"open","ping_status":"closed","sticky":false,"template":"","format":"standard","meta":{"footnotes":""},"categories":[6],"tags":[],"class_list":["post-915","post","type-post","status-publish","format-standard","has-post-thumbnail","hentry","category-marcus-simonini"],"_links":{"self":[{"href":"https:\/\/webvasco.com\/artigos\/wp-json\/wp\/v2\/posts\/915","targetHints":{"allow":["GET"]}}],"collection":[{"href":"https:\/\/webvasco.com\/artigos\/wp-json\/wp\/v2\/posts"}],"about":[{"href":"https:\/\/webvasco.com\/artigos\/wp-json\/wp\/v2\/types\/post"}],"author":[{"embeddable":true,"href":"https:\/\/webvasco.com\/artigos\/wp-json\/wp\/v2\/users\/8"}],"replies":[{"embeddable":true,"href":"https:\/\/webvasco.com\/artigos\/wp-json\/wp\/v2\/comments?post=915"}],"version-history":[{"count":0,"href":"https:\/\/webvasco.com\/artigos\/wp-json\/wp\/v2\/posts\/915\/revisions"}],"wp:featuredmedia":[{"embeddable":true,"href":"https:\/\/webvasco.com\/artigos\/wp-json\/wp\/v2\/media\/2739"}],"wp:attachment":[{"href":"https:\/\/webvasco.com\/artigos\/wp-json\/wp\/v2\/media?parent=915"}],"wp:term":[{"taxonomy":"category","embeddable":true,"href":"https:\/\/webvasco.com\/artigos\/wp-json\/wp\/v2\/categories?post=915"},{"taxonomy":"post_tag","embeddable":true,"href":"https:\/\/webvasco.com\/artigos\/wp-json\/wp\/v2\/tags?post=915"}],"curies":[{"name":"wp","href":"https:\/\/api.w.org\/{rel}","templated":true}]}}