{"id":916,"date":"2014-08-09T10:32:26","date_gmt":"2014-08-09T13:32:26","guid":{"rendered":"http:\/\/webvasco.com\/artigos\/?p=916"},"modified":"2014-08-09T10:35:06","modified_gmt":"2014-08-09T13:35:06","slug":"o-senhor-da-razo-e-o-despertar-de-uma-iluso","status":"publish","type":"post","link":"https:\/\/webvasco.com\/artigos\/colunistas\/o-senhor-da-razo-e-o-despertar-de-uma-iluso\/","title":{"rendered":"O senhor da raz&atilde;o e o despertar de uma ilus&atilde;o!"},"content":{"rendered":"<div dir=\"ltr\">\n<div>\n<p class=\"MsoNormal\" style=\"text-align:justify;line-height:150%\"><span style=\"font-size:8.5pt;line-height:150%;font-family:Arial,sans-serif\">O<br \/>\nroteiro era o mesmo de toda sexta-feira. Perto das 18 horas, eu em meu carro,<br \/>\nestacionando para cumprir \u00e0 minha \u00faltima obriga\u00e7\u00e3o da semana: uma aula (mais<br \/>\numa, de tantas que leciono semanalmente!) para os \u201cconcurseiros\u201d do curso<br \/>\npreparat\u00f3rio no qual, tamb\u00e9m, trabalho. <\/span><\/p>\n<p class=\"MsoNormal\" style=\"text-align:justify;line-height:150%\"><span style=\"font-size:8.5pt;line-height:150%;font-family:Arial,sans-serif\"><br \/><\/span><\/p>\n<p class=\"MsoNormal\" style=\"text-align:justify;line-height:150%\"><span style=\"font-size:8.5pt;line-height:150%;font-family:Arial,sans-serif\">Confesso-lhes<br \/>\nque n\u00e3o sou nada f\u00e3 do programa \u201cGlobo Esportivo\u201d, apesar de respeitar aos profissionais<br \/>\nque l\u00e1 trabalham, dignamente e cada um com sua opini\u00e3o, mesmo que em muitos<br \/>\ncasos n\u00e3o sejam coincidentes com as minhas. Deixei de ser f\u00e3 desse programa no<br \/>\nmomento em que, numa jogada que parecia para diminuir muito da voz do vasca\u00edno<br \/>\nque l\u00e1 estava, Gilmar Ferreira \u00e9 demitido da emissora e Loureiro Neto, por<br \/>\nmotivo de doen\u00e7a, \u00e9 obrigado a se afastar. Quem assumiu colocou em seus lugares<br \/>\nno mesmo hor\u00e1rio D\u00e9 Aranha (se diz declarado torcedor do Am\u00e9rica-RJ) e Eraldo<br \/>\nLeite (botafoguense). Os demais componentes dessa mesa \u201cisenta\u201d de debates s\u00e3o<br \/>\nS\u00e9rgio Di Bocage (assumiu em lugar de Renato Maur\u00edcio Prado) e Felipe Cardoso<br \/>\n(tricolor). Vez ou outra quando lhe d\u00e3o espa\u00e7o o \u00fanico vasca\u00edno que \u201cpinta<br \/>\nnessa \u00e1rea\u201d \u00e9 Rafael Marques, mas n\u00e3o \u00e9 sempre.<\/span><\/p>\n<p class=\"MsoNormal\" style=\"text-align:justify;line-height:150%\"><span style=\"font-size:8.5pt;line-height:150%;font-family:Arial,sans-serif\"><br \/><\/span><\/p>\n<p class=\"MsoNormal\" style=\"text-align:justify;line-height:150%\"><span style=\"font-size:8.5pt;line-height:150%;font-family:Arial,sans-serif\">Enfim,<br \/>\nescutei durante o trajeto inteiro da viagem uma r\u00e1dio musical at\u00e9 que, ao<br \/>\nestacionar, resolvi trocar de r\u00e1dio e escutar os principais assuntos que<br \/>\nestavam sendo debatidos. Para minha surpresa, o tema debatido era sobre o<br \/>\nVasco, e para minha surpresa ainda maior, a discuss\u00e3o gerada era sobre as<br \/>\nelei\u00e7\u00f5es vasca\u00ednas. O debate se polarizava em torno da poss\u00edvel extens\u00e3o de<br \/>\nmandato do Presidente Roberto, tratado como \u201cgolpe\u201d por parte de Lu\u00edz Penido e<br \/>\ncujos componentes da mesa de debates, dentre eles Eraldo Leite, pareciam de<br \/>\ncerta forma concordar com sua coloca\u00e7\u00e3o. Outros termos mais duros foram<br \/>\nfalados, em especial, pelo locutor titular da emissora, tal como \u201cbrincadeira o<br \/>\nque est\u00e3o fazendo com o Vasco\u201d, \u201cgest\u00e3o terr\u00edvel\u201d, \u201cgest\u00e3o desastrosa\u201d<br \/>\n(obviamente, se referindo \u00e0 atual gest\u00e3o vasca\u00edna)&#8230; Ou seja: para n\u00f3s que<br \/>\nacompanhamos ao Vasco de perto, inclusive nos bastidores da pol\u00edtica, nenhuma<br \/>\nnovidade&#8230;<\/span><\/p>\n<p class=\"MsoNormal\" style=\"text-align:justify;line-height:150%\"><span style=\"font-size:8.5pt;line-height:150%;font-family:Arial,sans-serif\"><br \/><\/span><\/p>\n<p class=\"MsoNormal\" style=\"text-align:justify;line-height:150%\"><span style=\"font-size:8.5pt;line-height:150%;font-family:Arial,sans-serif\">Eis<br \/>\nque, ent\u00e3o, volta-se \u00e0 tona o assunto rebaixamento, ali\u00e1s, bi-rebaixamento do<br \/>\nVasco na gest\u00e3o Roberto, assim levantado sob as palavras de \u201cdois rebaixamentos\u201d<br \/>\npor Penido. Iniciou-se a \u201cbulha\u201d, ent\u00e3o, com Eraldo Leite de forma convicta<br \/>\ncombatendo \u00e0 essa coloca\u00e7\u00e3o. Segundo as palavras de Eraldo, \u201co time do Vasco de<br \/>\n2008 cairia de qualquer jeito\u201d, \u201cera s\u00f3 observar quem estava l\u00e1 e o que foi<br \/>\ndeixado como heran\u00e7a\u201d (aquele velho papo da \u201cheran\u00e7a maldita\u201d, que para mim e<br \/>\nutilizando as palavras de Felipe Cardoso, \u201cisso \u00e9 uma chatice!\u201d), \u201cRoberto<br \/>\npegou uma canoa furada\u201d etc. Do outro lado, Penido em tom muito mais brando<br \/>\ncombatia a essas coloca\u00e7\u00f5es: segundo as palavras do locutor, \u201cn\u00e3o era bem assim\u201d,<br \/>\n\u201co Vasco caiu em 2008 porque Roberto saiu mudando tudo no meio do caminho\u201d, \u201celes<br \/>\n(Roberto e MUV) sabiam o que estavam pegando e ainda tinham seis meses de<br \/>\ncampeonato brasileiro, com o Vasco estando na nona coloca\u00e7\u00e3o\u201d etc. Fiquei<br \/>\nacompanhando \u00e0 discuss\u00e3o, j\u00e1 com o carro desligado e com minha hora quase<br \/>\nestourando, mas n\u00e3o pude deixar de ouvir at\u00e9 o seu cessar, com TODOS os demais<br \/>\nmembros da equipe calados, Rafael Marques (\u00daNICO vasca\u00edno presente), inclusive.<\/span><\/p>\n<p class=\"MsoNormal\" style=\"text-align:justify;line-height:150%\"><span style=\"font-size:8.5pt;line-height:150%;font-family:Arial,sans-serif\"><\/p>\n<p><\/span><\/p>\n<p class=\"MsoNormal\" style=\"text-align:justify;line-height:150%\"><span style=\"font-size:8.5pt;line-height:150%;font-family:Arial,sans-serif\">N\u00e3o foi<br \/>\nde ontem que sabemos que Penido, de forma velada bem como tantos outros<br \/>\njornalistas vasca\u00ednos da cr\u00f4nica esportiva, possui um apre\u00e7o pelo ex-Presidente<br \/>\nEurico Miranda, apesar de ser ele, jornalista, torcedor tricolor declarado;<br \/>\nassim como n\u00e3o foi de ontem que soube sobre a avers\u00e3o de Eraldo Leite, hoje<br \/>\nPresidente do Sindicato dos Jornalistas do Estado do Rio de Janeiro, pelo<br \/>\nex-Presidente e por motivos \u00f3bvios que levam ele e a tantos outros repudiar<br \/>\ncertas atitudes que Eurico tomou em resposta a certas coloca\u00e7\u00f5es da m\u00eddia<br \/>\nesportiva com rela\u00e7\u00e3o ao Vasco e a ele, pr\u00f3prio, enquanto Presidente do clube.<\/span><\/p>\n<p class=\"MsoNormal\" style=\"text-align:justify;line-height:150%\"><span style=\"font-size:8.5pt;line-height:150%;font-family:Arial,sans-serif\">Mas<br \/>\nse teve uma coisa que ficou MUITO claro, pelo menos para mim, \u00e9 o quanto boa<br \/>\nparte da m\u00eddia ainda tenta jogar na conta do ex-Presidente aquela primeira<br \/>\nqueda. Fico imaginando: e se o Vasco fosse campe\u00e3o brasileiro naquele ano com<br \/>\nas mudan\u00e7as que Roberto e MUV promoveram no balne\u00e1rio: o m\u00e9rito seria, tamb\u00e9m,<br \/>\nde Eurico? Evidentemente que n\u00e3o! Para o bom entendedor se recordar: Roberto e<br \/>\nseus parceiros pol\u00edticos tiveram o apoio da parte majorit\u00e1ria da m\u00eddia, em<br \/>\nespecial, da respectiva emissora. Quem assumiu o poder estava ao lado de<br \/>\npessoas, como Sr. Olavo Monteiro de Carvalho, que prometeu uma \u201cfila de<br \/>\ninvestidores\u201d, mas que em menos de quinze dias ao poder, j\u00e1 estava desiludindo<br \/>\na torcida, ao afirmarem na \u00e9poca que \u201co Vasco n\u00e3o estava em condi\u00e7\u00f5es de<br \/>\nrealizar grandes contrata\u00e7\u00f5es\u201d; dentre outras atitudes mais como desestruturar<br \/>\ntodo um ambiente montado, demitir funcion\u00e1rios em massa e denegrir a autoestima<br \/>\ndos jogadores ap\u00f3s entrevistas desastrosas de Roberto, Neca e companhia, sendo<br \/>\na mais emblem\u00e1tica de todas a que Roberto disse: \u201cj\u00e1 joguei em times mais<br \/>\nfracos do que esse!\u201d.<\/span><\/p>\n<p class=\"MsoNormal\" style=\"text-align:justify;line-height:150%\"><span style=\"font-size:8.5pt;line-height:150%;font-family:Arial,sans-serif\"><br \/><\/span><\/p>\n<p class=\"MsoNormal\" style=\"text-align:justify;line-height:150%\"><span style=\"font-size:8.5pt;line-height:150%;font-family:Arial,sans-serif\">Confesso-lhes<br \/>\nque j\u00e1 fui iludido com o discurso da imprensa de que a culpa do rebaixamento de<br \/>\n2008 foi por conta de Eurico Miranda, mas como diz meus \u201cgurus\u201d que me d\u00e3o a \u201cvoz<br \/>\nda sabedoria\u201d: \u201co tempo \u00e9 o senhor da raz\u00e3o\u201d. Naquele ano, Eurico deixou o<br \/>\nVasco com s\u00e9rios problemas, mas TODOS (somente aos que n\u00e3o querem enxergar) s\u00e3o<br \/>\nun\u00e2nimes ao afirmarem que, hoje, o Vasco est\u00e1 em condi\u00e7\u00f5es MUITO PIOR.<br \/>\nObviamente, grande parte da m\u00eddia n\u00e3o repercute, afinal, foi ela quem colocou<br \/>\nem nossa cabe\u00e7a, na minha inclusive, que Roberto era a solu\u00e7\u00e3o para o Vasco. \u00c9<br \/>\ntal como a fala do rep\u00f3rter Cl\u00e1udio Perrout, em certo v\u00eddeo postado no youtube,<br \/>\nque fala a respeito de um especial pela QUEDA (vejam bem, N\u00c3O \u00c9 por t\u00edtulo, \u00e9<br \/>\nPELA QUEDA!) do Vasco, em 2008:<\/span><\/p>\n<p class=\"MsoNormal\" style=\"text-align:justify;line-height:150%\"><span style=\"font-size:8.5pt;line-height:150%;font-family:Arial,sans-serif\"><br \/><\/span><\/p>\n<p class=\"MsoNormal\" style=\"text-align:justify;line-height:150%\"><b><i><span style=\"font-size:8.5pt;line-height:150%;font-family:Arial,sans-serif\">&quot;A falta de planejamento que<br \/>\nvigorou durante essa temporada, a troca de treinadores, o improviso&#8230;e h\u00e1<br \/>\ntamb\u00e9m um outro fator que quase me foge que \u00e9 tamb\u00e9m o afastamento do<br \/>\nex-Presidente Eurico Miranda. \u00c9 o fim de uma era, o estabelecimento de uma<br \/>\noutra, com a vinda do Presidente Roberto Dinamite, desnecess\u00e1rio dizer que<br \/>\nmudan\u00e7as para melhor INDEPENDENTE do que aconte\u00e7a com o Vasco&quot;.<\/span><\/i><\/b><b><span style=\"font-size:8.5pt;line-height:150%;font-family:Arial,sans-serif\">\u00a0(Cl\u00e1udio Perrout, rep\u00f3rter do<br \/>\nSistema Globo de R\u00e1dio, em:<\/span> <i>&quot;Especial ESPN: os erros fatais em<br \/>\n&quot;Os bastidores da queda do Vasco&quot;<\/i>&quot; &#8211; dispon\u00edvel em <a href=\"http:\/\/www.youtube.com\/watch?v=TDuTtVXTpLY\"><span style=\"color:windowtext;text-decoration:none\">[youtube TDuTtVXTpLY]<\/span><\/a>\u00a0 &#8211; minuto 3:54).<\/b><\/p>\n<p><\/p>\n<p class=\"MsoNormal\" style=\"text-align:justify;line-height:150%\"><b><br \/><\/b><\/p>\n<p class=\"MsoNormal\" style=\"text-align:justify;line-height:150%\"><span style=\"font-size:8.5pt;line-height:150%;font-family:Arial,sans-serif\">Hoje,<br \/>\no Vasco ser\u00e1 repassado ao sucessor de Roberto (pode at\u00e9 ser Eurico, inclusive)<br \/>\ncom o patrim\u00f4nio dilapidado, com o Remo sem ter conquistado UM \u00fanico t\u00edtulo,<br \/>\ncom o Vasco a ganhar MUITO MENOS do que seu arquirrival nas vergonhosas cotas<br \/>\nde TV, com a imagem do clube cada vez menos repercutida na m\u00eddia e, na grande<br \/>\nparte das repercuss\u00f5es, de forma negativa. E o que \u00e9 PIOR: NA SEGUNDA DIVIS\u00c3O,<br \/>\no que j\u00e1 justifica a condi\u00e7\u00e3o de MUITO PIOR situa\u00e7\u00e3o do que a situa\u00e7\u00e3o entregue<br \/>\npor Eurico a Roberto! <\/span><\/p>\n<p class=\"MsoNormal\" style=\"text-align:justify;line-height:150%\"><span style=\"font-size:8.5pt;line-height:150%;font-family:Arial,sans-serif\"><br \/><\/span><\/p>\n<p class=\"MsoNormal\" style=\"text-align:justify;line-height:150%\"><span style=\"font-size:8.5pt;line-height:150%;font-family:Arial,sans-serif\">Em<br \/>\nseus bastidores, um show de POLITICAGEM pura, contas que n\u00e3o conseguem ser<br \/>\naprovadas e quando as foram foi muito mais por voto pol\u00edtico, Conselho<br \/>\nDeliberativo que n\u00e3o consegue se reunir nem mesmo para votar as causas mais<br \/>\ns\u00e9rias, e o que \u00e9 mais grave: s\u00f3 vai se reunir, na pr\u00f3xima quarta-feira, para<br \/>\ntentarem atrav\u00e9s de um \u201cgolpe\u201d (palavra de Penido que corroboro plenamente)<br \/>\nprorrogarem o mandato do respons\u00e1vel que consentiu uma lista de s\u00f3cios colocada<br \/>\nsob j\u00fadice. Ou seja: caso prorrogado, ser\u00e1 um pr\u00eamio \u00e0 sua pr\u00f3pria torpeza<br \/>\nadministrativa, o que lhe garantir\u00e1 n\u00e3o pensar no clube, mas sim, em seus<br \/>\ninteresses pessoais, tal como sempre pensou: expor sua imagem por mais alguns<br \/>\nmeses, garantindo seu \u201cpalanque\u201d para reelei\u00e7\u00e3o na ALERJ, de onde \u00e9 o SEGUNDO<br \/>\ndeputado mais faltoso, desde 2010!<\/span><\/p>\n<p class=\"MsoNormal\" style=\"text-align:justify;line-height:150%\"><span style=\"font-size:8.5pt;line-height:150%;font-family:Arial,sans-serif\">Tudo<br \/>\nisso passou por minha cabe\u00e7a logo ap\u00f3s desligar meu autorr\u00e1dio. Numa fra\u00e7\u00e3o de<br \/>\nsegundos, estava pensando em um tempo dispon\u00edvel, ainda antes de come\u00e7ar mais<br \/>\numa aula, para escrever sobre todos esses meus sentimentos. Sentimentos de um<br \/>\niludido um dia, que gritou \u201cAh, \u00e9 Dinamite!\u201d; que comemorou um t\u00edtulo<br \/>\nvergonhoso de s\u00e9rie B tal como se fosse \u201co resgate\u201d do clube; que acreditou um<br \/>\ndia que Eurico era, mesmo, o \u00daNICO culpado pela queda em 2008. Passados alguns<br \/>\nanos e vendo a gest\u00e3o Roberto, percebi que Roberto tamb\u00e9m tinha parcela de<br \/>\nculpa pelo primeiro epis\u00f3dio (j\u00e1 escrevi sobre isso, um dia). Passados mais<br \/>\ntr\u00eas desastrosos anos, percebo que Roberto e companhia foram, de fato, OS<br \/>\n\u00daNICOS respons\u00e1veis, sob minha \u00f3tica e dadas as observ\u00e2ncias de valores e<br \/>\natitudes que levaram ao Vasco sob a gest\u00e3o MUV \u00e0 primeira queda.<\/span><\/p>\n<p class=\"MsoNormal\" style=\"text-align:justify;line-height:150%\"><span style=\"font-size:8.5pt;line-height:150%;font-family:Arial,sans-serif\"><\/p>\n<p><\/span><\/p>\n<p class=\"MsoNormal\" style=\"text-align:justify;line-height:150%\"><span style=\"font-size:8.5pt;line-height:150%;font-family:Arial,sans-serif\">Em<br \/>\ns\u00edntese: \u201cParab\u00e9ns\u201d a todos n\u00f3s, que por anseiar a troca de poderes e ao fim da<br \/>\ndinastia Eurico motivados pela voz da imprensa, em 2008, apoiamos a tudo isso.<br \/>\nSe Eurico \u00e9 o passado j\u00e1 dado, Roberto \u00e9 o presente que n\u00e3o convence e que,<br \/>\nenvolto \u00e0s suas vaidades pessoais, comemora (como vimos em v\u00eddeo) a poss\u00edvel<br \/>\nprorroga\u00e7\u00e3o (mesmo sem merecer) de seu mandato. Nada como um dia ap\u00f3s o outro<br \/>\npara \u201cas m\u00e1scaras ca\u00edrem\u201d, SEM PENA! Mais uma vez, me curvo aos meus gurus, e<br \/>\nem especial, ao \u201csenhor da raz\u00e3o\u201d, o tempo, que n\u00e3o fala, mas que mostra toda a<br \/>\nverdade! \u201cA verdade prevalecer\u00e1\u201d? Para mim, j\u00e1 prevaleceu faz MUITO tempo&#8230;<\/span><\/p>\n<p class=\"MsoNormal\" style=\"text-align:justify;line-height:150%\"><span style=\"font-size:8.5pt;line-height:150%;font-family:Arial,sans-serif\"><\/p>\n<p><\/span><\/p>\n<p class=\"MsoNormal\" style=\"text-align:justify;line-height:150%\"><span style=\"font-size:8.5pt;line-height:150%;font-family:Arial,sans-serif\">********<\/span><\/p>\n<p class=\"MsoNormal\" style=\"text-align:justify;line-height:150%\">\n<span style=\"font-size:8.5pt;line-height:150%;font-family:Arial,sans-serif\"><br \/><\/span><\/p>\n<p class=\"MsoNormal\" style=\"text-align:justify;line-height:150%\"><span style=\"font-size:8.5pt;line-height:150%;font-family:Arial,sans-serif\">Alguns<br \/>\n\u201ctoques finais\u201d:<\/span><\/p>\n<p class=\"MsoNormal\" style=\"text-align:justify;line-height:150%\"><span style=\"font-size:8.5pt;line-height:150%;font-family:Arial,sans-serif\"><br \/><\/span><\/p>\n<p class=\"MsoNormal\" style=\"text-align:justify;line-height:150%\"><span style=\"font-size:8.5pt;line-height:150%;font-family:Arial,sans-serif\">Gostaria<br \/>\nde saber o n\u00famero da megasena da virada, para viajar para bem longe e esquecer<br \/>\nessa \u201ccacha\u00e7a\u201d Vasco de vez atrav\u00e9s da dist\u00e2ncia! Com a palavra, o jornalista<br \/>\nEraldo Leite, com a mesma convic\u00e7\u00e3o no qual disse que, em 2008, \u201co Vasco cairia<br \/>\nde qualquer jeito\u201d&#8230;<\/span><\/p>\n<p class=\"MsoNormal\" style=\"text-align:justify;line-height:150%\"><span style=\"font-size:8.5pt;line-height:150%;font-family:Arial,sans-serif\"><br \/><\/span><\/p>\n<p class=\"MsoNormal\" style=\"text-align:justify;line-height:150%\"><span style=\"font-size:8.5pt;line-height:150%;font-family:Arial,sans-serif\">Gostaria,<br \/>\ntamb\u00e9m, de saber se ir\u00e1 haver (mais um!) acord\u00e3o com Roberto, para que seus<br \/>\ns\u00f3cios aderidos em massa votem em novembro e para que, em troca, ele (Roberto,<br \/>\ndeputado que \u201cbrinca\u201d de ser Presidente do Vasco) tenha seu mandato prorrogado<br \/>\ne garantindo, assim, a exposi\u00e7\u00e3o de sua imagem at\u00e9 as elei\u00e7\u00f5es de outubro, com<br \/>\no Vasco (mais uma vez!) sendo seu \u201cpalanque eleitoral\u201d. Com a palavra, os<br \/>\ncandidatos envolvidos e que foram CONTRA o adiamento do pleito eleitoral (os<br \/>\n\u00daNICOS, por sinal), Sr. Eurico Miranda e Sr. Roberto Monteiro&#8230;<\/span><\/p>\n<p class=\"MsoNormal\" style=\"text-align:justify;line-height:150%\"><span style=\"font-size:8.5pt;line-height:150%;font-family:Arial,sans-serif\"><\/p>\n<p><\/span><\/p>\n<p class=\"MsoNormal\" style=\"text-align:justify;line-height:150%\"><span style=\"font-size:8.5pt;line-height:150%;font-family:Arial,sans-serif\">Se<br \/>\nRoberto quiser \u201cpor amor ao Vasco\u201d (DE VERDADE!) resgatar um pouco de sua<br \/>\nimagem para conosco, vasca\u00ednos feridos por sua vaidade, in\u00e9rcia e in\u00e9pcia, ele<br \/>\npr\u00f3prio n\u00e3o aceitaria sua prorroga\u00e7\u00e3o de mandato, se afastaria e deixaria a uma<br \/>\njunta interventora comandar todo um recadastramento GERAL necess\u00e1rio dos s\u00f3cios<br \/>\ne a gerir ao Vasco at\u00e9 dezembro, sendo os pr\u00f3prios os respons\u00e1veis pela<br \/>\ntransi\u00e7\u00e3o de poder, para que o novo Presidente assuma em condi\u00e7\u00f5es um pouco<br \/>\nmelhores em janeiro de 2015. Mais uma vez a condicional SE, essa sim, que bate<br \/>\num bol\u00e3o&#8230;<\/span><\/p>\n<p class=\"MsoNormal\" style=\"text-align:justify;line-height:150%\"><span style=\"font-size:8.5pt;line-height:150%;font-family:Arial,sans-serif\"><br \/><\/span><\/p>\n<p class=\"MsoNormal\" style=\"text-align:justify;line-height:150%\"><b><span style=\"font-size:8.5pt;line-height:150%;font-family:Arial,sans-serif\">@crismariottirj\u00a0<\/span><\/b><\/p>\n<\/div>\n<p>\n<\/div>\n<p><\/p>\n","protected":false},"excerpt":{"rendered":"<p>O roteiro era o mesmo de toda sexta-feira. Perto das 18 horas, eu em meu&#8230;<\/p>\n","protected":false},"author":12,"featured_media":341,"comment_status":"open","ping_status":"closed","sticky":false,"template":"","format":"standard","meta":{"footnotes":""},"categories":[3],"tags":[],"class_list":["post-916","post","type-post","status-publish","format-standard","has-post-thumbnail","hentry","category-colunistas"],"_links":{"self":[{"href":"https:\/\/webvasco.com\/artigos\/wp-json\/wp\/v2\/posts\/916","targetHints":{"allow":["GET"]}}],"collection":[{"href":"https:\/\/webvasco.com\/artigos\/wp-json\/wp\/v2\/posts"}],"about":[{"href":"https:\/\/webvasco.com\/artigos\/wp-json\/wp\/v2\/types\/post"}],"author":[{"embeddable":true,"href":"https:\/\/webvasco.com\/artigos\/wp-json\/wp\/v2\/users\/12"}],"replies":[{"embeddable":true,"href":"https:\/\/webvasco.com\/artigos\/wp-json\/wp\/v2\/comments?post=916"}],"version-history":[{"count":0,"href":"https:\/\/webvasco.com\/artigos\/wp-json\/wp\/v2\/posts\/916\/revisions"}],"wp:featuredmedia":[{"embeddable":true,"href":"https:\/\/webvasco.com\/artigos\/wp-json\/wp\/v2\/media\/341"}],"wp:attachment":[{"href":"https:\/\/webvasco.com\/artigos\/wp-json\/wp\/v2\/media?parent=916"}],"wp:term":[{"taxonomy":"category","embeddable":true,"href":"https:\/\/webvasco.com\/artigos\/wp-json\/wp\/v2\/categories?post=916"},{"taxonomy":"post_tag","embeddable":true,"href":"https:\/\/webvasco.com\/artigos\/wp-json\/wp\/v2\/tags?post=916"}],"curies":[{"name":"wp","href":"https:\/\/api.w.org\/{rel}","templated":true}]}}