{"id":9160,"date":"2021-09-29T07:37:23","date_gmt":"2021-09-29T10:37:23","guid":{"rendered":"https:\/\/webvasco.com\/artigos\/?p=9160"},"modified":"2021-09-29T07:37:25","modified_gmt":"2021-09-29T10:37:25","slug":"elas-o-professor-isabela-cunha","status":"publish","type":"post","link":"https:\/\/webvasco.com\/artigos\/temas\/elas-e-o-professor\/elas-o-professor-isabela-cunha\/","title":{"rendered":"ELAS &#038; O PROFESSOR &#8211; ISABELA CUNHA"},"content":{"rendered":"\n<p><strong><u>ELAS &amp; O PROFESSOR<\/u><\/strong><\/p>\n\n\n\n<p><strong>POR LUIZ CARLOS ROCHA<\/strong><\/p>\n\n\n\n<p>A entrevista de setembro de 2021, com Isabela Silveira Rodrigues da Cunha \u00e9 dedicada \u00e0 uma vasca\u00edna linda, que \u00e9 a minha maior fonte de inspira\u00e7\u00e3o e motiva\u00e7\u00e3o: \u00darsulla Rocha, meu amor infinito.<\/p>\n\n\n\n<p><strong>ISABELA CUNHA, <\/strong>operadora de som, solteira, 41 anos, signo de sagit\u00e1rio, moradora do bairro do M\u00e9ier. Nas horas vagas gosta de estar em fam\u00edlia, sair com amigos, viajar, ver jogos do Vasco da Gama, ler, ver filmes e s\u00e9ries em casa, ir a shows, ir ao cinema, ao shopping, \u00e0 praia, conhecer pontos tur\u00edsticos da cidade, se exercitar, ouvir m\u00fasica e conhecer novas culturas. Sua Escola de Samba do cora\u00e7\u00e3o \u00e9 o Salgueiro. Quanto a gastronomia, o Strogonoff (n\u00e3o qualquer um, especialmente o da m\u00e3e) \u00e9 o seu prato predileto. Levada desde pequena pelo pai ao Est\u00e1dio Isa, afirma que \u00e9 apaixonada n\u00e3o s\u00f3 pelo clube, mas tamb\u00e9m por toda estrutura vasca\u00edna. Diz que o clima \u00e9 acolhedor.<\/p>\n\n\n\n<p><strong>O que achou da sa\u00edda do t\u00e9cnico Lisca?<\/strong><\/p>\n\n\n\n<p>Fiquei triste com a sa\u00edda do Lisca, porque achava que ele poderia colocar ordem no time e fazer o elenco voltar aos velhos tempos.<\/p>\n\n\n\n<p><strong>Ele chegou com status de doido, mas maluco foi quem acreditou nele (Lisca)?<\/strong><\/p>\n\n\n\n<p>N\u00e3o acho, porque ele tem a for\u00e7a, lideran\u00e7a, uni\u00e3o e passa o respeito que o time precisa.<\/p>\n\n\n\n<p><strong>A contrata\u00e7\u00e3o do novo treinador Fernando Diniz te agradou?<\/strong><\/p>\n\n\n\n<p>Sim. Acho que ele tem o esp\u00edrito de equipe e a lideran\u00e7a para fazer do Vasco um time organizado e bom de bola como foi nos \u00e1ureos tempos dos anos 90 e 2000.<\/p>\n\n\n\n<p><strong>O problema do Vasco da Gama s\u00e3o os comandantes (treinadores)?<\/strong><\/p>\n\n\n\n<p>Acho que s\u00e3o dos dirigentes e da estrutura (maladministrada) que vemos hoje em dia em S\u00e3o Janu\u00e1rio.<\/p>\n\n\n\n<p><strong>A volta do meia Nen\u00ea pode ajudar a equipe nos resultados dentro de campo?<\/strong><\/p>\n\n\n\n<p>Sim. Nen\u00ea \u00e9 um jogador experiente que vai trazer maturidade, garra e uni\u00e3o ao time.<\/p>\n\n\n\n<p><strong>Com 40 anos de idade, Nen\u00ea ainda pode ser considerado o Salvador da P\u00e1tria ou n\u00e3o passa de um bom trunfo?<\/strong><\/p>\n\n\n\n<p>Acho que ele pode ser os dois. Tem garra e talento para salvar o time do fiasco em que se encontra.<\/p>\n\n\n\n<p><strong>At\u00e9 ent\u00e3o Germ\u00e1n Cano era o queridinho do time, com a volta de Nen\u00ea pode haver algum tipo de ci\u00fame ou clima \u201cestranho\u201d no plantel?<\/strong><\/p>\n\n\n\n<p>Acho que n\u00e3o. Tem de haver uni\u00e3o e n\u00e3o ci\u00fames ou clima estranho nesse momento delicado que o time se encontra. Levantar a moral, isso que precisamos.<\/p>\n\n\n\n<p><strong>O Cruzmaltino hoje \u00e9 uma Torre de Babel?<\/strong><\/p>\n\n\n\n<p>Sim, porque estamos cansados de ver nosso time s\u00f3 perdendo e ficando na lanterna do campeonato!<\/p>\n\n\n\n<p><strong>Para que o Vasco volte a ser um gigante o exemplo tem de vir de cima? Ou seja, os cartolas precisam lutar por coisas realmente relevantes para o clube e n\u00e3o para interesses pessoais?<\/strong><\/p>\n\n\n\n<p>Sim, tem de se separar o profissional do pessoal, levantar a bandeira do time, angariar fundos para melhorar as instala\u00e7\u00f5es e fazer uma senhora propaganda em defesa do Vasco. Uni\u00e3o faz a for\u00e7a.<\/p>\n\n\n\n<p><strong>Depois de quatro rebaixamentos e a instabilidade na S\u00e9rie B faz do Vasco um clube sem perspectivas?<\/strong><\/p>\n\n\n\n<p>N\u00e3o acho que o Vasco \u00e9 um clube sem perspectivas, mesmo com as derrotas. Basta por foco no treinamento e voltaremos a elite aonde sempre estivemos.<\/p>\n\n\n\n<p><strong>Se o Gigante da Colina virar clube-empresa com propostas s\u00e9rias e contundentes os investidores voltar\u00e3o?<\/strong><\/p>\n\n\n\n<p>Sim, se for apresentada uma proposta magnifica e que mostre resultados, os investidores voltar\u00e3o. Tem de ter uma proposta de marketing, e imprensa para que isso possa acontecer.<\/p>\n\n\n\n<p><strong>A imprensa carioca n\u00e3o gosta do Vasco?<\/strong><\/p>\n\n\n\n<p>N\u00e3o \u00e9 que a imprensa n\u00e3o gosta do clube. Acho que os jornalistas t\u00eam uma opini\u00e3o equivocada a respeito do time por causa do baixo rendimento nos campeonatos aos quais o time joga, e pela troca de t\u00e9cnicos, tamb\u00e9m pela diretoria estar passando por maus bocados nesses tempos dif\u00edceis que nos encontramos.<\/p>\n\n\n\n<p><strong><u>FOTOGRAFIAS \u00a0FORNECIDAS PELO ARQUIVO PESSOAL DA ENTREVISTADA.<\/u><\/strong><\/p>\n\n\n\n<figure class=\"wp-block-gallery columns-2 is-cropped wp-block-gallery-1 is-layout-flex wp-block-gallery-is-layout-flex\"><ul class=\"blocks-gallery-grid\"><li class=\"blocks-gallery-item\"><figure><a href=\"https:\/\/webvasco.com\/artigos\/wp-content\/uploads\/2021\/09\/WhatsApp-Image-2021-09-21-at-16.21.46.jpeg\"><img loading=\"lazy\" decoding=\"async\" width=\"473\" height=\"1024\" src=\"https:\/\/webvasco.com\/artigos\/wp-content\/uploads\/2021\/09\/WhatsApp-Image-2021-09-21-at-16.21.46-473x1024.jpeg\" alt=\"\" data-id=\"9161\" data-full-url=\"https:\/\/webvasco.com\/artigos\/wp-content\/uploads\/2021\/09\/WhatsApp-Image-2021-09-21-at-16.21.46.jpeg\" data-link=\"https:\/\/webvasco.com\/artigos\/?attachment_id=9161\" class=\"wp-image-9161\" srcset=\"https:\/\/webvasco.com\/artigos\/wp-content\/uploads\/2021\/09\/WhatsApp-Image-2021-09-21-at-16.21.46-473x1024.jpeg 473w, https:\/\/webvasco.com\/artigos\/wp-content\/uploads\/2021\/09\/WhatsApp-Image-2021-09-21-at-16.21.46-139x300.jpeg 139w, https:\/\/webvasco.com\/artigos\/wp-content\/uploads\/2021\/09\/WhatsApp-Image-2021-09-21-at-16.21.46-69x150.jpeg 69w, https:\/\/webvasco.com\/artigos\/wp-content\/uploads\/2021\/09\/WhatsApp-Image-2021-09-21-at-16.21.46.jpeg 532w\" sizes=\"auto, (max-width: 473px) 100vw, 473px\" \/><\/a><\/figure><\/li><li class=\"blocks-gallery-item\"><figure><a href=\"https:\/\/webvasco.com\/artigos\/wp-content\/uploads\/2021\/09\/WhatsApp-Image-2021-09-21-at-16.21.45.jpeg\"><img loading=\"lazy\" decoding=\"async\" width=\"532\" height=\"517\" src=\"https:\/\/webvasco.com\/artigos\/wp-content\/uploads\/2021\/09\/WhatsApp-Image-2021-09-21-at-16.21.45.jpeg\" alt=\"\" data-id=\"9162\" data-full-url=\"https:\/\/webvasco.com\/artigos\/wp-content\/uploads\/2021\/09\/WhatsApp-Image-2021-09-21-at-16.21.45.jpeg\" data-link=\"https:\/\/webvasco.com\/artigos\/?attachment_id=9162\" class=\"wp-image-9162\" srcset=\"https:\/\/webvasco.com\/artigos\/wp-content\/uploads\/2021\/09\/WhatsApp-Image-2021-09-21-at-16.21.45.jpeg 532w, https:\/\/webvasco.com\/artigos\/wp-content\/uploads\/2021\/09\/WhatsApp-Image-2021-09-21-at-16.21.45-300x292.jpeg 300w, https:\/\/webvasco.com\/artigos\/wp-content\/uploads\/2021\/09\/WhatsApp-Image-2021-09-21-at-16.21.45-150x146.jpeg 150w\" sizes=\"auto, (max-width: 532px) 100vw, 532px\" \/><\/a><\/figure><\/li><\/ul><\/figure>\n","protected":false},"excerpt":{"rendered":"<p>ELAS &amp; O PROFESSOR POR LUIZ CARLOS ROCHA A entrevista de setembro de 2021, com&#8230;<\/p>\n","protected":false},"author":7,"featured_media":9163,"comment_status":"open","ping_status":"closed","sticky":false,"template":"","format":"standard","meta":{"footnotes":""},"categories":[27],"tags":[],"class_list":["post-9160","post","type-post","status-publish","format-standard","has-post-thumbnail","hentry","category-elas-e-o-professor"],"_links":{"self":[{"href":"https:\/\/webvasco.com\/artigos\/wp-json\/wp\/v2\/posts\/9160","targetHints":{"allow":["GET"]}}],"collection":[{"href":"https:\/\/webvasco.com\/artigos\/wp-json\/wp\/v2\/posts"}],"about":[{"href":"https:\/\/webvasco.com\/artigos\/wp-json\/wp\/v2\/types\/post"}],"author":[{"embeddable":true,"href":"https:\/\/webvasco.com\/artigos\/wp-json\/wp\/v2\/users\/7"}],"replies":[{"embeddable":true,"href":"https:\/\/webvasco.com\/artigos\/wp-json\/wp\/v2\/comments?post=9160"}],"version-history":[{"count":1,"href":"https:\/\/webvasco.com\/artigos\/wp-json\/wp\/v2\/posts\/9160\/revisions"}],"predecessor-version":[{"id":9165,"href":"https:\/\/webvasco.com\/artigos\/wp-json\/wp\/v2\/posts\/9160\/revisions\/9165"}],"wp:featuredmedia":[{"embeddable":true,"href":"https:\/\/webvasco.com\/artigos\/wp-json\/wp\/v2\/media\/9163"}],"wp:attachment":[{"href":"https:\/\/webvasco.com\/artigos\/wp-json\/wp\/v2\/media?parent=9160"}],"wp:term":[{"taxonomy":"category","embeddable":true,"href":"https:\/\/webvasco.com\/artigos\/wp-json\/wp\/v2\/categories?post=9160"},{"taxonomy":"post_tag","embeddable":true,"href":"https:\/\/webvasco.com\/artigos\/wp-json\/wp\/v2\/tags?post=9160"}],"curies":[{"name":"wp","href":"https:\/\/api.w.org\/{rel}","templated":true}]}}