{"id":9180,"date":"2021-11-25T12:17:34","date_gmt":"2021-11-25T15:17:34","guid":{"rendered":"https:\/\/webvasco.com\/artigos\/?p=9180"},"modified":"2021-11-25T12:17:34","modified_gmt":"2021-11-25T15:17:34","slug":"elas-o-professor-jenny","status":"publish","type":"post","link":"https:\/\/webvasco.com\/artigos\/temas\/elas-e-o-professor\/elas-o-professor-jenny\/","title":{"rendered":"ELAS &#038; O PROFESSOR &#8211; JENNY"},"content":{"rendered":"\n<p>A entrevista de novembro de 2021, com Jennifer Negr\u00e3o Gomes Duque \u00e9 dedicada \u00e0 uma vasca\u00edna muito especial, que al\u00e9m de linda, \u00e9 a minha maior fonte de inspira\u00e7\u00e3o e motiva\u00e7\u00e3o: \u00darsulla Rocha, meu amor infinito.<\/p>\n\n\n\n<p><strong>JENNY, <\/strong>auxiliar administrativo,solteira, 34 anos, m\u00e3e do pequeno-grande Rhavi, do signo de Le\u00e3o, moradora do bairro do Boa\u00e7u\/SG. Nas horas vagas gosta de estar em fam\u00edlia, ver filmes e s\u00e9ries, e tamb\u00e9m aprecia ler. N\u00e3o t\u00eam Escola de Samba do cora\u00e7\u00e3o, embora tenha enorme simpatia pela Viradouro. Na gastronomia adora pizza. Assistir aos jogos do Vasco da Gama tamb\u00e9m est\u00e1 em sua rotina. &nbsp;<\/p>\n\n\n\n<p><strong>No que o Vasco da Gama errou para n\u00e3o conseguir voltar para S\u00e9rie A, do Campeonato Brasileiro?<\/strong><br \/>N\u00e3o formou um time bom, principalmente com uma base boa, essencialmente goleiro e\u00a0 defesa.<\/p>\n\n\n\n<p><strong>O que precisa mudar para a Temporada 2022 para que em 2023 o time consiga disputar a Elite do Brasileir\u00e3o?<\/strong><br \/>A uni\u00e3o entre a diretoria e a comiss\u00e3o t\u00e9cnica, parando com as brigas e formando um bom time.<\/p>\n\n\n\n<p><strong>Voc\u00ea teme que o Cruzmaltino vire um Cruzeiro da vida, uma vez que ineditamente ir\u00e1 disputar a Segundona pela segunda vez?<\/strong><br \/>N\u00e3o.\u00a0 Porque o Vasco \u00e9 Vasco, e o resto \u00e9 fiasco (sorriu).<\/p>\n\n\n\n<p><strong>A gest\u00e3o Jorge Salgado \u00e9 respons\u00e1vel por tantos fracassos\u00a0\u00a0 ou a culpa \u00e9 cumulativa com administra\u00e7\u00f5es anteriores?<\/strong><br \/>Administra\u00e7\u00f5es anteriores, visto, que o time vem decaindo desde Roberto Dinamite.<\/p>\n\n\n\n<p><strong>Rodrigo Caetano ex-cartola vasca\u00edno \u00e9 cogitado a voltar para o clube, no lugar de Alexandre P\u00e1ssaro, como diretor executivo de futebol. Seria bom?<\/strong><br \/>Sim. Porque em sua \u00e9poca o Vasco estava melhor, e com mais vit\u00f3rias.<\/p>\n\n\n\n<p><strong>Fernando Diniz desenvolveu um bom trabalho frente ao time vasca\u00edno?<\/strong><br \/>N\u00e3o. Foi p\u00e9ssimo.<\/p>\n\n\n\n<p><strong>Qual treinador dever\u00e1 (dentro das condi\u00e7\u00f5es financeiras do Vasco) ser escolhido?<\/strong><br \/>Jorginho e Zinho.<\/p>\n\n\n\n<p><strong>A pr\u00e9-temporada faz diferen\u00e7a ao longo da competi\u00e7\u00e3o?<\/strong><br \/>Sim. Porque toda vez que teve pr\u00e9-temporada o Vasco foi bem,\u00a0 pois o time teve um melhor entrosamento.<\/p>\n\n\n\n<p><strong>Por que a base do clube n\u00e3o t\u00eam dado resultado?<\/strong><br \/>N\u00e3o aproveitam os meninos da base direito. Ultilizam em pouco tempo em campo, ou s\u00e3o os primeiros a serem substitu\u00eddos.<\/p>\n\n\n\n<p><strong>Algum jogador se salvou nesta temporada?<\/strong><br \/>Cano e Nen\u00ea.<\/p>\n\n\n\n<p><strong>Qual atleta mais te decepcionou esse ano?<\/strong><br \/>Zeca que foi bem no Campeonato Carioca, mas no Brasileiro foi p\u00e9ssimo.<\/p>\n\n\n\n<p><strong>O Vasco se apequenou nos \u00faltimos 21 anos?<\/strong><br \/>Infelizmente sim, mas tenho f\u00e9 que vai se reerguer.<\/p>\n\n\n\n<p><strong><u>FOTOGRAFIAS \u00a0FORNECIDAS PELO ARQUIVO PESSOAL DA ENTREVISTADA.<\/u><\/strong><\/p>\n\n\n\n<figure class=\"wp-block-gallery columns-3 is-cropped wp-block-gallery-1 is-layout-flex wp-block-gallery-is-layout-flex\"><ul class=\"blocks-gallery-grid\"><li class=\"blocks-gallery-item\"><figure><a href=\"https:\/\/webvasco.com\/artigos\/wp-content\/uploads\/2021\/11\/J3-1.jpg\"><img loading=\"lazy\" decoding=\"async\" width=\"768\" height=\"1024\" src=\"https:\/\/webvasco.com\/artigos\/wp-content\/uploads\/2021\/11\/J3-1-768x1024.jpg\" alt=\"\" data-id=\"9181\" data-full-url=\"https:\/\/webvasco.com\/artigos\/wp-content\/uploads\/2021\/11\/J3-1.jpg\" data-link=\"https:\/\/webvasco.com\/artigos\/?attachment_id=9181\" class=\"wp-image-9181\" srcset=\"https:\/\/webvasco.com\/artigos\/wp-content\/uploads\/2021\/11\/J3-1-768x1024.jpg 768w, https:\/\/webvasco.com\/artigos\/wp-content\/uploads\/2021\/11\/J3-1-225x300.jpg 225w, https:\/\/webvasco.com\/artigos\/wp-content\/uploads\/2021\/11\/J3-1-113x150.jpg 113w, https:\/\/webvasco.com\/artigos\/wp-content\/uploads\/2021\/11\/J3-1.jpg 774w\" sizes=\"auto, (max-width: 768px) 100vw, 768px\" \/><\/a><\/figure><\/li><li class=\"blocks-gallery-item\"><figure><a href=\"https:\/\/webvasco.com\/artigos\/wp-content\/uploads\/2021\/11\/J3-2.jpg\"><img loading=\"lazy\" decoding=\"async\" width=\"725\" height=\"851\" src=\"https:\/\/webvasco.com\/artigos\/wp-content\/uploads\/2021\/11\/J3-2.jpg\" alt=\"\" data-id=\"9182\" data-full-url=\"https:\/\/webvasco.com\/artigos\/wp-content\/uploads\/2021\/11\/J3-2.jpg\" data-link=\"https:\/\/webvasco.com\/artigos\/?attachment_id=9182\" class=\"wp-image-9182\" srcset=\"https:\/\/webvasco.com\/artigos\/wp-content\/uploads\/2021\/11\/J3-2.jpg 725w, https:\/\/webvasco.com\/artigos\/wp-content\/uploads\/2021\/11\/J3-2-256x300.jpg 256w, https:\/\/webvasco.com\/artigos\/wp-content\/uploads\/2021\/11\/J3-2-128x150.jpg 128w\" sizes=\"auto, (max-width: 725px) 100vw, 725px\" \/><\/a><\/figure><\/li><li class=\"blocks-gallery-item\"><figure><a href=\"https:\/\/webvasco.com\/artigos\/wp-content\/uploads\/2021\/11\/J3-3.jpg\"><img loading=\"lazy\" decoding=\"async\" width=\"768\" height=\"1024\" src=\"https:\/\/webvasco.com\/artigos\/wp-content\/uploads\/2021\/11\/J3-3-768x1024.jpg\" alt=\"\" data-id=\"9183\" data-full-url=\"https:\/\/webvasco.com\/artigos\/wp-content\/uploads\/2021\/11\/J3-3.jpg\" data-link=\"https:\/\/webvasco.com\/artigos\/?attachment_id=9183\" class=\"wp-image-9183\" srcset=\"https:\/\/webvasco.com\/artigos\/wp-content\/uploads\/2021\/11\/J3-3-768x1024.jpg 768w, https:\/\/webvasco.com\/artigos\/wp-content\/uploads\/2021\/11\/J3-3-225x300.jpg 225w, https:\/\/webvasco.com\/artigos\/wp-content\/uploads\/2021\/11\/J3-3-113x150.jpg 113w, https:\/\/webvasco.com\/artigos\/wp-content\/uploads\/2021\/11\/J3-3.jpg 774w\" sizes=\"auto, (max-width: 768px) 100vw, 768px\" \/><\/a><\/figure><\/li><li class=\"blocks-gallery-item\"><figure><a href=\"https:\/\/webvasco.com\/artigos\/wp-content\/uploads\/2021\/11\/J3-4.jpg\"><img loading=\"lazy\" decoding=\"async\" width=\"1024\" height=\"780\" src=\"https:\/\/webvasco.com\/artigos\/wp-content\/uploads\/2021\/11\/J3-4-1024x780.jpg\" alt=\"\" data-id=\"9184\" data-full-url=\"https:\/\/webvasco.com\/artigos\/wp-content\/uploads\/2021\/11\/J3-4.jpg\" data-link=\"https:\/\/webvasco.com\/artigos\/?attachment_id=9184\" class=\"wp-image-9184\" srcset=\"https:\/\/webvasco.com\/artigos\/wp-content\/uploads\/2021\/11\/J3-4-1024x780.jpg 1024w, https:\/\/webvasco.com\/artigos\/wp-content\/uploads\/2021\/11\/J3-4-300x228.jpg 300w, https:\/\/webvasco.com\/artigos\/wp-content\/uploads\/2021\/11\/J3-4-150x114.jpg 150w, https:\/\/webvasco.com\/artigos\/wp-content\/uploads\/2021\/11\/J3-4-768x585.jpg 768w, https:\/\/webvasco.com\/artigos\/wp-content\/uploads\/2021\/11\/J3-4.jpg 1068w\" sizes=\"auto, (max-width: 1024px) 100vw, 1024px\" \/><\/a><\/figure><\/li><li class=\"blocks-gallery-item\"><figure><a href=\"https:\/\/webvasco.com\/artigos\/wp-content\/uploads\/2021\/11\/J3-5.jpg\"><img loading=\"lazy\" decoding=\"async\" width=\"1024\" height=\"780\" src=\"https:\/\/webvasco.com\/artigos\/wp-content\/uploads\/2021\/11\/J3-5-1024x780.jpg\" alt=\"\" data-id=\"9185\" data-full-url=\"https:\/\/webvasco.com\/artigos\/wp-content\/uploads\/2021\/11\/J3-5.jpg\" data-link=\"https:\/\/webvasco.com\/artigos\/?attachment_id=9185\" class=\"wp-image-9185\" srcset=\"https:\/\/webvasco.com\/artigos\/wp-content\/uploads\/2021\/11\/J3-5-1024x780.jpg 1024w, https:\/\/webvasco.com\/artigos\/wp-content\/uploads\/2021\/11\/J3-5-300x228.jpg 300w, https:\/\/webvasco.com\/artigos\/wp-content\/uploads\/2021\/11\/J3-5-150x114.jpg 150w, https:\/\/webvasco.com\/artigos\/wp-content\/uploads\/2021\/11\/J3-5-768x585.jpg 768w, https:\/\/webvasco.com\/artigos\/wp-content\/uploads\/2021\/11\/J3-5.jpg 1068w\" sizes=\"auto, (max-width: 1024px) 100vw, 1024px\" \/><\/a><\/figure><\/li><\/ul><\/figure>\n","protected":false},"excerpt":{"rendered":"<p>A entrevista de novembro de 2021, com Jennifer Negr\u00e3o Gomes Duque \u00e9 dedicada \u00e0 uma&#8230;<\/p>\n","protected":false},"author":7,"featured_media":9187,"comment_status":"open","ping_status":"closed","sticky":false,"template":"","format":"standard","meta":{"footnotes":""},"categories":[27],"tags":[],"class_list":["post-9180","post","type-post","status-publish","format-standard","has-post-thumbnail","hentry","category-elas-e-o-professor"],"_links":{"self":[{"href":"https:\/\/webvasco.com\/artigos\/wp-json\/wp\/v2\/posts\/9180","targetHints":{"allow":["GET"]}}],"collection":[{"href":"https:\/\/webvasco.com\/artigos\/wp-json\/wp\/v2\/posts"}],"about":[{"href":"https:\/\/webvasco.com\/artigos\/wp-json\/wp\/v2\/types\/post"}],"author":[{"embeddable":true,"href":"https:\/\/webvasco.com\/artigos\/wp-json\/wp\/v2\/users\/7"}],"replies":[{"embeddable":true,"href":"https:\/\/webvasco.com\/artigos\/wp-json\/wp\/v2\/comments?post=9180"}],"version-history":[{"count":2,"href":"https:\/\/webvasco.com\/artigos\/wp-json\/wp\/v2\/posts\/9180\/revisions"}],"predecessor-version":[{"id":9192,"href":"https:\/\/webvasco.com\/artigos\/wp-json\/wp\/v2\/posts\/9180\/revisions\/9192"}],"wp:featuredmedia":[{"embeddable":true,"href":"https:\/\/webvasco.com\/artigos\/wp-json\/wp\/v2\/media\/9187"}],"wp:attachment":[{"href":"https:\/\/webvasco.com\/artigos\/wp-json\/wp\/v2\/media?parent=9180"}],"wp:term":[{"taxonomy":"category","embeddable":true,"href":"https:\/\/webvasco.com\/artigos\/wp-json\/wp\/v2\/categories?post=9180"},{"taxonomy":"post_tag","embeddable":true,"href":"https:\/\/webvasco.com\/artigos\/wp-json\/wp\/v2\/tags?post=9180"}],"curies":[{"name":"wp","href":"https:\/\/api.w.org\/{rel}","templated":true}]}}