{"id":919,"date":"2014-08-15T10:43:35","date_gmt":"2014-08-15T13:43:35","guid":{"rendered":"http:\/\/webvasco.com\/artigos\/?p=919"},"modified":"2014-08-15T10:59:46","modified_gmt":"2014-08-15T13:59:46","slug":"os-mensaleiros-x-os-vascanos","status":"publish","type":"post","link":"https:\/\/webvasco.com\/artigos\/colunistas\/marcus-simonini\/os-mensaleiros-x-os-vascanos\/","title":{"rendered":"OS MENSALEIROS X OS VASCA&Iacute;NOS"},"content":{"rendered":"<div>\n<div dir='ltr'>\n<h1><font style=\"font-size: 10pt;\" size=\"2\">O WEBVASCO, NA FUN\u00c7\u00c3O DE DAR A VOZ A TODAS AS CORRENTES POL\u00cdTICAS VASCA\u00cdNAS, D\u00c1 CI\u00caNCIA AOS SEUS LEITORES DA SEGUINTE COLUNA PUBLICADA NOS SITES SUPERVASCO E NETVASCO, HOJE, DIA 15\/08\/2014:<\/font><br \/><\/h1>\n<h1>Jos\u00e9 Henrique Coelho divulga nota sobre sa\u00edda de Dinamite e junta interventora<\/h1>\n<div class=\"noticia-subheader-container\"> <span class=\"noticia-data\">Sexta-feira, 15\/08\/2014  &#8211; 08:18<\/span>  <\/p>\n<div class=\"plugins-sociais\">                              <a href=\"http:\/\/www.netvasco.com.br\/n\/150727\/jose-henrique-coelho-divulga-nota-sobre-saida-de-dinamite-e-junta-interventora#cfb\"><span class=\"cfb\"><span class=\"ext-fb-comments-count\" data-href=\"http:\/\/www.netvasco.com.br\/n\/150727\/\"><br \/><\/span><\/span><\/a>  <\/div>\n<\/div>\n<p> &#8220;Os Mensaleiros X Os Vasca\u00ednos <\/p>\n<p>Ontem, 13 de agosto, os mensaleiros se uniram durante a reuni\u00e3o do  Conselho Deliberativo para dar mais um golpe contra o clube:- derrubar a  diretoria deixando o clube com todos os seus poderes vagos e criar um  \u201cjunta militar\u201d, bi\u00f4nica, sem o voto dos s\u00f3cios, para satisfazer a  vontade dos Mensaleiros! <\/p>\n<p>Os velhos e maus tempos voltaram. Membros de torcidas organizadas  convocadas pelas chapas do mensal\u00e3o estavam no papel de \u201ccapangas\u201d e  \u201crecebiam\u201d os conselheiros contr\u00e1rios ao mensal\u00e3o com xingamentos e  amea\u00e7as na entrada da sede da lagoa e o repetiram na sa\u00edda da reuni\u00e3o  amea\u00e7ando at\u00e9 com agress\u00f5es f\u00edsicas estes vasca\u00ednos. <\/p>\n<p>Se alastra, pelos tubos e conex\u00f5es, em ramadas ou salinas, pelo mundial ou de taxi a defesa do mensal\u00e3o! <\/p>\n<p>O mensal\u00e3o veio identificar para sempre quem esta disposto a  qualquer coisa, a qualquer gesto, para tomar de assalto o Vasco. Desde  mar\u00e7o de 2013 o mensal\u00e3o foi identificado. Ora carregado em saco de  papel, ora por cheque, as mensalidades de milhares de pessoas, vasca\u00ednas  ou n\u00e3o, foram pagas por assessores das chapas Volta Eurico e Identidade  Vasco que se propuseram a isto, para pular o muro de uma elei\u00e7\u00e3o limpa.  Esta atitude \u00e9 um golpe contra a nossa vontade, de verdadeiros s\u00f3cios  elegerem nossos representantes para dirigirem o nosso clube. <\/p>\n<p>S\u00f3 nesta opera\u00e7\u00e3o, em 18 meses, uns poucos \u201cpatrocinadores\u201d gastaram  ou quem sabe, \u201cinvestiram\u201d mais de R$ 1, 7 milh\u00e3o de reais para assumir  a presid\u00eancia e demais cargos, todos n\u00e3o remunerados, segundo o  estatuto. <\/p>\n<p>Para termos uma compara\u00e7\u00e3o, o MUV em 60 meses, de junho de 2003 a  2008 arrecadou atrav\u00e9s de centenas de vasca\u00ednos a import\u00e2ncia de R$600  mil para derrubar o ent\u00e3o presidente Eurico Miranda, numa jornada \u00e9pica  onde nunca se pensou ou tentou \u201ccomprar s\u00f3cios\u201d para votarem em nossa  chapa. Gastamos estes recursos em cartas, propaganda, eventos, reuni\u00f5es e  na \u00e1rea jur\u00eddica. <\/p>\n<p>Ou seja, as duas chapas do mensal\u00e3o est\u00e3o gastando s\u00f3 com o mensal\u00e3o  9,4 vezes mais do que o MUV gastou em toda campanha para derrubar  Eurico. Porque ser\u00e1? <\/p>\n<p>Volta \u201cvelho\u201d Vasco <\/p>\n<p>Da chapa Volta Eurico, nenhum vasca\u00edno espera nada al\u00e9m do retorno  do descontrole financeiro, ora para benef\u00edcio pr\u00f3prio ora para \u201cdividir\u201d  com seus \u201cpuxa-sacos\u201d, rompimentos de contratos, falta de patroc\u00ednios,  n\u00e3o recolhimento de impostos, funcion\u00e1rios trabalhando sem carteira  assinada, outros recebendo \u201cpor fora\u201d ou dividindo com seu  Vice-Presidente sua remunera\u00e7\u00e3o. Se puder, umas remessinhas de d\u00f3lares  n\u00e3o contabilizadas para o estrangeiro, porque ningu\u00e9m \u00e9 de ferro.  Lembravam-se desta? Alguns Benem\u00e9ritos tamb\u00e9m voltar\u00e3o a receber o seu  \u201cjeton\u201d de R$ 5.000,00, \u201cpor fora\u201d. Tamb\u00e9m teremos Valdir Papel,  Valdiram \u201co matador\u201d, Tadic e tantos outros do tipo, contratados diante  da pen\u00faria financeira em que ele pr\u00f3prio transformou o Vasco e que foi  aprofundada pelo atual presidente e toda a sua diretoria. \u00c9 claro que em  caso de sua vit\u00f3ria continuaremos a ter elei\u00e7\u00f5es fraudadas como sempre! <\/p>\n<p>IDENTIDADE FALSA <\/p>\n<p>A outra chapa, Identidade Vasco, sempre foi uma Identidade Falsa.  Pregou at\u00e9 aqui o voto \u00fatil! \u00datil pra quem, Baby? Voto \u00fatil para o  candidato Roberto Monteiro e sua trupe! Cuidado! <\/p>\n<p>Este pol\u00edtico profissional da \u201cvelha e suja pol\u00edtica\u201d mostrou ontem  do que ele \u00e9 capaz para chegar ao poder: &#8211; se \u201cacertou\u201d com o Eurico,  at\u00e9 ent\u00e3o \u201caquele advers\u00e1rio\u201d que fingia querer vencer, para derrubar a  diretoria da qual fazia parte e foi seu cabo eleitoral para receber o  seu cargo de V.P. do conselho Deliberativo, para tentar garantir a  manuten\u00e7\u00e3o do mensal\u00e3o, o seu mensal\u00e3o e o do advers\u00e1rio. <\/p>\n<p>Este pol\u00edtico profissional trabalhou contra o recadastramento de  s\u00f3cios, defendido h\u00e1 muitos anos por todos n\u00f3s e agora proposto pela  diretoria, apoiada por todos os verdadeiros s\u00f3cios, aqueles que pagam e  sempre pagaram as suas pr\u00f3prias mensalidades. Porque Roberto Monteiro  sabotou o recadastramento? Quais s\u00e3o seus interesses? <\/p>\n<p>Quando informo aos vasca\u00ednos mais pr\u00f3ximos que este candidato da  Chapa Identidade Vasco passou nove meses preso na cadeia em Queluz,  entre 1993 e 1994 respondendo por um atentado a um \u00f4nibus de torcedores  do Flamengo com coquet\u00e9is molotov, estas pessoas ficam estupefatas e me  perguntam: &#8211; Mesmo assim ele pode ser candidato? O estatuto permite?  Podemos ter um presidente que j\u00e1 foi preso? \u00c9 gente, Identidade Falsa! <\/p>\n<p>N\u00e3o precisamos de um presidente com este curr\u00edculo e tampouco o  outro que poderia estar preso, mas n\u00e3o foi porque esta diretoria nada  fez para transformar em a\u00e7\u00f5es judiciais todos os processos que deveriam  ter levado a justi\u00e7a para julg\u00e1-lo: &#8211; os desvios relatados na CPI do  Futebol, remessa de d\u00f3lares para as Bahamas n\u00e3o contabilizados,  pagamentos de contas de campanha com dinheiro do clube, pagamentos para  produzir um livro sobre sua vida pouco clara, pagar com dinheiro do  clube suas condena\u00e7\u00f5es na justi\u00e7a. <\/p>\n<p>Estamos diante de um candidato que j\u00e1 foi preso contra outro que  poderia ter sido preso! Como ficou pobre nosso clube! \u00c9 isto que  queremos para o Vasco? <\/p>\n<p>Fora mensal\u00e3o, Fora Identidade Falsa, Eurico nunca Mais!!! <\/p>\n<p>Queremos elei\u00e7\u00f5es limpas!!! <\/p>\n<p>Os vasca\u00ednos precisam vencer este jogo para que o Vasco volte a ser  um vencedor. Vamos apoiar um candidato que n\u00e3o mere\u00e7a ser preso! <\/p>\n<p>Como talvez dissesse Jo\u00e3o Ubaldo Ribeiro: Salve o Povo Vasca\u00edno!&#8221; <\/p>\n<p>Jos\u00e9 Henrique Coelho <\/p>\n<p>Fonte: Facebook de Jos\u00e9 Henrique Coelho  \t\t \t   \t\t  <\/div>\n<\/div>\n<p><\/p>\n","protected":false},"excerpt":{"rendered":"<p>O WEBVASCO, NA FUN\u00c7\u00c3O DE DAR A VOZ A TODAS AS CORRENTES POL\u00cdTICAS VASCA\u00cdNAS, D\u00c1&#8230;<\/p>\n","protected":false},"author":8,"featured_media":261,"comment_status":"open","ping_status":"closed","sticky":false,"template":"","format":"standard","meta":{"footnotes":""},"categories":[6],"tags":[],"class_list":["post-919","post","type-post","status-publish","format-standard","has-post-thumbnail","hentry","category-marcus-simonini"],"_links":{"self":[{"href":"https:\/\/webvasco.com\/artigos\/wp-json\/wp\/v2\/posts\/919","targetHints":{"allow":["GET"]}}],"collection":[{"href":"https:\/\/webvasco.com\/artigos\/wp-json\/wp\/v2\/posts"}],"about":[{"href":"https:\/\/webvasco.com\/artigos\/wp-json\/wp\/v2\/types\/post"}],"author":[{"embeddable":true,"href":"https:\/\/webvasco.com\/artigos\/wp-json\/wp\/v2\/users\/8"}],"replies":[{"embeddable":true,"href":"https:\/\/webvasco.com\/artigos\/wp-json\/wp\/v2\/comments?post=919"}],"version-history":[{"count":0,"href":"https:\/\/webvasco.com\/artigos\/wp-json\/wp\/v2\/posts\/919\/revisions"}],"wp:featuredmedia":[{"embeddable":true,"href":"https:\/\/webvasco.com\/artigos\/wp-json\/wp\/v2\/media\/261"}],"wp:attachment":[{"href":"https:\/\/webvasco.com\/artigos\/wp-json\/wp\/v2\/media?parent=919"}],"wp:term":[{"taxonomy":"category","embeddable":true,"href":"https:\/\/webvasco.com\/artigos\/wp-json\/wp\/v2\/categories?post=919"},{"taxonomy":"post_tag","embeddable":true,"href":"https:\/\/webvasco.com\/artigos\/wp-json\/wp\/v2\/tags?post=919"}],"curies":[{"name":"wp","href":"https:\/\/api.w.org\/{rel}","templated":true}]}}