{"id":921,"date":"2014-08-19T12:27:56","date_gmt":"2014-08-19T15:27:56","guid":{"rendered":"http:\/\/webvasco.com\/artigos\/?p=921"},"modified":"2014-08-19T12:33:26","modified_gmt":"2014-08-19T15:33:26","slug":"recadastramento-dos-scios-do-vasco-direito-e-dever-que-asseguram-eleies-democrticas-e-limpas","status":"publish","type":"post","link":"https:\/\/webvasco.com\/artigos\/colunistas\/marcus-simonini\/recadastramento-dos-scios-do-vasco-direito-e-dever-que-asseguram-eleies-democrticas-e-limpas\/","title":{"rendered":"RECADASTRAMENTO DOS S&Oacute;CIOS DO VASCO: DIREITO E DEVER QUE ASSEGURAM ELEI&Ccedil;&Otilde;ES DEMOCR&Aacute;TICAS E LIMPAS!"},"content":{"rendered":"<div>\n<div dir='ltr'>&nbsp;<br \/>&nbsp;<br \/>&nbsp;<\/p>\n<p align=\"center\"><a href=\"http:\/\/incondicionalmentevasco.files.wordpress.com\/2012\/10\/02-05-estadio-sjanuario-1926-27.jpg\" data-mce-href=\"http:\/\/incondicionalmentevasco.files.wordpress.com\/2012\/10\/02-05-estadio-sjanuario-1926-27.jpg\"><img loading=\"lazy\" decoding=\"async\" width=\"300\" height=\"225\" class=\"alignnone size-medium wp-image-2262\" alt=\"02-05-estadio-sjanuario-1926-27\" src=\"http:\/\/incondicionalmentevasco.files.wordpress.com\/2012\/10\/02-05-estadio-sjanuario-1926-27.jpg?w=300\" data-mce-selected=\"1\" data-wp-imgselect=\"1\" data-mce-src=\"http:\/\/incondicionalmentevasco.files.wordpress.com\/2012\/10\/02-05-estadio-sjanuario-1926-27.jpg?w=300\"\/><\/a><\/p>\n<p align=\"center\">&nbsp;<\/p>\n<p align=\"center\">&nbsp;<\/p>\n<p>O Recadastramento dos s\u00f3cios \u00e9 um direito de qualquer Diretoria do Club de Regatas Vasco da Gama, com base no par\u00e1grafo primeiro do artigo 15 do Estatuto do CRVG.<br \/>&nbsp;<br \/>\u00c9 tamb\u00e9m um direito e, ao mesmo tempo, um dever dos s\u00f3cios para com o Vasco, e visa garantir o controle sobre a arrecada\u00e7\u00e3o com o quadro social, portanto, \u00e9 receita necess\u00e1ria \u00e0 manuten\u00e7\u00e3o das finan\u00e7as, e ainda, assegura elei\u00e7\u00f5es transparentes, democr\u00e1ticas e limpas!<br \/>&nbsp;<br \/>Dinamite tem o dever de realizar esse recadastramento e isso ser\u00e1 cobrado dele, porque e inaceit\u00e1vel um clube da grandeza do Vasco n\u00e3o ter um cadastro correto.<br \/>&nbsp;<br \/>N\u00f3s S\u00f3cios vamos lutar por esse recadastramento, porque \u00e9 um direito nosso! Pagamos&nbsp;nossas mensalidades, em dia,&nbsp;na esperan\u00e7a de resgatar o Club, e queremos uma elei\u00e7\u00e3o correta baseada numa lista regular!<br \/>&nbsp;<\/p>\n<p align=\"justify\" class=\"ecxMsoNormal\"><b><span style=\"text-decoration: underline;\" data-mce-style=\"text-decoration: underline;\"><span style=\"color: rgb(31, 73, 125); font-family: Calibri;\" data-mce-style=\"color: #1f497d; font-family: Calibri;\">SOBRE O RECADASTRAMENTO, NA PR\u00c1TICA:&nbsp;<\/span><\/span><\/b><\/p>\n<p align=\"justify\" class=\"ecxMsoNormal\"><b><span style=\"text-decoration: underline;\" data-mce-style=\"text-decoration: underline;\"><span style=\"color: rgb(31, 73, 125); font-family: Calibri;\" data-mce-style=\"color: #1f497d; font-family: Calibri;\"><\/span><\/span><\/b>&nbsp;<\/p>\n<p align=\"justify\" class=\"ecxMsoNormal\"><span style=\"color: rgb(31, 73, 125); font-family: Calibri;\" data-mce-style=\"color: #1f497d; font-family: Calibri;\">&nbsp;<\/span><b><span style=\"color: rgb(31, 73, 125); font-family: Calibri;\" data-mce-style=\"color: #1f497d; font-family: Calibri;\">O recadastramento poder\u00e1 ser posto em pr\u00e1tica, com fulcro no Par\u00e1grafo 1\u00ba do Artigo 15 do Estatuto do CRVG,&nbsp;exigindo-se de todos os s\u00f3cios a renova\u00e7\u00e3o da carteira social&nbsp;sob a pena de ser suspenso&nbsp;o direito de votar e ser votado, previsto no Inciso I&nbsp;do Artigo 30, caso n\u00e3o o fa\u00e7a. <\/span><\/b><\/p>\n<p align=\"justify\" class=\"ecxMsoNormal\"><b><span style=\"color: rgb(31, 73, 125); font-family: Calibri;\" data-mce-style=\"color: #1f497d; font-family: Calibri;\"><\/span><\/b>&nbsp;<\/p>\n<p align=\"justify\" class=\"ecxMsoNormal\"><span style='color: rgb(31, 73, 125); line-height: 115%; font-family: \"Calibri\", \"sans-serif\"; font-size: 11pt;' data-mce-style=\"color: #1f497d; line-height: 115%; font-family: 'Calibri', 'sans-serif'; font-size: 11pt;\"><strong><span style=\"color: rgb(31, 73, 125); font-size: medium;\" data-mce-style=\"color: #1f497d; font-size: medium;\">* Na renova\u00e7\u00e3o da carteira social DEVE ser&nbsp;exigida, como procedimento,&nbsp;a apresenta\u00e7\u00e3o de documentos (Identidade, CPF e Comprovante de Resid\u00eancia recente) do associado do CRVG.<\/span><\/strong><\/span><\/p>\n<p align=\"justify\" class=\"ecxMsoNormal\"><span style='color: rgb(31, 73, 125); line-height: 115%; font-family: \"Calibri\", \"sans-serif\"; font-size: 11pt;' data-mce-style=\"color: #1f497d; line-height: 115%; font-family: 'Calibri', 'sans-serif'; font-size: 11pt;\"><strong><span style=\"color: rgb(31, 73, 125); font-size: medium;\" data-mce-style=\"color: #1f497d; font-size: medium;\"><\/span><\/strong><\/span>&nbsp;<\/p>\n<p>&#8212;&#8212;&#8212;&#8212;&#8212;&#8212;&#8212;&#8212;&#8212;&#8212;&#8212;&#8212;&#8212;&#8212;&#8212;&#8212;&#8212;&#8212;&#8212;&#8212;&#8212;&#8212;&#8212;&#8212;&#8212;&#8212;&#8212;&#8212;&#8212;&#8212;&#8212;&#8212;&#8212;&#8212;&#8212;&#8212;&#8212;&#8212;&#8212;&#8212;&#8212;&#8212;&#8212;&#8212;&#8212;&#8212;&#8212;&#8212;&#8212;&#8212;&#8212;&#8212;&#8212;&#8212;&#8212;&#8212;&#8212;&#8212;&#8212;&#8212;&#8212;&#8212;&#8212;&#8212;&#8212;&#8212;&#8212;&#8212;&#8212;<br \/>&nbsp;<br \/>&nbsp;<br \/><strong>ESTATUTO DO CLUB DE REGATAS VASCIO DA GAMA<\/strong><br \/><strong><\/strong>&nbsp;<br \/><strong>Art. 15\u00ba<\/strong> &#8211; S\u00e3o isentos de pagamento:<br \/>&nbsp;<br \/>&nbsp;&nbsp;&nbsp;&nbsp;&nbsp; a) da taxa de admiss\u00e3o, os s\u00f3cios Atletas.<br \/>&nbsp;<br \/>&nbsp;&nbsp;&nbsp;&nbsp;&nbsp; b) da taxa de admiss\u00e3o e de qualquer mensalidade os Membros de Honra, Grandes Benem\u00e9ritos, Benem\u00e9ritos, Em\u00e9ritos, Honor\u00e1rios, Correspondentes, Campe\u00f5es e Remidos.<br \/>&nbsp;<br \/><strong>&nbsp;&nbsp;&nbsp;&nbsp;&nbsp; \u00a7 1\u00ba &#8211; Desde que a Diretoria julgue necess\u00e1rio, os s\u00f3cios Campe\u00f5es, Propriet\u00e1rios, Remidos, Gerais, Patrimoniais e Dependentes ser\u00e3o obrigados a renovar a carteira social, de cinco em cinco anos, sob pena de serem suspensos os direitos previstos nos Artigos 29\u00ba e 30\u00ba, seus par\u00e1grafos e incisos, deste Estatuto. Os per\u00edodos de cinco anos ser\u00e3o sucessivos contados de janeiro de 1968.<\/strong><br \/><strong><\/strong>&nbsp;<br \/>&nbsp;&nbsp;&nbsp;&nbsp;&nbsp; \u00a7 2\u00ba &#8211; A provid\u00eancia do par\u00e1grafo anterior n\u00e3o exclui o direito da Diretoria de exigir, isoladamente, de qualquer s\u00f3cio das categorias nele mencionadas, a renova\u00e7\u00e3o de sua carteira social.<br \/>&nbsp;<br \/>*<br \/>*<br \/>*<\/p>\n<p>Art. 30\u00ba &#8211; Al\u00e9m dos direitos especiais correspondentes \u00e0s suas categorias, podem os s\u00f3cios:<br \/>&nbsp;<br \/>&nbsp;&nbsp;<strong>I &#8211;<\/strong> <strong>Votar e ser votado<\/strong>, observados os limites de idade e as restri\u00e7\u00f5es impostas neste Estatuto.<br \/>&nbsp;<br \/><span style=\"color: rgb(0, 0, 0);\" data-mce-style=\"color: #000000;\">&nbsp;II &#8211; Frequentar as depend\u00eancias do Clube.&nbsp;<\/span><br \/><span style=\"color: rgb(0, 0, 0);\" data-mce-style=\"color: #000000;\"><\/span>&nbsp;<br \/><span style=\"color: rgb(0, 0, 0);\" data-mce-style=\"color: #000000;\">&nbsp;&nbsp;III &#8211; Assistir \u00e0s competi\u00e7\u00f5es desportivas e participar das reuni\u00f5es recreativas e culturais, realizadas nas mesmas depend\u00eancias.&nbsp;<\/span><br \/><span style=\"color: rgb(0, 0, 0);\" data-mce-style=\"color: #000000;\"><\/span>&nbsp;<br \/><span style=\"color: rgb(0, 0, 0);\" data-mce-style=\"color: #000000;\">&nbsp;&nbsp;IV &#8211; Praticar exerc\u00edcios f\u00edsicos ou de prepara\u00e7\u00e3o atl\u00e9tica, nas depend\u00eancias sociais destinadas a este fim observados os competentes regulamentos.&nbsp;<\/span><br \/><strong><span style=\"color: rgb(0, 0, 0);\" data-mce-style=\"color: #000000;\"><\/span><\/strong>&nbsp;<br \/><span style=\"color: rgb(0, 0, 0);\" data-mce-style=\"color: #000000;\">&nbsp;&nbsp;V &#8211; Obter do Presidente do Clube, por solicita\u00e7\u00e3o pr\u00e9via, dispensa do pagamento das mensalidades at\u00e9 3 (tr\u00eas) meses quando no interior do Pa\u00eds, at\u00e9 6 (seis) meses quando no exterior e durante o tempo de servi\u00e7o militar quando para este fim convocados, ou quando ausentes do Estado do Rio de Janeiro em servi\u00e7o militar ou miss\u00e3o oficial. <\/span><\/p>\n<p align=\"justify\" class=\"ecxMsoNormal\"><span style=\"font-family: Calibri;\" data-mce-style=\"font-family: Calibri;\">&nbsp;___________________________________________________________________________________________________________<\/span><\/p>\n<\/p><\/div>\n<\/div>\n<p><\/p>\n","protected":false},"excerpt":{"rendered":"<p>&nbsp;&nbsp;&nbsp; &nbsp; &nbsp; O Recadastramento dos s\u00f3cios \u00e9 um direito de qualquer Diretoria do Club&#8230;<\/p>\n","protected":false},"author":8,"featured_media":2262,"comment_status":"open","ping_status":"closed","sticky":false,"template":"","format":"standard","meta":{"footnotes":""},"categories":[6],"tags":[],"class_list":["post-921","post","type-post","status-publish","format-standard","has-post-thumbnail","hentry","category-marcus-simonini"],"_links":{"self":[{"href":"https:\/\/webvasco.com\/artigos\/wp-json\/wp\/v2\/posts\/921","targetHints":{"allow":["GET"]}}],"collection":[{"href":"https:\/\/webvasco.com\/artigos\/wp-json\/wp\/v2\/posts"}],"about":[{"href":"https:\/\/webvasco.com\/artigos\/wp-json\/wp\/v2\/types\/post"}],"author":[{"embeddable":true,"href":"https:\/\/webvasco.com\/artigos\/wp-json\/wp\/v2\/users\/8"}],"replies":[{"embeddable":true,"href":"https:\/\/webvasco.com\/artigos\/wp-json\/wp\/v2\/comments?post=921"}],"version-history":[{"count":0,"href":"https:\/\/webvasco.com\/artigos\/wp-json\/wp\/v2\/posts\/921\/revisions"}],"wp:featuredmedia":[{"embeddable":true,"href":"https:\/\/webvasco.com\/artigos\/wp-json\/wp\/v2\/media\/2262"}],"wp:attachment":[{"href":"https:\/\/webvasco.com\/artigos\/wp-json\/wp\/v2\/media?parent=921"}],"wp:term":[{"taxonomy":"category","embeddable":true,"href":"https:\/\/webvasco.com\/artigos\/wp-json\/wp\/v2\/categories?post=921"},{"taxonomy":"post_tag","embeddable":true,"href":"https:\/\/webvasco.com\/artigos\/wp-json\/wp\/v2\/tags?post=921"}],"curies":[{"name":"wp","href":"https:\/\/api.w.org\/{rel}","templated":true}]}}