{"id":9215,"date":"2022-01-24T13:28:49","date_gmt":"2022-01-24T16:28:49","guid":{"rendered":"https:\/\/webvasco.com\/artigos\/?p=9215"},"modified":"2022-01-24T13:28:49","modified_gmt":"2022-01-24T16:28:49","slug":"elas-o-professor-rosa","status":"publish","type":"post","link":"https:\/\/webvasco.com\/artigos\/temas\/elas-e-o-professor\/elas-o-professor-rosa\/","title":{"rendered":"ELAS &#038; O PROFESSOR &#8211; ROSA"},"content":{"rendered":"\n<p><strong><u>ELAS &amp; O PROFESSOR<\/u><\/strong><\/p>\n\n\n\n<p><strong>POR LUIZ CARLOS ROCHA<\/strong><\/p>\n\n\n\n<p>A entrevista de janeiro de 2022, com Rosangela Negr\u00e3o Gomes Duque \u00e9 dedicada \u00e0 uma bela e especial menina que atende pelo lindo nome de \u00darsulla Rocha, que al\u00e9m de vasca\u00edna e ser tudo para mim, tamb\u00e9m \u00e9 toda a minha fonte de inspira\u00e7\u00e3o.<\/p>\n\n\n\n<p><strong>ROSA, <\/strong>do lar, 59 anos, casada com Jos\u00e9 Ricardo (h\u00e1 39 anos), mam\u00e3e de 5 filhos (por\u00e9m 2 deles j\u00e1 est\u00e3o na companhia de Papai do C\u00e9u), av\u00f3 do pequeno-grande Rhavi, do signo de Virgem, moradora do bairro do Boa\u00e7u, S\u00e3o Gon\u00e7alo\/RJ. Nas horas vagas gosta de fazer artesanato precisamente pintura em tecidos. Simpatiza com a Escola de Samba Portela, embora afirme que n\u00e3o tenha uma agremia\u00e7\u00e3o de cora\u00e7\u00e3o. \u00a0\u00a0A vasca\u00edna adora degustar uma boa massa, de todos os tipos.<\/p>\n\n\n\n<p><strong>Na Copinha (Copa S\u00e3o Paulo de Futebol Junior), o Vasco goleou o Rio Claro por 12 a 0, e foi bem em outros jogos at\u00e9 ser eliminado da competi\u00e7\u00e3o. A base voltar\u00e1 a render bons frutos? <\/strong><br \/>Claro, se for bem aproveitada.<\/p>\n\n\n\n<p><strong>Por que os treinadores que passaram no time profissional n\u00e3o aproveitaram bem os meninos das categorias de base?<\/strong><br \/>Talvez tivesse sido por falta de confian\u00e7a na capacidade dos meninos.<\/p>\n\n\n\n<p><strong>Pelo que a base e o time profissional v\u00eam apresentando nos \u00faltimos 5 anos, podemos dizer que d\u00e1 mais gosto de ver a garotada jogar dos que os barbados?<\/strong><br \/>Sim, no momento \u00e9 mais prazeroso ver os meninos.<\/p>\n\n\n\n<p><strong>O treinador Z\u00e9 Ricardo foi a contrata\u00e7\u00e3o ideal em termos de comandante, visto a realidade financeira vasca\u00edna?<\/strong><br \/>N\u00e3o sei se \u00e9 o ideal, mas devido as condi\u00e7\u00f5es financeiras foi o que deu para fazer.<\/p>\n\n\n\n<p><strong>Os t\u00e9cnicos Jair Ventura e Rog\u00e9rio Ceni n\u00e3o eram melhores op\u00e7\u00f5es com o mesmo sal\u00e1rio do ZR?<\/strong><br \/>Acho que n\u00e3o.<\/p>\n\n\n\n<p><strong>Z\u00e9 Ricardo j\u00e1 esteve \u00e0 frente do Vasco da Gama e o resultado n\u00e3o foi dos melhores. Figurinha repetida completa \u00e1lbum?<\/strong><br \/>Ele teve uma experi\u00eancia fora, e o elenco do Vasco agora \u00e9 outro.<\/p>\n\n\n\n<p><strong>O que \u00e9 ser Vasco?<\/strong><br \/>\u00c9 amor, \u00e9 paix\u00e3o, \u00e9 saber que mesmo nas dificuldades a esperan\u00e7a se mant\u00e9m viva.<\/p>\n\n\n\n<p><strong>V\u00e1rios atletas, dirigentes e at\u00e9 treinadores que saem do Cruzmaltino v\u00e3o parar nas Laranjeiras. Recentemente foi o caso do \u00eddolo Germ\u00e1n Cano e do goleiro F\u00e1bio. Voc\u00ea acha que o Fluminense \u00e9 frustrado por n\u00e3o ser o Mach\u00e3o da Gama?<\/strong><br \/>Se olharmos a hist\u00f3ria, vamos ver que isso n\u00e3o \u00e9 de hoje.<\/p>\n\n\n\n<p><strong>Alguma vez voc\u00ea j\u00e1 pensou que seu netinho Rhavi poder\u00e1 ser atleta do Vasc\u00e3o?<\/strong><br \/>Talvez, mas precisamos ver se o menino leva jeito. No caminho certo j\u00e1 est\u00e1, \u00e9 vasca\u00edno.<\/p>\n\n\n\n<p><strong>O que voc\u00ea j\u00e1 comprou do Vasco para o seu netinho?<\/strong><br \/>Algumas coisinhas ele ganhou, o bon\u00e9 foi eu.<\/p>\n\n\n\n<p><strong>Qual o melhor goleiro do Gigante da Colina de todos os tempos?<\/strong><br \/>Fica dif\u00edcil nomear um. Goleiros como os jogadores t\u00eam momentos bons e ruins. Mas posso citar Barbosa, Andrada , Mazzaropi, \u00a0Ac\u00e1cio e Carlos Germano.<\/p>\n\n\n\n<p><strong>O treinador Z\u00e9 Ricardo tirar\u00e1 o Vasco da Gama da Segunda Divis\u00e3o do Campeonato Brasileiro?<\/strong><br \/>Esperamos que sim, mas vai depender muit\u00edssimo do empenho e garra dos jogadores.<\/p>\n\n\n\n<p><strong><u>FOTOGRAFIAS \u00a0FORNECIDAS PELO ARQUIVO PESSOAL DA ENTREVISTADA.<\/u><\/strong><\/p>\n\n\n\n<p><\/p>\n\n\n\n<figure class=\"wp-block-gallery columns-3 is-cropped wp-block-gallery-1 is-layout-flex wp-block-gallery-is-layout-flex\"><ul class=\"blocks-gallery-grid\"><li class=\"blocks-gallery-item\"><figure><a href=\"https:\/\/webvasco.com\/artigos\/wp-content\/uploads\/2022\/01\/rosa-2.jpeg\"><img loading=\"lazy\" decoding=\"async\" width=\"864\" height=\"1024\" src=\"https:\/\/webvasco.com\/artigos\/wp-content\/uploads\/2022\/01\/rosa-2-864x1024.jpeg\" alt=\"\" data-id=\"9216\" data-full-url=\"https:\/\/webvasco.com\/artigos\/wp-content\/uploads\/2022\/01\/rosa-2.jpeg\" data-link=\"https:\/\/webvasco.com\/artigos\/?attachment_id=9216\" class=\"wp-image-9216\" srcset=\"https:\/\/webvasco.com\/artigos\/wp-content\/uploads\/2022\/01\/rosa-2-864x1024.jpeg 864w, https:\/\/webvasco.com\/artigos\/wp-content\/uploads\/2022\/01\/rosa-2-253x300.jpeg 253w, https:\/\/webvasco.com\/artigos\/wp-content\/uploads\/2022\/01\/rosa-2-127x150.jpeg 127w, https:\/\/webvasco.com\/artigos\/wp-content\/uploads\/2022\/01\/rosa-2-768x910.jpeg 768w, https:\/\/webvasco.com\/artigos\/wp-content\/uploads\/2022\/01\/rosa-2-1024x1214.jpeg 1024w, https:\/\/webvasco.com\/artigos\/wp-content\/uploads\/2022\/01\/rosa-2.jpeg 1080w\" sizes=\"auto, (max-width: 864px) 100vw, 864px\" \/><\/a><\/figure><\/li><li class=\"blocks-gallery-item\"><figure><a href=\"https:\/\/webvasco.com\/artigos\/wp-content\/uploads\/2022\/01\/rosa.jpeg\"><img loading=\"lazy\" decoding=\"async\" width=\"886\" height=\"1024\" src=\"https:\/\/webvasco.com\/artigos\/wp-content\/uploads\/2022\/01\/rosa-886x1024.jpeg\" alt=\"\" data-id=\"9217\" data-full-url=\"https:\/\/webvasco.com\/artigos\/wp-content\/uploads\/2022\/01\/rosa.jpeg\" data-link=\"https:\/\/webvasco.com\/artigos\/?attachment_id=9217\" class=\"wp-image-9217\" srcset=\"https:\/\/webvasco.com\/artigos\/wp-content\/uploads\/2022\/01\/rosa-886x1024.jpeg 886w, https:\/\/webvasco.com\/artigos\/wp-content\/uploads\/2022\/01\/rosa-260x300.jpeg 260w, https:\/\/webvasco.com\/artigos\/wp-content\/uploads\/2022\/01\/rosa-130x150.jpeg 130w, https:\/\/webvasco.com\/artigos\/wp-content\/uploads\/2022\/01\/rosa-768x887.jpeg 768w, https:\/\/webvasco.com\/artigos\/wp-content\/uploads\/2022\/01\/rosa-1024x1183.jpeg 1024w, https:\/\/webvasco.com\/artigos\/wp-content\/uploads\/2022\/01\/rosa.jpeg 1108w\" sizes=\"auto, (max-width: 886px) 100vw, 886px\" \/><\/a><\/figure><\/li><li class=\"blocks-gallery-item\"><figure><a href=\"https:\/\/webvasco.com\/artigos\/wp-content\/uploads\/2022\/01\/rosa1.jpeg\"><img loading=\"lazy\" decoding=\"async\" width=\"768\" height=\"1024\" src=\"https:\/\/webvasco.com\/artigos\/wp-content\/uploads\/2022\/01\/rosa1-768x1024.jpeg\" alt=\"\" data-id=\"9218\" data-full-url=\"https:\/\/webvasco.com\/artigos\/wp-content\/uploads\/2022\/01\/rosa1.jpeg\" data-link=\"https:\/\/webvasco.com\/artigos\/?attachment_id=9218\" class=\"wp-image-9218\" srcset=\"https:\/\/webvasco.com\/artigos\/wp-content\/uploads\/2022\/01\/rosa1-768x1024.jpeg 768w, https:\/\/webvasco.com\/artigos\/wp-content\/uploads\/2022\/01\/rosa1-225x300.jpeg 225w, https:\/\/webvasco.com\/artigos\/wp-content\/uploads\/2022\/01\/rosa1-113x150.jpeg 113w, https:\/\/webvasco.com\/artigos\/wp-content\/uploads\/2022\/01\/rosa1.jpeg 774w\" sizes=\"auto, (max-width: 768px) 100vw, 768px\" \/><\/a><\/figure><\/li><\/ul><\/figure>\n","protected":false},"excerpt":{"rendered":"<p>ELAS &amp; O PROFESSOR POR LUIZ CARLOS ROCHA A entrevista de janeiro de 2022, com&#8230;<\/p>\n","protected":false},"author":7,"featured_media":9219,"comment_status":"open","ping_status":"closed","sticky":false,"template":"","format":"standard","meta":{"footnotes":""},"categories":[27],"tags":[],"class_list":["post-9215","post","type-post","status-publish","format-standard","has-post-thumbnail","hentry","category-elas-e-o-professor"],"_links":{"self":[{"href":"https:\/\/webvasco.com\/artigos\/wp-json\/wp\/v2\/posts\/9215","targetHints":{"allow":["GET"]}}],"collection":[{"href":"https:\/\/webvasco.com\/artigos\/wp-json\/wp\/v2\/posts"}],"about":[{"href":"https:\/\/webvasco.com\/artigos\/wp-json\/wp\/v2\/types\/post"}],"author":[{"embeddable":true,"href":"https:\/\/webvasco.com\/artigos\/wp-json\/wp\/v2\/users\/7"}],"replies":[{"embeddable":true,"href":"https:\/\/webvasco.com\/artigos\/wp-json\/wp\/v2\/comments?post=9215"}],"version-history":[{"count":1,"href":"https:\/\/webvasco.com\/artigos\/wp-json\/wp\/v2\/posts\/9215\/revisions"}],"predecessor-version":[{"id":9220,"href":"https:\/\/webvasco.com\/artigos\/wp-json\/wp\/v2\/posts\/9215\/revisions\/9220"}],"wp:featuredmedia":[{"embeddable":true,"href":"https:\/\/webvasco.com\/artigos\/wp-json\/wp\/v2\/media\/9219"}],"wp:attachment":[{"href":"https:\/\/webvasco.com\/artigos\/wp-json\/wp\/v2\/media?parent=9215"}],"wp:term":[{"taxonomy":"category","embeddable":true,"href":"https:\/\/webvasco.com\/artigos\/wp-json\/wp\/v2\/categories?post=9215"},{"taxonomy":"post_tag","embeddable":true,"href":"https:\/\/webvasco.com\/artigos\/wp-json\/wp\/v2\/tags?post=9215"}],"curies":[{"name":"wp","href":"https:\/\/api.w.org\/{rel}","templated":true}]}}