{"id":922,"date":"2014-08-21T01:13:56","date_gmt":"2014-08-21T04:13:56","guid":{"rendered":"http:\/\/webvasco.com\/artigos\/?p=922"},"modified":"2014-08-21T01:48:07","modified_gmt":"2014-08-21T04:48:07","slug":"parabns-gigante-da-colina-pelos-teus-116-anos-de-vida","status":"publish","type":"post","link":"https:\/\/webvasco.com\/artigos\/colunistas\/marcus-simonini\/parabns-gigante-da-colina-pelos-teus-116-anos-de-vida\/","title":{"rendered":"PARAB&Eacute;NS GIGANTE DA COLINA, PELOS TEUS 116 ANOS DE VIDA!"},"content":{"rendered":"<div>\n<div dir='ltr'><\/p>\n<div align=\"center\"><a href=\"http:\/\/incondicionalmentevasco.files.wordpress.com\/2013\/06\/20081109saladetrofeusvasco.jpg\" data-mce-href=\"http:\/\/incondicionalmentevasco.files.wordpress.com\/2013\/06\/20081109saladetrofeusvasco.jpg\"><img loading=\"lazy\" decoding=\"async\" data-mce-selected=\"1\" data-wp-imgselect=\"1\" class=\"size-medium wp-image-2468\" src=\"http:\/\/incondicionalmentevasco.files.wordpress.com\/2013\/06\/20081109saladetrofeusvasco.jpg?w=300\" alt=\"Sala de Trof\u00e9us de S\u00e3o Janu\u00e1rio, um orgulho dos Vasca\u00ednos!\" data-mce-src=\"http:\/\/incondicionalmentevasco.files.wordpress.com\/2013\/06\/20081109saladetrofeusvasco.jpg?w=300\" height=\"225\" width=\"300\"\/><\/a><\/p>\n<div align=\"left\">Parab\u00e9ns, Club de Regatas Vasco da Gama, pelos seus 116 anos de exist\u00eancia!<\/p>\n<p>A  voc\u00ea, meu primeiro amigo, quero agradecer pelos momentos de alegria,  sobretudo, pelos t\u00edtulos que voc\u00ea ganhou ao longo da minha inf\u00e2ncia e  juventude, como as conquistas de: 74, 82, 87, 88 e 89, o Carioca de 92,  invicto! O Brasileiro de 97, A Libertadores de 98, o Rio S\u00e3o Paulo de  99, O Brasileiro de 2000 e a Copa Mercosul, tamb\u00e9m, de 2000, e, por fim,  a \u00fanica grande conquista recente, a in\u00e9dita Copa do Brasil de 2011.<\/p>\n<p>No  dia de hoje, quero te desejar sa\u00fade (financeira), Paz (Pol\u00edtica e  Administrativa), Amor (da sua imensa Torcida), e muitas viradas, pois  esta \u00e9 uma das tuas alcunhas!<\/p>\n<p>Vasco, da mais linda Hist\u00f3ria, da  luta contra o racismo, de s\u00f3cios leais e determinados, que ergueram S\u00e3o  Janu\u00e1rio! Um Est\u00e1dio com alma, a qual se sente no cora\u00e7\u00e3o bastando para  tanto apenas andar pelas suas arquibancadas!<\/p>\n<p>Que voc\u00ea consiga  retomar os teus caminhos de gl\u00f3rias! De vit\u00f3rias, lideran\u00e7a e  pioneirismo, porque voc\u00ea foi destinado a isso! A Cruz \u00e9 o teu batismo, e  de mais ningu\u00e9m!<\/p>\n<p>Que voc\u00ea tenha um futuro pr\u00f3spero, com s\u00f3cios  que te amem e cuidem de voc\u00ea, para que sejas imortal, pela for\u00e7a e  energia que v\u00eam das crian\u00e7as cruz-maltinas, que apesar de te conhecerem  neste momento dif\u00edcil, te amam pelo testemunho dos pais, os quais te  conhecem bem!<\/p>\n<p>Que voc\u00ea tenha Diretores que trabalhem com  abnega\u00e7\u00e3o, determina\u00e7\u00e3o e retid\u00e3o! Que queiram apenas e unicamente te  servir, e n\u00e3o servir-se de voc\u00ea, da tua camisa e da tua hist\u00f3ria, do teu  nome forte, para seus pr\u00f3prios fins e carreiras, pois estes n\u00e3o te  amam, n\u00e3o t\u00eam compromisso com voc\u00ea! T\u00eam projeto de poder e n\u00e3o s\u00e3o  dignos de usar os teus s\u00edmbolos!<\/p>\n<p>Que voc\u00ea, enfim, se levante, e uma vez erguido, nunca mais caia do alto patamar que voc\u00ea mesmo construiu!<\/p>\n<p>Vasco, dos Camisas Negras, do Expresso da Vit\u00f3ria, de 48, dos Tima\u00e7os de 98 e 2000, parab\u00e9ns!<\/p>\n<p>Que Deus e Nossa Senhora das Vit\u00f3rias te aben\u00e7oe e guie teus caminhos!<\/p>\n<p>Estaremos  sempre contigo, nos bons e maus momentos, sobretudo nos maus, para te  defender e reerguer! Porque o Sentimento n\u00e3o para!<\/p>\n<p>Estes s\u00e3o os votos do Blog Incondicionalmente Vasco!<\/p>\n<p>21\/08\/2014, 116\u00ba anivers\u00e1rio do Club de Regatas Vasco da Gama<\/p>\n<p>Marcus Simonini Ferreira<br \/> Editor do Blog Incondicionalmente Vasco!<br \/>Colunista do Portal WEBVASCO<\/p>\n<\/div>\n<\/div><\/div>\n<\/div>\n<p><\/p>\n","protected":false},"excerpt":{"rendered":"<p>Parab\u00e9ns, Club de Regatas Vasco da Gama, pelos seus 116 anos de exist\u00eancia! A voc\u00ea,&#8230;<\/p>\n","protected":false},"author":8,"featured_media":2468,"comment_status":"open","ping_status":"closed","sticky":false,"template":"","format":"standard","meta":{"footnotes":""},"categories":[6],"tags":[],"class_list":["post-922","post","type-post","status-publish","format-standard","has-post-thumbnail","hentry","category-marcus-simonini"],"_links":{"self":[{"href":"https:\/\/webvasco.com\/artigos\/wp-json\/wp\/v2\/posts\/922","targetHints":{"allow":["GET"]}}],"collection":[{"href":"https:\/\/webvasco.com\/artigos\/wp-json\/wp\/v2\/posts"}],"about":[{"href":"https:\/\/webvasco.com\/artigos\/wp-json\/wp\/v2\/types\/post"}],"author":[{"embeddable":true,"href":"https:\/\/webvasco.com\/artigos\/wp-json\/wp\/v2\/users\/8"}],"replies":[{"embeddable":true,"href":"https:\/\/webvasco.com\/artigos\/wp-json\/wp\/v2\/comments?post=922"}],"version-history":[{"count":0,"href":"https:\/\/webvasco.com\/artigos\/wp-json\/wp\/v2\/posts\/922\/revisions"}],"wp:featuredmedia":[{"embeddable":true,"href":"https:\/\/webvasco.com\/artigos\/wp-json\/"}],"wp:attachment":[{"href":"https:\/\/webvasco.com\/artigos\/wp-json\/wp\/v2\/media?parent=922"}],"wp:term":[{"taxonomy":"category","embeddable":true,"href":"https:\/\/webvasco.com\/artigos\/wp-json\/wp\/v2\/categories?post=922"},{"taxonomy":"post_tag","embeddable":true,"href":"https:\/\/webvasco.com\/artigos\/wp-json\/wp\/v2\/tags?post=922"}],"curies":[{"name":"wp","href":"https:\/\/api.w.org\/{rel}","templated":true}]}}