{"id":9223,"date":"2022-02-19T20:01:46","date_gmt":"2022-02-19T23:01:46","guid":{"rendered":"https:\/\/webvasco.com\/artigos\/?p=9223"},"modified":"2022-02-19T20:02:27","modified_gmt":"2022-02-19T23:02:27","slug":"elas-o-professor-beth","status":"publish","type":"post","link":"https:\/\/webvasco.com\/artigos\/temas\/elas-e-o-professor\/elas-o-professor-beth\/","title":{"rendered":"ELAS &#038; O PROFESSOR &#8211; BETH"},"content":{"rendered":"\n<p>A entrevista de fevereiro de 2022, com Elizabeth de Paula Machado Nobre \u00e9 dedicada \u00e0 mais linda vasca\u00edna do papai, que atende pelo lindo nome de \u00darsulla Rocha, que al\u00e9m de vasca\u00edna \u00e9 tamb\u00e9m toda a minha fonte de inspira\u00e7\u00e3o.<\/p>\n\n\n\n<p><strong>&nbsp;&nbsp;&nbsp; BETH, <\/strong>economista,48 anos, divorciada, mam\u00e3e de 2 filhos, do signo de Sagit\u00e1rio, carioca da Vila da Penha (Terra de Teresa Cristina, na qual j\u00e1 foi entrevistada aqui), morando atualmente em Macei\u00f3-AL. Criada dentro de S\u00e3o Janu\u00e1rio, pois seu genitor tinha um t\u00edtulo de S\u00f3cio Propriet\u00e1rio do clube. Nas horas vagas gosta de ler, assistir filmes e s\u00e9ries, al\u00e9m de ir \u00e0 praia \u00e9 claro &#8211; S\u00e3o Miguel dos Milagres, Maragogi e Franc\u00eas por ordem de prefer\u00eancia \u2013 Tamb\u00e9m curte beber aquela cervejinha estupidamente gelada. Torcedora da Escola de Samba Beija-Flor. Seu prato preferido como boa carioca \u00e9 o churrasco.<\/p>\n\n\n\n<p><strong>&nbsp;&nbsp;&nbsp; Diante dos bons resultados no Campeonato Carioca 2022, voc\u00ea acha que o Vasco da Gama come\u00e7ou a temporada com o p\u00e9 direito?<\/strong><\/p>\n\n\n\n<p>At\u00e9 come\u00e7ou bem, mas ainda vemos que o time \u00e9 bastante limitado.<\/p>\n\n\n\n<p><strong>&nbsp;&nbsp;&nbsp; O Carioc\u00e3o 2022 ser\u00e1 par\u00e2metro para o Campeonato Brasileiro, da S\u00e9rie B?<\/strong><\/p>\n\n\n\n<p>N\u00e3o. S\u00e3o competi\u00e7\u00f5es totalmente diferentes, onde inclusive, a S\u00e9rie B est\u00e1 mais dif\u00edcil a cada ano.<\/p>\n\n\n\n<p><strong>&nbsp;&nbsp;&nbsp; O que lhe inspira mais confian\u00e7a no atual time Cruzmaltino: Ataque, defesa ou meio de campo?<\/strong><\/p>\n\n\n\n<p>Nesse momento em nenhuma \u00e1rea, apesar do meio com o Nen\u00ea ter melhorado bastante. Tamb\u00e9m tenho gostado da atua\u00e7\u00e3o do atual goleiro.<\/p>\n\n\n\n<p><strong>&nbsp;&nbsp;&nbsp; Porque as finan\u00e7as do Gigante da Colina h\u00e1 tempos est\u00e3o no vermelho?<\/strong><\/p>\n\n\n\n<p>Porque os mandat\u00e1rios sempre estiveram mais preocupados com o Poder do que com a institui\u00e7\u00e3o Vasco da Gama.<\/p>\n\n\n\n<p><strong>&nbsp;&nbsp;&nbsp; O investidor de grande porte tem medo de aplicar financeiramente no clube por quest\u00f5es de conflito de interesses por parte dos cartolas?<\/strong><\/p>\n\n\n\n<p>Infelizmente a \u201cbriga de egos\u201d atrapalha muito quando se fala em aportes, \u00e9 s\u00f3 ver o que aconteceu na \u00faltima elei\u00e7\u00e3o para presid\u00eancia do clube.<\/p>\n\n\n\n<p><strong>&nbsp;&nbsp;&nbsp; Robert Collier disse: \u201cToda fortuna tem sua origem na mente. A riqueza est\u00e1 nas ideias, n\u00e3o no dinheiro\u201d. Por isso que o Vasco est\u00e1 cada vez mais pobre? Pelo d\u00e9ficit de pensamento dos seus mandat\u00e1rios?<\/strong><\/p>\n\n\n\n<p>Como disse anteriormente; enquanto n\u00e3o tivermos uma presid\u00eancia e diretoria realmente empenhados em gerir o clube e n\u00e3o somente seus egos, ficaremos vendo o clube sendo sucateado.<\/p>\n\n\n\n<p><strong>&nbsp;&nbsp;&nbsp; Fazendo uma analogia ao atual plantel vasca\u00edno, o que \u00e9 receber o bruto, fazer o balan\u00e7o e guardar o l\u00edquido?<\/strong><\/p>\n\n\n\n<p>Receber o bruto \u00e9 apostar nas joias da base. Fazer o balan\u00e7o \u00e9 observar para n\u00e3o cometer os mesmos erros dos \u00faltimos anos. Guardar o l\u00edquido \u00e9 utilizar da melhor forma poss\u00edvel o elenco que temos atualmente.<\/p>\n\n\n\n<p><strong>&nbsp;&nbsp;&nbsp; Solidez \u00e9 arrumar a casa administrativamente para que no futuro os resultados dentro de campo apare\u00e7am?<\/strong><\/p>\n\n\n\n<p>Com certeza arrumar a casa; fazer um bom planejamento e uma boa compliance seriam vitais para os bons resultados aparecerem.<\/p>\n\n\n\n<p><strong>&nbsp;&nbsp;&nbsp; O craque Edmundo est\u00e1 preparado para ser presidente do Vasc\u00e3o?<\/strong><\/p>\n\n\n\n<p>Apesar de admir\u00e1-lo muito como jogador, n\u00e3o vejo ele como um bom administrador.&nbsp;<\/p>\n\n\n\n<p><strong>&nbsp;&nbsp;&nbsp; O atacante Cano est\u00e1 fazendo falta?<\/strong><\/p>\n\n\n\n<p>Para mim sim (sorriu) Apesar dele ter sido um pouco inconstante, mas \u00e9 um jogador que tem um \u00f3timo potencial, e se identificou com o time.<\/p>\n\n\n\n<p><strong>&nbsp;&nbsp;&nbsp; O treinador Z\u00e9 Ricardo tem capacidade para comandar a equipe no Brasileir\u00e3o 2022 (Segundona)?<\/strong><\/p>\n\n\n\n<p>Quando o anunciaram novamente como t\u00e9cnico confesso que fiquei com o p\u00e9 atr\u00e1s; mas tenho observado e vejo que ele adquiriu experi\u00eancia desde a sua \u00faltima passagem pelo clube. Por\u00e9m, preciso observar mais um pouco.<\/p>\n\n\n\n<p><strong>&nbsp;&nbsp;&nbsp; Qual saudade voc\u00ea t\u00eam de um Vasco da Gama que n\u00e3o volta mais?<\/strong><\/p>\n\n\n\n<p>Dos times campe\u00f5es e competitivos que todos respeitavam &#8211; &nbsp;em v\u00e1rias \u00e9pocas diferentes; mas cada um com seus craques e momentos maravilhosos &#8211; para mim principalmente o time Campe\u00e3o da Libertadores em 2000.<\/p>\n\n\n\n<p><strong><u>FOTOGRAFIAS \u00a0FORNECIDAS PELO ARQUIVO PESSOAL DA ENTREVISTADA.<\/u><\/strong><\/p>\n\n\n\n<figure class=\"wp-block-gallery columns-3 is-cropped wp-block-gallery-1 is-layout-flex wp-block-gallery-is-layout-flex\"><ul class=\"blocks-gallery-grid\"><li class=\"blocks-gallery-item\"><figure><a href=\"https:\/\/webvasco.com\/artigos\/wp-content\/uploads\/2022\/02\/WhatsApp-Image-2022-02-15-at-18.42.14.jpeg\"><img loading=\"lazy\" decoding=\"async\" width=\"576\" height=\"1024\" src=\"https:\/\/webvasco.com\/artigos\/wp-content\/uploads\/2022\/02\/WhatsApp-Image-2022-02-15-at-18.42.14-576x1024.jpeg\" alt=\"\" data-id=\"9224\" data-full-url=\"https:\/\/webvasco.com\/artigos\/wp-content\/uploads\/2022\/02\/WhatsApp-Image-2022-02-15-at-18.42.14.jpeg\" data-link=\"https:\/\/webvasco.com\/artigos\/?attachment_id=9224\" class=\"wp-image-9224\" srcset=\"https:\/\/webvasco.com\/artigos\/wp-content\/uploads\/2022\/02\/WhatsApp-Image-2022-02-15-at-18.42.14-576x1024.jpeg 576w, https:\/\/webvasco.com\/artigos\/wp-content\/uploads\/2022\/02\/WhatsApp-Image-2022-02-15-at-18.42.14-169x300.jpeg 169w, https:\/\/webvasco.com\/artigos\/wp-content\/uploads\/2022\/02\/WhatsApp-Image-2022-02-15-at-18.42.14-84x150.jpeg 84w, https:\/\/webvasco.com\/artigos\/wp-content\/uploads\/2022\/02\/WhatsApp-Image-2022-02-15-at-18.42.14-768x1366.jpeg 768w, https:\/\/webvasco.com\/artigos\/wp-content\/uploads\/2022\/02\/WhatsApp-Image-2022-02-15-at-18.42.14-864x1536.jpeg 864w, https:\/\/webvasco.com\/artigos\/wp-content\/uploads\/2022\/02\/WhatsApp-Image-2022-02-15-at-18.42.14.jpeg 899w\" sizes=\"auto, (max-width: 576px) 100vw, 576px\" \/><\/a><\/figure><\/li><li class=\"blocks-gallery-item\"><figure><a href=\"https:\/\/webvasco.com\/artigos\/wp-content\/uploads\/2022\/02\/WhatsApp-Image-2022-02-15-at-18.43.01.jpeg\"><img loading=\"lazy\" decoding=\"async\" width=\"1024\" height=\"762\" src=\"https:\/\/webvasco.com\/artigos\/wp-content\/uploads\/2022\/02\/WhatsApp-Image-2022-02-15-at-18.43.01-1024x762.jpeg\" alt=\"\" data-id=\"9225\" data-full-url=\"https:\/\/webvasco.com\/artigos\/wp-content\/uploads\/2022\/02\/WhatsApp-Image-2022-02-15-at-18.43.01.jpeg\" data-link=\"https:\/\/webvasco.com\/artigos\/?attachment_id=9225\" class=\"wp-image-9225\" srcset=\"https:\/\/webvasco.com\/artigos\/wp-content\/uploads\/2022\/02\/WhatsApp-Image-2022-02-15-at-18.43.01-1024x762.jpeg 1024w, https:\/\/webvasco.com\/artigos\/wp-content\/uploads\/2022\/02\/WhatsApp-Image-2022-02-15-at-18.43.01-300x223.jpeg 300w, https:\/\/webvasco.com\/artigos\/wp-content\/uploads\/2022\/02\/WhatsApp-Image-2022-02-15-at-18.43.01-150x112.jpeg 150w, https:\/\/webvasco.com\/artigos\/wp-content\/uploads\/2022\/02\/WhatsApp-Image-2022-02-15-at-18.43.01-768x572.jpeg 768w, https:\/\/webvasco.com\/artigos\/wp-content\/uploads\/2022\/02\/WhatsApp-Image-2022-02-15-at-18.43.01.jpeg 1080w\" sizes=\"auto, (max-width: 1024px) 100vw, 1024px\" \/><\/a><\/figure><\/li><li class=\"blocks-gallery-item\"><figure><a href=\"https:\/\/webvasco.com\/artigos\/wp-content\/uploads\/2022\/02\/WhatsApp-Image-2022-02-15-at-18.43.29.jpeg\"><img loading=\"lazy\" decoding=\"async\" width=\"1024\" height=\"756\" src=\"https:\/\/webvasco.com\/artigos\/wp-content\/uploads\/2022\/02\/WhatsApp-Image-2022-02-15-at-18.43.29-1024x756.jpeg\" alt=\"\" data-id=\"9226\" data-full-url=\"https:\/\/webvasco.com\/artigos\/wp-content\/uploads\/2022\/02\/WhatsApp-Image-2022-02-15-at-18.43.29.jpeg\" data-link=\"https:\/\/webvasco.com\/artigos\/?attachment_id=9226\" class=\"wp-image-9226\" srcset=\"https:\/\/webvasco.com\/artigos\/wp-content\/uploads\/2022\/02\/WhatsApp-Image-2022-02-15-at-18.43.29-1024x756.jpeg 1024w, https:\/\/webvasco.com\/artigos\/wp-content\/uploads\/2022\/02\/WhatsApp-Image-2022-02-15-at-18.43.29-300x221.jpeg 300w, https:\/\/webvasco.com\/artigos\/wp-content\/uploads\/2022\/02\/WhatsApp-Image-2022-02-15-at-18.43.29-150x111.jpeg 150w, https:\/\/webvasco.com\/artigos\/wp-content\/uploads\/2022\/02\/WhatsApp-Image-2022-02-15-at-18.43.29-768x567.jpeg 768w, https:\/\/webvasco.com\/artigos\/wp-content\/uploads\/2022\/02\/WhatsApp-Image-2022-02-15-at-18.43.29.jpeg 1080w\" sizes=\"auto, (max-width: 1024px) 100vw, 1024px\" \/><\/a><\/figure><\/li><li class=\"blocks-gallery-item\"><figure><a href=\"https:\/\/webvasco.com\/artigos\/wp-content\/uploads\/2022\/02\/WhatsApp-Image-2022-02-15-at-18.43.47.jpeg\"><img loading=\"lazy\" decoding=\"async\" width=\"1024\" height=\"541\" src=\"https:\/\/webvasco.com\/artigos\/wp-content\/uploads\/2022\/02\/WhatsApp-Image-2022-02-15-at-18.43.47-1024x541.jpeg\" alt=\"\" data-id=\"9227\" data-full-url=\"https:\/\/webvasco.com\/artigos\/wp-content\/uploads\/2022\/02\/WhatsApp-Image-2022-02-15-at-18.43.47.jpeg\" data-link=\"https:\/\/webvasco.com\/artigos\/?attachment_id=9227\" class=\"wp-image-9227\" srcset=\"https:\/\/webvasco.com\/artigos\/wp-content\/uploads\/2022\/02\/WhatsApp-Image-2022-02-15-at-18.43.47-1024x541.jpeg 1024w, https:\/\/webvasco.com\/artigos\/wp-content\/uploads\/2022\/02\/WhatsApp-Image-2022-02-15-at-18.43.47-300x159.jpeg 300w, https:\/\/webvasco.com\/artigos\/wp-content\/uploads\/2022\/02\/WhatsApp-Image-2022-02-15-at-18.43.47-150x79.jpeg 150w, https:\/\/webvasco.com\/artigos\/wp-content\/uploads\/2022\/02\/WhatsApp-Image-2022-02-15-at-18.43.47-768x406.jpeg 768w, https:\/\/webvasco.com\/artigos\/wp-content\/uploads\/2022\/02\/WhatsApp-Image-2022-02-15-at-18.43.47-720x380.jpeg 720w, https:\/\/webvasco.com\/artigos\/wp-content\/uploads\/2022\/02\/WhatsApp-Image-2022-02-15-at-18.43.47.jpeg 1080w\" sizes=\"auto, (max-width: 1024px) 100vw, 1024px\" \/><\/a><\/figure><\/li><li class=\"blocks-gallery-item\"><figure><a href=\"https:\/\/webvasco.com\/artigos\/wp-content\/uploads\/2022\/02\/WhatsApp-Image-2022-02-15-at-18.44.04.jpeg\"><img loading=\"lazy\" decoding=\"async\" width=\"1024\" height=\"777\" src=\"https:\/\/webvasco.com\/artigos\/wp-content\/uploads\/2022\/02\/WhatsApp-Image-2022-02-15-at-18.44.04-1024x777.jpeg\" alt=\"\" data-id=\"9228\" data-full-url=\"https:\/\/webvasco.com\/artigos\/wp-content\/uploads\/2022\/02\/WhatsApp-Image-2022-02-15-at-18.44.04.jpeg\" data-link=\"https:\/\/webvasco.com\/artigos\/?attachment_id=9228\" class=\"wp-image-9228\" srcset=\"https:\/\/webvasco.com\/artigos\/wp-content\/uploads\/2022\/02\/WhatsApp-Image-2022-02-15-at-18.44.04-1024x777.jpeg 1024w, https:\/\/webvasco.com\/artigos\/wp-content\/uploads\/2022\/02\/WhatsApp-Image-2022-02-15-at-18.44.04-300x228.jpeg 300w, https:\/\/webvasco.com\/artigos\/wp-content\/uploads\/2022\/02\/WhatsApp-Image-2022-02-15-at-18.44.04-150x114.jpeg 150w, https:\/\/webvasco.com\/artigos\/wp-content\/uploads\/2022\/02\/WhatsApp-Image-2022-02-15-at-18.44.04-768x582.jpeg 768w, https:\/\/webvasco.com\/artigos\/wp-content\/uploads\/2022\/02\/WhatsApp-Image-2022-02-15-at-18.44.04.jpeg 1080w\" sizes=\"auto, (max-width: 1024px) 100vw, 1024px\" \/><\/a><\/figure><\/li><\/ul><\/figure>\n\n\n\n<p><\/p>\n","protected":false},"excerpt":{"rendered":"<p>A entrevista de fevereiro de 2022, com Elizabeth de Paula Machado Nobre \u00e9 dedicada \u00e0&#8230;<\/p>\n","protected":false},"author":7,"featured_media":9224,"comment_status":"open","ping_status":"closed","sticky":false,"template":"","format":"standard","meta":{"footnotes":""},"categories":[27],"tags":[],"class_list":["post-9223","post","type-post","status-publish","format-standard","has-post-thumbnail","hentry","category-elas-e-o-professor"],"_links":{"self":[{"href":"https:\/\/webvasco.com\/artigos\/wp-json\/wp\/v2\/posts\/9223","targetHints":{"allow":["GET"]}}],"collection":[{"href":"https:\/\/webvasco.com\/artigos\/wp-json\/wp\/v2\/posts"}],"about":[{"href":"https:\/\/webvasco.com\/artigos\/wp-json\/wp\/v2\/types\/post"}],"author":[{"embeddable":true,"href":"https:\/\/webvasco.com\/artigos\/wp-json\/wp\/v2\/users\/7"}],"replies":[{"embeddable":true,"href":"https:\/\/webvasco.com\/artigos\/wp-json\/wp\/v2\/comments?post=9223"}],"version-history":[{"count":2,"href":"https:\/\/webvasco.com\/artigos\/wp-json\/wp\/v2\/posts\/9223\/revisions"}],"predecessor-version":[{"id":9230,"href":"https:\/\/webvasco.com\/artigos\/wp-json\/wp\/v2\/posts\/9223\/revisions\/9230"}],"wp:featuredmedia":[{"embeddable":true,"href":"https:\/\/webvasco.com\/artigos\/wp-json\/wp\/v2\/media\/9224"}],"wp:attachment":[{"href":"https:\/\/webvasco.com\/artigos\/wp-json\/wp\/v2\/media?parent=9223"}],"wp:term":[{"taxonomy":"category","embeddable":true,"href":"https:\/\/webvasco.com\/artigos\/wp-json\/wp\/v2\/categories?post=9223"},{"taxonomy":"post_tag","embeddable":true,"href":"https:\/\/webvasco.com\/artigos\/wp-json\/wp\/v2\/tags?post=9223"}],"curies":[{"name":"wp","href":"https:\/\/api.w.org\/{rel}","templated":true}]}}