{"id":9232,"date":"2022-03-29T08:33:10","date_gmt":"2022-03-29T11:33:10","guid":{"rendered":"http:\/\/webvasco.com\/artigos\/?p=9232"},"modified":"2022-03-29T08:33:11","modified_gmt":"2022-03-29T11:33:11","slug":"elas-o-professor-sabrina-martins","status":"publish","type":"post","link":"https:\/\/webvasco.com\/artigos\/temas\/elas-e-o-professor\/elas-o-professor-sabrina-martins\/","title":{"rendered":"ELAS &#038; O PROFESSOR &#8211; SABRINA MARTINS"},"content":{"rendered":"\n<p>A entrevista de mar\u00e7o de 2022, com Sabrina Martins Santana \u00e9 dedicada \u00e0 uma vasca\u00edna inteligente, charmosa e linda, que atende pelo nome de \u00darsulla Rocha, pois al\u00e9m de ser toda a minha riqueza, tamb\u00e9m \u00e9 a minha maior fonte de inspira\u00e7\u00e3o.<\/p>\n\n\n\n<p>SABRINA MARTINS, estudante do \u00faltimo ano da Faculdade de Comunica\u00e7\u00e3o Social, com habilita\u00e7\u00e3o em Jornalismo, atua como social media, 26 anos, solteira (por\u00e9m namora um rapaz que torce pelo Clube do Gueto, que n\u00e3o merece ser nomeado), do signo de Peixes, nascida em 04 de mar\u00e7o, residente e domiciliada na Trindade, em S\u00e3o Gon\u00e7alo\/RJ, Nas horas de lazer gosta de ler, escutar rock in roll, jogar v\u00eddeo games, e curtir a casa. Mas n\u00e3o dispensa \u00e9 claro um bom churrasco, de prefer\u00eancia com uma partida de futebol do Gigante da Colina (ganhando \u00e9 claro). A quase \u201cFoca\u201d (jarg\u00e3o usado para jovens jornalistas em in\u00edcio de carreira) afirmou ser muito caseira e n\u00e3o gostar de locais cheios, exceto Est\u00e1dios de Futebol. Ela diz tamb\u00e9m n\u00e3o torcer por nenhuma Escola de Samba, mas ser simp\u00e1tica a Unidos da Tijuca, por causa de 1998 ser o ano do Centen\u00e1rio do Vasco da Gama, e a referida agremia\u00e7\u00e3o ter feito uma bela homenagem. Seu prato preferido \u00e9 o hamb\u00farguer. Ah, e a futura jornalista t\u00eam uma tatuagem em alus\u00e3o ao Vasc\u00e3o!<\/p>\n\n\n\n<p>Voc\u00ea acredita na conquista do t\u00edtulo de campe\u00e3o do Campeonato Carioca, vers\u00e3o 2022?<\/p>\n\n\n\n<p>A gente nunca pode dizer que n\u00e3o tem como, n\u00e9? Mas depende se o time vai atuar nulo como foi contra o Botafogo, por exemplo, ou demonstrando vontade, como foi contra o Flamengo, mesmo diante de todas as limita\u00e7\u00f5es que temos.<\/p>\n\n\n\n<p><\/p>\n\n\n\n<p>Se o Vasco da Gama for finalista do Carioc\u00e3o deste ano h\u00e1 prefer\u00eancia de advers\u00e1rio?<\/p>\n\n\n\n<p>Eu n\u00e3o admito que o Vasco perca para o Fluminense. J\u00e1 ganhamos deles com Cris e Jomar na zaga. Se pudesse escolher, seriam eles.<\/p>\n\n\n\n<p><\/p>\n\n\n\n<p>A SAF resolver\u00e1 todos os problemas do Cruzmaltino ou boa parte deles?<\/p>\n\n\n\n<p>Boa parte deles acredito que sim. Infelizmente a minha gera\u00e7\u00e3o s\u00f3 presenciou gest\u00f5es desastrosas, que apequenaram o clube. Na pol\u00edtica ca\u00f3tica que o Vasco viv\u00eancia, acho que essa \u00e9 sim uma medida que pode nos ajudar a voltar aos dias de gl\u00f3ria.<\/p>\n\n\n\n<p><\/p>\n\n\n\n<p>Em quanto tempo o clube ficar\u00e1 forte como outrora com a transforma\u00e7\u00e3o em Clube-Empresa?<\/p>\n\n\n\n<p>Com certeza n\u00e3o vai ser de uma hora para outra. Primeiro deve se estruturar financeiramente, para depois fazer investimentos maiores no mercado futebol\u00edstico. Pelo menos \u00e9 o que eu espero.<\/p>\n\n\n\n<p><\/p>\n\n\n\n<p>A prioridade estrutural tem de ser o futebol ou o clube como um todo?<\/p>\n\n\n\n<p>O clube como um todo. O Vasco nunca foi s\u00f3 futebol. A gente tem muita hist\u00f3ria em esportes como o remo, o basquete e outros. Obviamente a prioridade \u00e9 o futebol, mas ao longo prazo, ap\u00f3s a organiza\u00e7\u00e3o da casa, espero que os outros esportes tamb\u00e9m possam ter aten\u00e7\u00e3o.<\/p>\n\n\n\n<p><\/p>\n\n\n\n<p>O Gigante da Colina est\u00e1 de fato em processo de enriquecimento financeiro com a entrada de capital da Empresa 777 Partners?<\/p>\n\n\n\n<p>Apesar de memes super divertidos, e da zueira com os rivais, a princ\u00edpio, eu vejo como uma forma de organizar e dar in\u00edcio a dias melhores. Prefiro aguardar e quem sabe me surpreender.<\/p>\n\n\n\n<p><\/p>\n\n\n\n<p>Qual \u00eddolo do passado voc\u00ea gostaria de ver na diretoria do Vasc\u00e3o?<\/p>\n\n\n\n<p>Confesso que tenho um pouco de receio quanto a isso. N\u00e3o espero que isso venha a acontecer, mas se tivesse a compet\u00eancia e o preparo necess\u00e1rio, eu gostaria de ver o Edmundo, que particularmente \u00e9 o que mais sou f\u00e3. O Ed sempre foi torcedor como a gente, s\u00f3 que dentro de campo.<\/p>\n\n\n\n<p><\/p>\n\n\n\n<p>Quando o Vasco da Gama vence a partida contra o Flamengo \u00e9 o dia que voc\u00ea n\u00e3o namora, uma vez que seu par torce para o rival?<\/p>\n\n\n\n<p>N\u00e3o geramos conflitos, quando ganhamos dou leves alfinetadas, mas ele n\u00e3o me goza (sorriu), a gente costuma comentar a partida e com certeza a arbitragem.<\/p>\n\n\n\n<p><\/p>\n\n\n\n<p>Voc\u00ea acha que a m\u00eddia esportiva menospreza o Cruzmaltino?<\/p>\n\n\n\n<p>N\u00e3o sei se a palavra \u00e9 menosprezar, mas de fato existe uma m\u00e1 vontade. A m\u00eddia tem os seus preferidos, e o Vasco sempre do lado confrontador da hist\u00f3ria, nunca esteve entre esses, nem em tempos melhores. Acho que algumas atitudes, como a da final de 2000 possivelmente prejudicou ainda mais o relacionamento com a m\u00eddia, por\u00e9m n\u00e3o acredito que tenha sido o surgimento desse atrito.<\/p>\n\n\n\n<p><\/p>\n\n\n\n<p>O que \u00e9 preciso ser feito para que o Vasco volte a ter um bom relacionamento com os jornalistas que cobrem futebol?<\/p>\n\n\n\n<p>Acho que o respeito entre ambas as partes. Ao mesmo tempo que n\u00e3o devem ser proibidos de exercerem a sua profiss\u00e3o dentro do clube, por exemplo, que era algo que ocorria a n\u00e3o muito tempo, tamb\u00e9m \u00e9 preciso que reconhe\u00e7am a import\u00e2ncia do Vasco no cen\u00e1rio nacional, e reconhecer n\u00e3o no sentido de exaltar, mas de trat\u00e1-lo como um gigante. N\u00e3o levantar suposi\u00e7\u00f5es que venham a prejudicar o dia a dia do clube.<\/p>\n\n\n\n<p><\/p>\n\n\n\n<p>H\u00e1 tr\u00eas anos (12\/03\/2019) faleceu Eurico Miranda, que segundo a m\u00eddia era uma figura repudiada entre os jornalistas esportivos. Por que n\u00e3o foi reestabelecido a paz entre o clube e a imprensa?<\/p>\n\n\n\n<p>A imprensa nunca foi nossa f\u00e3, mas possivelmente essa rela\u00e7\u00e3o esteja desgastada por consequ\u00eancias de atitudes anteriores dos dois lados. Talvez essa quest\u00e3o n\u00e3o tenha sido originada somente pelo Eurico, apesar da grande fomenta\u00e7\u00e3o por parte dele.<\/p>\n\n\n\n<p><\/p>\n\n\n\n<p>H\u00e1 algum tempo foi cogitada a possibilidade do ex-governador S\u00e9rgio Cabral presidir o clube de S\u00e3o Janu\u00e1rio. Se isso tivesse ocorrido a situa\u00e7\u00e3o pol\u00edtica, financeira e administrativa estaria ainda pior?<\/p>\n\n\n\n<p>\u00c9 at\u00e9 dif\u00edcil ver a situa\u00e7\u00e3o do Vasco de uma forma ainda pior, mas acho que sim.<\/p>\n\n\n\n<p><\/p>\n\n\n\n<p>FOTOGRAFIAS FORNECIDAS PELO ARQUIVO PESSOAL DA ENTREVISTADA.<\/p>\n\n\n\n<figure class=\"wp-block-gallery columns-3 is-cropped wp-block-gallery-1 is-layout-flex wp-block-gallery-is-layout-flex\"><ul class=\"blocks-gallery-grid\"><li class=\"blocks-gallery-item\"><figure><img loading=\"lazy\" decoding=\"async\" width=\"553\" height=\"720\" src=\"https:\/\/webvasco.com\/artigos\/wp-content\/uploads\/2022\/03\/sab-6-1.jpg\" alt=\"\" data-id=\"9235\" data-full-url=\"https:\/\/webvasco.com\/artigos\/wp-content\/uploads\/2022\/03\/sab-6-1.jpg\" data-link=\"https:\/\/webvasco.com\/artigos\/?attachment_id=9235\" class=\"wp-image-9235\" srcset=\"https:\/\/webvasco.com\/artigos\/wp-content\/uploads\/2022\/03\/sab-6-1.jpg 553w, https:\/\/webvasco.com\/artigos\/wp-content\/uploads\/2022\/03\/sab-6-1-230x300.jpg 230w, https:\/\/webvasco.com\/artigos\/wp-content\/uploads\/2022\/03\/sab-6-1-115x150.jpg 115w\" sizes=\"auto, (max-width: 553px) 100vw, 553px\" \/><\/figure><\/li><li class=\"blocks-gallery-item\"><figure><img loading=\"lazy\" decoding=\"async\" width=\"720\" height=\"720\" src=\"https:\/\/webvasco.com\/artigos\/wp-content\/uploads\/2022\/03\/sab-5-1.jpg\" alt=\"\" data-id=\"9236\" data-full-url=\"https:\/\/webvasco.com\/artigos\/wp-content\/uploads\/2022\/03\/sab-5-1.jpg\" data-link=\"https:\/\/webvasco.com\/artigos\/?attachment_id=9236\" class=\"wp-image-9236\" srcset=\"https:\/\/webvasco.com\/artigos\/wp-content\/uploads\/2022\/03\/sab-5-1.jpg 720w, https:\/\/webvasco.com\/artigos\/wp-content\/uploads\/2022\/03\/sab-5-1-300x300.jpg 300w, https:\/\/webvasco.com\/artigos\/wp-content\/uploads\/2022\/03\/sab-5-1-150x150.jpg 150w\" sizes=\"auto, (max-width: 720px) 100vw, 720px\" \/><\/figure><\/li><li class=\"blocks-gallery-item\"><figure><img loading=\"lazy\" decoding=\"async\" width=\"473\" height=\"1024\" src=\"https:\/\/webvasco.com\/artigos\/wp-content\/uploads\/2022\/03\/sab-3-473x1024.jpg\" alt=\"\" data-id=\"9237\" data-full-url=\"https:\/\/webvasco.com\/artigos\/wp-content\/uploads\/2022\/03\/sab-3.jpg\" data-link=\"https:\/\/webvasco.com\/artigos\/?attachment_id=9237\" class=\"wp-image-9237\" srcset=\"https:\/\/webvasco.com\/artigos\/wp-content\/uploads\/2022\/03\/sab-3-473x1024.jpg 473w, https:\/\/webvasco.com\/artigos\/wp-content\/uploads\/2022\/03\/sab-3-138x300.jpg 138w, https:\/\/webvasco.com\/artigos\/wp-content\/uploads\/2022\/03\/sab-3-69x150.jpg 69w, https:\/\/webvasco.com\/artigos\/wp-content\/uploads\/2022\/03\/sab-3-709x1536.jpg 709w, https:\/\/webvasco.com\/artigos\/wp-content\/uploads\/2022\/03\/sab-3.jpg 720w\" sizes=\"auto, (max-width: 473px) 100vw, 473px\" \/><\/figure><\/li><li class=\"blocks-gallery-item\"><figure><img loading=\"lazy\" decoding=\"async\" width=\"640\" height=\"640\" src=\"https:\/\/webvasco.com\/artigos\/wp-content\/uploads\/2022\/03\/sab-2.jpg\" alt=\"\" data-id=\"9238\" data-full-url=\"https:\/\/webvasco.com\/artigos\/wp-content\/uploads\/2022\/03\/sab-2.jpg\" data-link=\"https:\/\/webvasco.com\/artigos\/?attachment_id=9238\" class=\"wp-image-9238\" srcset=\"https:\/\/webvasco.com\/artigos\/wp-content\/uploads\/2022\/03\/sab-2.jpg 640w, https:\/\/webvasco.com\/artigos\/wp-content\/uploads\/2022\/03\/sab-2-300x300.jpg 300w, https:\/\/webvasco.com\/artigos\/wp-content\/uploads\/2022\/03\/sab-2-150x150.jpg 150w\" sizes=\"auto, (max-width: 640px) 100vw, 640px\" \/><\/figure><\/li><li class=\"blocks-gallery-item\"><figure><img loading=\"lazy\" decoding=\"async\" width=\"1024\" height=\"768\" src=\"https:\/\/webvasco.com\/artigos\/wp-content\/uploads\/2022\/03\/sab-1-1024x768.jpg\" alt=\"\" data-id=\"9239\" data-full-url=\"https:\/\/webvasco.com\/artigos\/wp-content\/uploads\/2022\/03\/sab-1-scaled.jpg\" data-link=\"https:\/\/webvasco.com\/artigos\/?attachment_id=9239\" class=\"wp-image-9239\" srcset=\"https:\/\/webvasco.com\/artigos\/wp-content\/uploads\/2022\/03\/sab-1-1024x768.jpg 1024w, https:\/\/webvasco.com\/artigos\/wp-content\/uploads\/2022\/03\/sab-1-300x225.jpg 300w, https:\/\/webvasco.com\/artigos\/wp-content\/uploads\/2022\/03\/sab-1-150x113.jpg 150w, https:\/\/webvasco.com\/artigos\/wp-content\/uploads\/2022\/03\/sab-1-768x576.jpg 768w, https:\/\/webvasco.com\/artigos\/wp-content\/uploads\/2022\/03\/sab-1-1536x1152.jpg 1536w, https:\/\/webvasco.com\/artigos\/wp-content\/uploads\/2022\/03\/sab-1-2048x1536.jpg 2048w\" sizes=\"auto, (max-width: 1024px) 100vw, 1024px\" \/><\/figure><\/li><li class=\"blocks-gallery-item\"><figure><img loading=\"lazy\" decoding=\"async\" width=\"352\" height=\"529\" src=\"https:\/\/webvasco.com\/artigos\/wp-content\/uploads\/2022\/03\/sab-7.jpg\" alt=\"\" data-id=\"9240\" data-full-url=\"https:\/\/webvasco.com\/artigos\/wp-content\/uploads\/2022\/03\/sab-7.jpg\" data-link=\"https:\/\/webvasco.com\/artigos\/?attachment_id=9240\" class=\"wp-image-9240\" srcset=\"https:\/\/webvasco.com\/artigos\/wp-content\/uploads\/2022\/03\/sab-7.jpg 352w, https:\/\/webvasco.com\/artigos\/wp-content\/uploads\/2022\/03\/sab-7-200x300.jpg 200w, https:\/\/webvasco.com\/artigos\/wp-content\/uploads\/2022\/03\/sab-7-100x150.jpg 100w\" sizes=\"auto, (max-width: 352px) 100vw, 352px\" \/><\/figure><\/li><\/ul><\/figure>\n\n\n\n<p><\/p>\n","protected":false},"excerpt":{"rendered":"<p>A entrevista de mar\u00e7o de 2022, com Sabrina Martins Santana \u00e9 dedicada \u00e0 uma vasca\u00edna&#8230;<\/p>\n","protected":false},"author":7,"featured_media":9234,"comment_status":"open","ping_status":"closed","sticky":false,"template":"","format":"standard","meta":{"footnotes":""},"categories":[27],"tags":[],"class_list":["post-9232","post","type-post","status-publish","format-standard","has-post-thumbnail","hentry","category-elas-e-o-professor"],"_links":{"self":[{"href":"https:\/\/webvasco.com\/artigos\/wp-json\/wp\/v2\/posts\/9232","targetHints":{"allow":["GET"]}}],"collection":[{"href":"https:\/\/webvasco.com\/artigos\/wp-json\/wp\/v2\/posts"}],"about":[{"href":"https:\/\/webvasco.com\/artigos\/wp-json\/wp\/v2\/types\/post"}],"author":[{"embeddable":true,"href":"https:\/\/webvasco.com\/artigos\/wp-json\/wp\/v2\/users\/7"}],"replies":[{"embeddable":true,"href":"https:\/\/webvasco.com\/artigos\/wp-json\/wp\/v2\/comments?post=9232"}],"version-history":[{"count":1,"href":"https:\/\/webvasco.com\/artigos\/wp-json\/wp\/v2\/posts\/9232\/revisions"}],"predecessor-version":[{"id":9241,"href":"https:\/\/webvasco.com\/artigos\/wp-json\/wp\/v2\/posts\/9232\/revisions\/9241"}],"wp:featuredmedia":[{"embeddable":true,"href":"https:\/\/webvasco.com\/artigos\/wp-json\/wp\/v2\/media\/9234"}],"wp:attachment":[{"href":"https:\/\/webvasco.com\/artigos\/wp-json\/wp\/v2\/media?parent=9232"}],"wp:term":[{"taxonomy":"category","embeddable":true,"href":"https:\/\/webvasco.com\/artigos\/wp-json\/wp\/v2\/categories?post=9232"},{"taxonomy":"post_tag","embeddable":true,"href":"https:\/\/webvasco.com\/artigos\/wp-json\/wp\/v2\/tags?post=9232"}],"curies":[{"name":"wp","href":"https:\/\/api.w.org\/{rel}","templated":true}]}}