{"id":9244,"date":"2022-04-28T17:42:34","date_gmt":"2022-04-28T20:42:34","guid":{"rendered":"https:\/\/webvasco.com\/artigos\/?p=9244"},"modified":"2022-04-28T17:44:12","modified_gmt":"2022-04-28T20:44:12","slug":"elas-o-professor-rani-negrao","status":"publish","type":"post","link":"https:\/\/webvasco.com\/artigos\/temas\/elas-e-o-professor\/elas-o-professor-rani-negrao\/","title":{"rendered":"ELAS &#038; O PROFESSOR &#8211; RANI NEGR\u00c3O"},"content":{"rendered":"\n<p>A entrevista de abril de 2022, com Rani Negr\u00e3o \u00e9 dedicada \u00e0 mais bela, charmosa, inteligente e fofa vasca\u00edna \u00darsulla Rocha, que \u00e9 a raz\u00e3o do meu viver.<\/p>\n\n\n\n<p><strong>RANI NEGR\u00c3O, solteira, sem filhos, 21 anos, <\/strong>estudante de Hist\u00f3ria, afirma n\u00e3o ter Escola de Samba do cora\u00e7\u00e3o, mas garante simpatizar muito com a Portela. Do signo de Aries. A jovem moradora do bairro do Boa\u00e7u\/SG comentou que quanto ao prato predileto ela fica com as massas em geral e completa com qualquer tipo de doce. Desenhar, ler e ver s\u00e9ries fazem parte da rotina dos&nbsp; hobbies.<\/p>\n\n\n\n<p><strong>\u00c9 justa a homenagem feita (Est\u00e1tua) ao Roberto Dinamite no Est\u00e1dio de S\u00e3o Janu\u00e1rio?<\/strong><\/p>\n\n\n\n<p>Acredito que sim, pois como muitos outros, \u00e9 um grande \u00eddolo do Vasco.<\/p>\n\n\n\n<p><strong>O Campeonato Brasileiro 2022 da S\u00e9rie B j\u00e1 come\u00e7ou. Na terceira rodada o Vasco da Gama ainda n\u00e3o venceu. Voc\u00ea teme que o time continue nesta Divis\u00e3o em 2023?<\/strong><\/p>\n\n\n\n<p>Sim, creio que seja o medo geral da torcida nesse momento.<\/p>\n\n\n\n<p><strong>Dos 9 pontos disputados at\u00e9 agora, o Cruzmaltino conquistou apenas 3, gerando somente 33% de aproveitamento no in\u00edcio da competi\u00e7\u00e3o. L\u00e1 na frente far\u00e1 falta na tabela?<\/strong><\/p>\n\n\n\n<p>Infelizmente sim. N\u00e3o garantir esses pontos agora no in\u00edcio vai demandar maior esfor\u00e7o nos pr\u00f3ximos jogos.<\/p>\n\n\n\n<p><strong>A exemplo do time das Laranjocas, o Vasco pode frequentar a Terceirona ou \u00e9 exagero?<\/strong><\/p>\n\n\n\n<p>Creio que seja exagero. N\u00e3o subir \u00e9 uma possibilidade mas pelo menos ficaremos na s\u00e9rie B.<\/p>\n\n\n\n<p><strong>Literalmente no meio da Tabela da Competi\u00e7\u00e3o, o \u201cGigante\u201d da Colina amarga a 10\u00aa posi\u00e7\u00e3o, tem a sua frente times de menor express\u00e3o no cen\u00e1rio desportivo. \u00c9 humilhar o torcedor?<\/strong><\/p>\n\n\n\n<p>Sei que n\u00e3o \u00e9 de prop\u00f3sito, mas na maioria das vezes \u00e9 uma luta ser torcedor do Vasco.<\/p>\n\n\n\n<p><strong>A SAF realmente vai dar um vira-volta&nbsp; na condi\u00e7\u00e3o financeira do clube?<\/strong><\/p>\n\n\n\n<p>\u00c9 a nossa esperan\u00e7a. De qualquer forma um investimento \u00e9 sempre bom, principalmente a longo prazo.<\/p>\n\n\n\n<p><strong>Vila Nova (1 a 1), CRB (1 a 1) e Chapecoense (0 a 0), foram pontos realmente perdidos, uma vez que, juntando as tr\u00eas equipes n\u00e3o t\u00eam a hist\u00f3ria futebol\u00edstica que o Vasc\u00e3o possui?<\/strong><\/p>\n\n\n\n<p>Foram pontos realmente perdidos e, levando em conta a Hist\u00f3ria de cada um, se torna ainda mais sofrido.<\/p>\n\n\n\n<p><strong>Na pr\u00f3xima rodada os peladeiros de Z\u00e9 Ricardo enfrentar\u00e3o a Ponte Preta. Podemos esperar um Vasco diferente do que apresentou at\u00e9 agora, ou ser\u00e1 engolido pela Macaca?<\/strong><\/p>\n\n\n\n<p>Estarei torcendo para que o Vasco saia vitorioso e d\u00ea uma banana para essa macaca.<\/p>\n\n\n\n<p><strong>Diante dos \u00faltimos 22 anos de vexames o Vasco da Gama est\u00e1 trocando a linda hist\u00f3ria por uma p\u00edfia est\u00f3ria?<\/strong><\/p>\n\n\n\n<p>A relev\u00e2ncia hist\u00f3rica do Vasco nunca se apagar\u00e1, temos agora de construir grandes momentos cada vez mais.<\/p>\n\n\n\n<p><strong>Fala-se na poss\u00edvel vinda de Thiago Neves, voc\u00ea acha que esse \u201cvov\u00f4\u201d problem\u00e1tico de 37 anos pode ajudar a equipe?<\/strong><\/p>\n\n\n\n<p>\u00c9 um jogador com uma carreira not\u00e1vel, a idade um pouco avan\u00e7ada que talvez possa trazer algum problema. Creio que somente contratando veremos se acrescentar\u00e1 a equipe.<\/p>\n\n\n\n<p><strong>Thiago Neves seria melhor aproveitado como atacante ou na posi\u00e7\u00e3o de origem (meia)?<\/strong><\/p>\n\n\n\n<p>Melhor na sua posi\u00e7\u00e3o de origem, onde j\u00e1 est\u00e1 acostumado e onde se sente melhor.<\/p>\n\n\n\n<p><strong>Repatriar o algum \u00eddolo \u00e9 um conforto para a t\u00e3o sofrida torcida vasca\u00edna?<\/strong><\/p>\n\n\n\n<p>Mantendo seu bom desempenho daria um al\u00edvio a todos n\u00f3s.<\/p>\n\n\n\n<p><strong><u>FOTOGRAFIAS &nbsp;FORNECIDAS PELO ARQUIVO PESSOAL DA ENTREVISTADA.<\/u><\/strong><\/p>\n\n\n\n<figure class=\"wp-block-gallery columns-3 is-cropped wp-block-gallery-1 is-layout-flex wp-block-gallery-is-layout-flex\"><ul class=\"blocks-gallery-grid\"><li class=\"blocks-gallery-item\"><figure><a href=\"https:\/\/webvasco.com\/artigos\/wp-content\/uploads\/2022\/04\/IMG_20220427_173516-scaled.jpg\"><img loading=\"lazy\" decoding=\"async\" width=\"576\" height=\"1024\" src=\"https:\/\/webvasco.com\/artigos\/wp-content\/uploads\/2022\/04\/IMG_20220427_173516-576x1024.jpg\" alt=\"\" data-id=\"9245\" data-full-url=\"https:\/\/webvasco.com\/artigos\/wp-content\/uploads\/2022\/04\/IMG_20220427_173516-scaled.jpg\" data-link=\"https:\/\/webvasco.com\/artigos\/?attachment_id=9245\" class=\"wp-image-9245\" srcset=\"https:\/\/webvasco.com\/artigos\/wp-content\/uploads\/2022\/04\/IMG_20220427_173516-576x1024.jpg 576w, https:\/\/webvasco.com\/artigos\/wp-content\/uploads\/2022\/04\/IMG_20220427_173516-169x300.jpg 169w, https:\/\/webvasco.com\/artigos\/wp-content\/uploads\/2022\/04\/IMG_20220427_173516-84x150.jpg 84w, https:\/\/webvasco.com\/artigos\/wp-content\/uploads\/2022\/04\/IMG_20220427_173516-768x1365.jpg 768w, https:\/\/webvasco.com\/artigos\/wp-content\/uploads\/2022\/04\/IMG_20220427_173516-864x1536.jpg 864w, https:\/\/webvasco.com\/artigos\/wp-content\/uploads\/2022\/04\/IMG_20220427_173516-1152x2048.jpg 1152w, https:\/\/webvasco.com\/artigos\/wp-content\/uploads\/2022\/04\/IMG_20220427_173516-1024x1820.jpg 1024w, https:\/\/webvasco.com\/artigos\/wp-content\/uploads\/2022\/04\/IMG_20220427_173516-scaled.jpg 1441w\" sizes=\"auto, (max-width: 576px) 100vw, 576px\" \/><\/a><\/figure><\/li><li class=\"blocks-gallery-item\"><figure><a href=\"https:\/\/webvasco.com\/artigos\/wp-content\/uploads\/2022\/04\/IMG_20220427_173409-scaled.jpg\"><img loading=\"lazy\" decoding=\"async\" width=\"576\" height=\"1024\" src=\"https:\/\/webvasco.com\/artigos\/wp-content\/uploads\/2022\/04\/IMG_20220427_173409-576x1024.jpg\" alt=\"\" data-id=\"9246\" data-full-url=\"https:\/\/webvasco.com\/artigos\/wp-content\/uploads\/2022\/04\/IMG_20220427_173409-scaled.jpg\" data-link=\"https:\/\/webvasco.com\/artigos\/?attachment_id=9246\" class=\"wp-image-9246\" srcset=\"https:\/\/webvasco.com\/artigos\/wp-content\/uploads\/2022\/04\/IMG_20220427_173409-576x1024.jpg 576w, https:\/\/webvasco.com\/artigos\/wp-content\/uploads\/2022\/04\/IMG_20220427_173409-169x300.jpg 169w, https:\/\/webvasco.com\/artigos\/wp-content\/uploads\/2022\/04\/IMG_20220427_173409-84x150.jpg 84w, https:\/\/webvasco.com\/artigos\/wp-content\/uploads\/2022\/04\/IMG_20220427_173409-768x1365.jpg 768w, https:\/\/webvasco.com\/artigos\/wp-content\/uploads\/2022\/04\/IMG_20220427_173409-864x1536.jpg 864w, https:\/\/webvasco.com\/artigos\/wp-content\/uploads\/2022\/04\/IMG_20220427_173409-1152x2048.jpg 1152w, https:\/\/webvasco.com\/artigos\/wp-content\/uploads\/2022\/04\/IMG_20220427_173409-1024x1820.jpg 1024w, https:\/\/webvasco.com\/artigos\/wp-content\/uploads\/2022\/04\/IMG_20220427_173409-scaled.jpg 1441w\" sizes=\"auto, (max-width: 576px) 100vw, 576px\" \/><\/a><\/figure><\/li><li class=\"blocks-gallery-item\"><figure><a href=\"https:\/\/webvasco.com\/artigos\/wp-content\/uploads\/2022\/04\/IMG_20220427_173317-scaled.jpg\"><img loading=\"lazy\" decoding=\"async\" width=\"576\" height=\"1024\" src=\"https:\/\/webvasco.com\/artigos\/wp-content\/uploads\/2022\/04\/IMG_20220427_173317-576x1024.jpg\" alt=\"\" data-id=\"9247\" data-full-url=\"https:\/\/webvasco.com\/artigos\/wp-content\/uploads\/2022\/04\/IMG_20220427_173317-scaled.jpg\" data-link=\"https:\/\/webvasco.com\/artigos\/?attachment_id=9247\" class=\"wp-image-9247\" srcset=\"https:\/\/webvasco.com\/artigos\/wp-content\/uploads\/2022\/04\/IMG_20220427_173317-576x1024.jpg 576w, https:\/\/webvasco.com\/artigos\/wp-content\/uploads\/2022\/04\/IMG_20220427_173317-169x300.jpg 169w, https:\/\/webvasco.com\/artigos\/wp-content\/uploads\/2022\/04\/IMG_20220427_173317-84x150.jpg 84w, https:\/\/webvasco.com\/artigos\/wp-content\/uploads\/2022\/04\/IMG_20220427_173317-768x1365.jpg 768w, https:\/\/webvasco.com\/artigos\/wp-content\/uploads\/2022\/04\/IMG_20220427_173317-864x1536.jpg 864w, https:\/\/webvasco.com\/artigos\/wp-content\/uploads\/2022\/04\/IMG_20220427_173317-1152x2048.jpg 1152w, https:\/\/webvasco.com\/artigos\/wp-content\/uploads\/2022\/04\/IMG_20220427_173317-1024x1820.jpg 1024w, https:\/\/webvasco.com\/artigos\/wp-content\/uploads\/2022\/04\/IMG_20220427_173317-scaled.jpg 1441w\" sizes=\"auto, (max-width: 576px) 100vw, 576px\" \/><\/a><\/figure><\/li><li class=\"blocks-gallery-item\"><figure><a href=\"https:\/\/webvasco.com\/artigos\/wp-content\/uploads\/2022\/04\/IMG_20220427_173155-scaled.jpg\"><img loading=\"lazy\" decoding=\"async\" width=\"576\" height=\"1024\" src=\"https:\/\/webvasco.com\/artigos\/wp-content\/uploads\/2022\/04\/IMG_20220427_173155-576x1024.jpg\" alt=\"\" data-id=\"9248\" data-full-url=\"https:\/\/webvasco.com\/artigos\/wp-content\/uploads\/2022\/04\/IMG_20220427_173155-scaled.jpg\" data-link=\"https:\/\/webvasco.com\/artigos\/?attachment_id=9248\" class=\"wp-image-9248\" srcset=\"https:\/\/webvasco.com\/artigos\/wp-content\/uploads\/2022\/04\/IMG_20220427_173155-576x1024.jpg 576w, https:\/\/webvasco.com\/artigos\/wp-content\/uploads\/2022\/04\/IMG_20220427_173155-169x300.jpg 169w, https:\/\/webvasco.com\/artigos\/wp-content\/uploads\/2022\/04\/IMG_20220427_173155-84x150.jpg 84w, https:\/\/webvasco.com\/artigos\/wp-content\/uploads\/2022\/04\/IMG_20220427_173155-768x1365.jpg 768w, https:\/\/webvasco.com\/artigos\/wp-content\/uploads\/2022\/04\/IMG_20220427_173155-864x1536.jpg 864w, https:\/\/webvasco.com\/artigos\/wp-content\/uploads\/2022\/04\/IMG_20220427_173155-1152x2048.jpg 1152w, https:\/\/webvasco.com\/artigos\/wp-content\/uploads\/2022\/04\/IMG_20220427_173155-1024x1820.jpg 1024w, https:\/\/webvasco.com\/artigos\/wp-content\/uploads\/2022\/04\/IMG_20220427_173155-scaled.jpg 1441w\" sizes=\"auto, (max-width: 576px) 100vw, 576px\" \/><\/a><\/figure><\/li><li class=\"blocks-gallery-item\"><figure><a href=\"https:\/\/webvasco.com\/artigos\/wp-content\/uploads\/2022\/04\/IMG_20220427_173043-scaled.jpg\"><img loading=\"lazy\" decoding=\"async\" width=\"576\" height=\"1024\" src=\"https:\/\/webvasco.com\/artigos\/wp-content\/uploads\/2022\/04\/IMG_20220427_173043-576x1024.jpg\" alt=\"\" data-id=\"9249\" data-full-url=\"https:\/\/webvasco.com\/artigos\/wp-content\/uploads\/2022\/04\/IMG_20220427_173043-scaled.jpg\" data-link=\"https:\/\/webvasco.com\/artigos\/?attachment_id=9249\" class=\"wp-image-9249\" srcset=\"https:\/\/webvasco.com\/artigos\/wp-content\/uploads\/2022\/04\/IMG_20220427_173043-576x1024.jpg 576w, https:\/\/webvasco.com\/artigos\/wp-content\/uploads\/2022\/04\/IMG_20220427_173043-169x300.jpg 169w, https:\/\/webvasco.com\/artigos\/wp-content\/uploads\/2022\/04\/IMG_20220427_173043-84x150.jpg 84w, https:\/\/webvasco.com\/artigos\/wp-content\/uploads\/2022\/04\/IMG_20220427_173043-768x1365.jpg 768w, https:\/\/webvasco.com\/artigos\/wp-content\/uploads\/2022\/04\/IMG_20220427_173043-864x1536.jpg 864w, https:\/\/webvasco.com\/artigos\/wp-content\/uploads\/2022\/04\/IMG_20220427_173043-1152x2048.jpg 1152w, https:\/\/webvasco.com\/artigos\/wp-content\/uploads\/2022\/04\/IMG_20220427_173043-1024x1820.jpg 1024w, https:\/\/webvasco.com\/artigos\/wp-content\/uploads\/2022\/04\/IMG_20220427_173043-scaled.jpg 1441w\" sizes=\"auto, (max-width: 576px) 100vw, 576px\" \/><\/a><\/figure><\/li><\/ul><\/figure>\n","protected":false},"excerpt":{"rendered":"<p>A entrevista de abril de 2022, com Rani Negr\u00e3o \u00e9 dedicada \u00e0 mais bela, charmosa,&#8230;<\/p>\n","protected":false},"author":7,"featured_media":9248,"comment_status":"open","ping_status":"closed","sticky":false,"template":"","format":"standard","meta":{"footnotes":""},"categories":[27],"tags":[],"class_list":["post-9244","post","type-post","status-publish","format-standard","has-post-thumbnail","hentry","category-elas-e-o-professor"],"_links":{"self":[{"href":"https:\/\/webvasco.com\/artigos\/wp-json\/wp\/v2\/posts\/9244","targetHints":{"allow":["GET"]}}],"collection":[{"href":"https:\/\/webvasco.com\/artigos\/wp-json\/wp\/v2\/posts"}],"about":[{"href":"https:\/\/webvasco.com\/artigos\/wp-json\/wp\/v2\/types\/post"}],"author":[{"embeddable":true,"href":"https:\/\/webvasco.com\/artigos\/wp-json\/wp\/v2\/users\/7"}],"replies":[{"embeddable":true,"href":"https:\/\/webvasco.com\/artigos\/wp-json\/wp\/v2\/comments?post=9244"}],"version-history":[{"count":2,"href":"https:\/\/webvasco.com\/artigos\/wp-json\/wp\/v2\/posts\/9244\/revisions"}],"predecessor-version":[{"id":9251,"href":"https:\/\/webvasco.com\/artigos\/wp-json\/wp\/v2\/posts\/9244\/revisions\/9251"}],"wp:featuredmedia":[{"embeddable":true,"href":"https:\/\/webvasco.com\/artigos\/wp-json\/wp\/v2\/media\/9248"}],"wp:attachment":[{"href":"https:\/\/webvasco.com\/artigos\/wp-json\/wp\/v2\/media?parent=9244"}],"wp:term":[{"taxonomy":"category","embeddable":true,"href":"https:\/\/webvasco.com\/artigos\/wp-json\/wp\/v2\/categories?post=9244"},{"taxonomy":"post_tag","embeddable":true,"href":"https:\/\/webvasco.com\/artigos\/wp-json\/wp\/v2\/tags?post=9244"}],"curies":[{"name":"wp","href":"https:\/\/api.w.org\/{rel}","templated":true}]}}