{"id":9252,"date":"2022-05-28T09:07:39","date_gmt":"2022-05-28T12:07:39","guid":{"rendered":"https:\/\/webvasco.com\/artigos\/?p=9252"},"modified":"2022-05-28T09:07:40","modified_gmt":"2022-05-28T12:07:40","slug":"elas-o-professor-myllena-campeche","status":"publish","type":"post","link":"https:\/\/webvasco.com\/artigos\/temas\/elas-e-o-professor\/elas-o-professor-myllena-campeche\/","title":{"rendered":"ELAS &#038; O PROFESSOR &#8211; MYLLENA CAMPECHE"},"content":{"rendered":"\n<p><\/p>\n\n\n\n<p>ELAS &amp; O PROFESSOR<\/p>\n\n\n\n<p>POR LUIZ CARLOS ROCHA<\/p>\n\n\n\n<p>A entrevista de maio de 2022, com Myllena Campeche \u00e9 dedicada \u00e0 vasca\u00edna \u00darsulla Rocha, que \u00e9 a raz\u00e3o do meu viver. Toda a minha fonte de inspira\u00e7\u00e3o. <\/p>\n\n\n\n<p>MYLLENA CAMPECHE, solteira, sem filhos, 25 anos, professora de Educa\u00e7\u00e3o F\u00edsica, do signo de sagit\u00e1rio, sua Escola de Samba do cora\u00e7\u00e3o \u00e9 a Imperatriz Leopoldinense. Moradora de Itamaraju, na Bahia, a jovem profissional do esporte comentou que nas horas vagas adora ficar com a fam\u00edlia e os amigos. Claro que uma boa, velha e de prefer\u00eancia gelada cervejinha n\u00e3o \u00e9 dispensada por Myllena.<\/p>\n\n\n\n<pre class=\"wp-block-code\"><code>Enfim o Vasco chegou ao G4 do Campeonato Brasileiro da S\u00e9rie B, mas isso \u00e9 suficiente para a torcida sonhar com o retorno para a Primeira Divis\u00e3o em 2023?<\/code><\/pre>\n\n\n\n<p>N\u00e3o, ainda falta muito para podermos sonhar com o acesso. L\u00f3gico que como torcedores temos a esperan\u00e7a e sonhamos com isso, mas ainda vemos um time muito limitado e que tem muito o que melhorar. Parte dos resultados positivos podem colocar na conta da torcida.<\/p>\n\n\n\n<pre class=\"wp-block-code\"><code>At\u00e9 que ponto a 777 Partners ajudar\u00e1 o Cruzmaltino na reconstru\u00e7\u00e3o futebol\u00edstica?<\/code><\/pre>\n\n\n\n<p>Acredito que a 777 pode ajudar a tornar o Vasco um Clube mais estruturado, com um time competitivo.<\/p>\n\n\n\n<pre class=\"wp-block-code\"><code>No pr\u00f3ximo ano o Vasco da Gama poder\u00e1 \u201cbrigar\u201d em p\u00e9 de igualdade por t\u00edtulos com Palmeiras, Atl\u00e9tico Mineiro e Flamengo?<\/code><\/pre>\n\n\n\n<p>N\u00e3o, com a 777 chegando j\u00e1 est\u00e1 claro que ser\u00e1 uma reconstru\u00e7\u00e3o a longo prazo, acredito que s\u00f3 vai poder pensar em brigar daqui alguns anos.<\/p>\n\n\n\n<pre class=\"wp-block-code\"><code>Voc\u00ea t\u00eam medo da parceria Americana n\u00e3o dar certo, uma vez, que a uni\u00e3o com o Bank of Am\u00e9rica, selada pelo Eurico Miranda \u201cmelou\u201d antes do previsto?<\/code><\/pre>\n\n\n\n<p>Tenho um certo receio, mas medo n\u00e3o. Acredito que as coisas dar\u00e3o certo dessa vez.<\/p>\n\n\n\n<pre class=\"wp-block-code\"><code>Por que as coisas chegaram a esse ponto (o clube ficar t\u00e3o desacreditado)?<\/code><\/pre>\n\n\n\n<p>Por conta das gest\u00f5es anteriores, foram anos de administra\u00e7\u00f5es ruins, com pessoas que s\u00f3 pensavam em interesses pr\u00f3prios ao inv\u00e9s do Vasco.<\/p>\n\n\n\n<pre class=\"wp-block-code\"><code>Eurico Miranda foi anjo ou diabo para o Gigante da Colina?<\/code><\/pre>\n\n\n\n<p>Foi mais prejudicial do que favor\u00e1vel, teve seus momentos importantes, mas \u00e9 respons\u00e1vel por grande parte do que passamos hoje.<\/p>\n\n\n\n<pre class=\"wp-block-code\"><code>Por que algumas pessoas ainda idolatram Eurico Miranda como um Deus, perpetuando a for\u00e7a pol\u00edtica de seus herdeiros?<\/code><\/pre>\n\n\n\n<p>Por conta do saudosismo que essas pessoas t\u00eam, reverenciando-o pela \u00e9poca em que era vice-presidente e fechando os olhos para tudo que ele fez de ruim\/errado depois que assumiu a presid\u00eancia da institui\u00e7\u00e3o.<\/p>\n\n\n\n<pre class=\"wp-block-code\"><code>As finan\u00e7as em dia ser\u00e3o suficientes para a reestrutura da marca Vasco da Gama ou \u00e9 preciso tamb\u00e9m um processo forte de marketing?<\/code><\/pre>\n\n\n\n<p>N\u00e3o ser\u00e3o suficientes, o marketing \u00e9 essencial. Temos uma torcida que engaja muito, precisa \u201clinkar\u201d as coisas, buscando sempre fazer campanhas, valorizando a rica hist\u00f3ria do Vasco, fazendo a\u00e7\u00f5es com os \u00eddolos.<\/p>\n\n\n\n<pre class=\"wp-block-code\"><code>Fortalecer as categorias de base ajudar\u00e1 no engrandecimento?<\/code><\/pre>\n\n\n\n<p>A base do Vasco por anos foi considerada uma das melhores do pa\u00eds. Mas \u00e9 necess\u00e1rio ter o fortalecimento da mesma, pois dela saem craques como Coutinho, Douglas Luiz, Allan, Paulinho, Souza e tantos outros.<\/p>\n\n\n\n<pre class=\"wp-block-code\"><code>Valorizar ex-atletas com cargos no clube ajuda ou atrapalha?<\/code><\/pre>\n\n\n\n<p>Atrapalha, ex-jogadores devem ser homenageados, participarem de campanhas da institui\u00e7\u00e3o, mas sem cargos, um exemplo disso foi o nosso maior \u00eddolo Roberto Dinamite que assumiu a presid\u00eancia e fez uma m\u00e1 gest\u00e3o.<\/p>\n\n\n\n<pre class=\"wp-block-code\"><code>A disposi\u00e7\u00e3o f\u00edsica do plantel est\u00e1 em um patamar satisfat\u00f3rio?<\/code><\/pre>\n\n\n\n<p>N\u00e3o, o Vasco ainda precisa melhorar muito em quest\u00e3o da disposi\u00e7\u00e3o f\u00edsica, o time t\u00eam apresentado muito desgaste e muitas vezes isso atrapalha o desempenho.<\/p>\n\n\n\n<pre class=\"wp-block-code\"><code>Disputar a S\u00e9rie B \u00e9 mais dif\u00edcil do que a S\u00e9rie A?<\/code><\/pre>\n\n\n\n<p>Acredito que seja sim, pois na S\u00e9rie B todos est\u00e3o em busca de um \u00fanico objetivo que \u00e9 o acesso e por isso os jogos s\u00e3o mais truncados e disputados.<\/p>\n\n\n\n<p>FOTOGRAFIAS FORNECIDAS PELO ARQUIVO PESSOAL DA ENTREVISTADA.<\/p>\n\n\n\n<figure class=\"wp-block-gallery columns-3 is-cropped wp-block-gallery-1 is-layout-flex wp-block-gallery-is-layout-flex\"><ul class=\"blocks-gallery-grid\"><li class=\"blocks-gallery-item\"><figure><a href=\"https:\/\/webvasco.com\/artigos\/wp-content\/uploads\/2022\/05\/mc-1.jpeg\"><img loading=\"lazy\" decoding=\"async\" width=\"719\" height=\"700\" src=\"https:\/\/webvasco.com\/artigos\/wp-content\/uploads\/2022\/05\/mc-1.jpeg\" alt=\"\" data-id=\"9253\" data-full-url=\"https:\/\/webvasco.com\/artigos\/wp-content\/uploads\/2022\/05\/mc-1.jpeg\" data-link=\"https:\/\/webvasco.com\/artigos\/?attachment_id=9253\" class=\"wp-image-9253\" srcset=\"https:\/\/webvasco.com\/artigos\/wp-content\/uploads\/2022\/05\/mc-1.jpeg 719w, https:\/\/webvasco.com\/artigos\/wp-content\/uploads\/2022\/05\/mc-1-300x292.jpeg 300w, https:\/\/webvasco.com\/artigos\/wp-content\/uploads\/2022\/05\/mc-1-150x146.jpeg 150w\" sizes=\"auto, (max-width: 719px) 100vw, 719px\" \/><\/a><\/figure><\/li><li class=\"blocks-gallery-item\"><figure><a href=\"https:\/\/webvasco.com\/artigos\/wp-content\/uploads\/2022\/05\/mc-2.jpeg\"><img loading=\"lazy\" decoding=\"async\" width=\"534\" height=\"1024\" src=\"https:\/\/webvasco.com\/artigos\/wp-content\/uploads\/2022\/05\/mc-2-534x1024.jpeg\" alt=\"\" data-id=\"9254\" data-full-url=\"https:\/\/webvasco.com\/artigos\/wp-content\/uploads\/2022\/05\/mc-2.jpeg\" data-link=\"https:\/\/webvasco.com\/artigos\/?attachment_id=9254\" class=\"wp-image-9254\" srcset=\"https:\/\/webvasco.com\/artigos\/wp-content\/uploads\/2022\/05\/mc-2-534x1024.jpeg 534w, https:\/\/webvasco.com\/artigos\/wp-content\/uploads\/2022\/05\/mc-2-156x300.jpeg 156w, https:\/\/webvasco.com\/artigos\/wp-content\/uploads\/2022\/05\/mc-2-78x150.jpeg 78w, https:\/\/webvasco.com\/artigos\/wp-content\/uploads\/2022\/05\/mc-2.jpeg 720w\" sizes=\"auto, (max-width: 534px) 100vw, 534px\" \/><\/a><\/figure><\/li><li class=\"blocks-gallery-item\"><figure><a href=\"https:\/\/webvasco.com\/artigos\/wp-content\/uploads\/2022\/05\/mc-3.jpeg\"><img loading=\"lazy\" decoding=\"async\" width=\"720\" height=\"1024\" src=\"https:\/\/webvasco.com\/artigos\/wp-content\/uploads\/2022\/05\/mc-3.jpeg\" alt=\"\" data-id=\"9255\" data-full-url=\"https:\/\/webvasco.com\/artigos\/wp-content\/uploads\/2022\/05\/mc-3.jpeg\" data-link=\"https:\/\/webvasco.com\/artigos\/?attachment_id=9255\" class=\"wp-image-9255\" srcset=\"https:\/\/webvasco.com\/artigos\/wp-content\/uploads\/2022\/05\/mc-3.jpeg 720w, https:\/\/webvasco.com\/artigos\/wp-content\/uploads\/2022\/05\/mc-3-211x300.jpeg 211w, https:\/\/webvasco.com\/artigos\/wp-content\/uploads\/2022\/05\/mc-3-105x150.jpeg 105w\" sizes=\"auto, (max-width: 720px) 100vw, 720px\" \/><\/a><\/figure><\/li><li class=\"blocks-gallery-item\"><figure><a href=\"https:\/\/webvasco.com\/artigos\/wp-content\/uploads\/2022\/05\/mc-4.jpeg\"><img loading=\"lazy\" decoding=\"async\" width=\"581\" height=\"1024\" src=\"https:\/\/webvasco.com\/artigos\/wp-content\/uploads\/2022\/05\/mc-4-581x1024.jpeg\" alt=\"\" data-id=\"9256\" data-full-url=\"https:\/\/webvasco.com\/artigos\/wp-content\/uploads\/2022\/05\/mc-4.jpeg\" data-link=\"https:\/\/webvasco.com\/artigos\/?attachment_id=9256\" class=\"wp-image-9256\" srcset=\"https:\/\/webvasco.com\/artigos\/wp-content\/uploads\/2022\/05\/mc-4-581x1024.jpeg 581w, https:\/\/webvasco.com\/artigos\/wp-content\/uploads\/2022\/05\/mc-4-170x300.jpeg 170w, https:\/\/webvasco.com\/artigos\/wp-content\/uploads\/2022\/05\/mc-4-85x150.jpeg 85w, https:\/\/webvasco.com\/artigos\/wp-content\/uploads\/2022\/05\/mc-4.jpeg 720w\" sizes=\"auto, (max-width: 581px) 100vw, 581px\" \/><\/a><\/figure><\/li><\/ul><\/figure>\n","protected":false},"excerpt":{"rendered":"<p>ELAS &amp; O PROFESSOR POR LUIZ CARLOS ROCHA A entrevista de maio de 2022, com&#8230;<\/p>\n","protected":false},"author":7,"featured_media":9254,"comment_status":"open","ping_status":"closed","sticky":false,"template":"","format":"standard","meta":{"footnotes":""},"categories":[27],"tags":[],"class_list":["post-9252","post","type-post","status-publish","format-standard","has-post-thumbnail","hentry","category-elas-e-o-professor"],"_links":{"self":[{"href":"https:\/\/webvasco.com\/artigos\/wp-json\/wp\/v2\/posts\/9252","targetHints":{"allow":["GET"]}}],"collection":[{"href":"https:\/\/webvasco.com\/artigos\/wp-json\/wp\/v2\/posts"}],"about":[{"href":"https:\/\/webvasco.com\/artigos\/wp-json\/wp\/v2\/types\/post"}],"author":[{"embeddable":true,"href":"https:\/\/webvasco.com\/artigos\/wp-json\/wp\/v2\/users\/7"}],"replies":[{"embeddable":true,"href":"https:\/\/webvasco.com\/artigos\/wp-json\/wp\/v2\/comments?post=9252"}],"version-history":[{"count":1,"href":"https:\/\/webvasco.com\/artigos\/wp-json\/wp\/v2\/posts\/9252\/revisions"}],"predecessor-version":[{"id":9257,"href":"https:\/\/webvasco.com\/artigos\/wp-json\/wp\/v2\/posts\/9252\/revisions\/9257"}],"wp:featuredmedia":[{"embeddable":true,"href":"https:\/\/webvasco.com\/artigos\/wp-json\/wp\/v2\/media\/9254"}],"wp:attachment":[{"href":"https:\/\/webvasco.com\/artigos\/wp-json\/wp\/v2\/media?parent=9252"}],"wp:term":[{"taxonomy":"category","embeddable":true,"href":"https:\/\/webvasco.com\/artigos\/wp-json\/wp\/v2\/categories?post=9252"},{"taxonomy":"post_tag","embeddable":true,"href":"https:\/\/webvasco.com\/artigos\/wp-json\/wp\/v2\/tags?post=9252"}],"curies":[{"name":"wp","href":"https:\/\/api.w.org\/{rel}","templated":true}]}}