{"id":9259,"date":"2022-06-26T15:03:31","date_gmt":"2022-06-26T18:03:31","guid":{"rendered":"https:\/\/webvasco.com\/artigos\/?p=9259"},"modified":"2022-06-26T15:03:33","modified_gmt":"2022-06-26T18:03:33","slug":"elas-o-professor-pamella-braga","status":"publish","type":"post","link":"https:\/\/webvasco.com\/artigos\/temas\/elas-e-o-professor\/elas-o-professor-pamella-braga\/","title":{"rendered":"ELAS &#038; O PROFESSOR &#8211; PAMELLA BRAGA"},"content":{"rendered":"\n<p><strong><u>ELAS &amp; O PROFESSOR<\/u><\/strong><\/p>\n\n\n\n<p><strong>POR LUIZ CARLOS ROCHA<\/strong><\/p>\n\n\n\n<p>A entrevista de junho de 2022, com&nbsp;Pamella Braga \u00e9 dedicada \u00e0 vasca\u00edna mais bonita do mundo: \u00darsulla Rocha, que \u00e9 o meu amor infinito e toda a minha fonte de inspira\u00e7\u00e3o.<\/p>\n\n\n\n<p><strong>PAMELLA BRAGA,\u00a0<\/strong>solteira, 28 anos<strong>,\u00a0<\/strong>lutadora de Jiu-jitsu, do signo de Le\u00e3o, sua Escola de Samba do cora\u00e7\u00e3o \u00e9 a Esta\u00e7\u00e3o Primeira de Mangueira. Moradora de Icara\u00ed, em Niter\u00f3i\/RJ.<\/p>\n\n\n\n<p><strong>Por que voc\u00ea acha que o treinador Z\u00e9 Ricardo pediu para sair do comando vasca\u00edno?<\/strong><br \/>Porque ele j\u00e1 estava ciente que n\u00e3o continuaria quando a 777 Partners entrasse.<\/p>\n\n\n\n<p><strong>A escolha pelo t\u00e9cnico Maur\u00edcio de Souza foi certa?<\/strong><br \/>Dif\u00edcil dizer. \u00c9 preciso aguardar mais jogos.<\/p>\n\n\n\n<p><strong>Quem seria o comandante ideal neste momento para a caravela vasca\u00edna?<\/strong><br \/>Cuca.<\/p>\n\n\n\n<p><strong>O Vasco da Gama reencontrou de vez o caminho das vit\u00f3rias?<\/strong><br \/>Sim, o time enfim se acertou taticamente.<\/p>\n\n\n\n<p><strong>O Cruzmaltino conquistar\u00e1 o t\u00edtulo da S\u00e9rie B em 2022?<\/strong><br \/>Brigar\u00e1 ponto a ponto com o Cruzeiro.<\/p>\n\n\n\n<p><strong>Faz diferen\u00e7a subir como campe\u00e3o ou o importante \u00e9 estar na Primeira Divis\u00e3o em 2023?<\/strong><br \/>O importante \u00e9 subir para a S\u00e9rie A.<\/p>\n\n\n\n<p><strong>Felizmente o clube acertou o arqueiro? Thiago Rodrigues (o Batman da Colina) \u00e9 bom profissional?<\/strong><br \/>Sim, inclusive precisa renovar logo com ele, pois o contrato termina no fim do ano.<\/p>\n\n\n\n<p><strong>Em quanto tempo voc\u00ea espera ver o time um pap\u00e3o de t\u00edtulos?<\/strong><br \/>Quando a 777 investir pesado em contrata\u00e7\u00f5es de alto n\u00edvel.<\/p>\n\n\n\n<p><strong>Ser campe\u00e3o diante do Flamengo pode ser considerado um armlook (um dos golpes mais tradicionais do jiu-jitsu)?<\/strong><br \/>Sim.<\/p>\n\n\n\n<p><strong>Quando voc\u00ea est\u00e1 assistindo uma partida do Vasco e v\u00ea um atleta falhar feio, prejudicando a equipe, d\u00e1 vontade de chamar ele para o rola (disputa corporal entre atletas de BJJ)?<\/strong><br \/>N\u00e3o, da vontade de falar para ele treinar mais.<\/p>\n\n\n\n<p><strong>Qual o jogador do Vasco de todos os tempos \u00e9 o grande \u201cfaixa vermelha\u201d (top no BJJ) dentro de campo?\u00a0<\/strong><br \/>Roberto Dinamite.<\/p>\n\n\n\n<p><strong>Qual o dirigente mais brabo que voc\u00ea j\u00e1 viu?<\/strong><br \/>Com erros e acertos, Eurico Miranda.<\/p>\n\n\n\n<p><strong><u>FOTOGRAFIAS\u00a0\u00a0FORNECIDAS PELO ARQUIVO PESSOAL DA ENTREVISTADA.<\/u><\/strong><\/p>\n\n\n\n<figure class=\"wp-block-gallery columns-3 is-cropped wp-block-gallery-1 is-layout-flex wp-block-gallery-is-layout-flex\"><ul class=\"blocks-gallery-grid\"><li class=\"blocks-gallery-item\"><figure><img loading=\"lazy\" decoding=\"async\" width=\"576\" height=\"1024\" src=\"https:\/\/webvasco.com\/artigos\/wp-content\/uploads\/2022\/06\/IMG_1716-576x1024.jpg\" alt=\"\" data-id=\"9260\" data-full-url=\"https:\/\/webvasco.com\/artigos\/wp-content\/uploads\/2022\/06\/IMG_1716-scaled.jpg\" data-link=\"https:\/\/webvasco.com\/artigos\/?attachment_id=9260\" class=\"wp-image-9260\" srcset=\"https:\/\/webvasco.com\/artigos\/wp-content\/uploads\/2022\/06\/IMG_1716-576x1024.jpg 576w, https:\/\/webvasco.com\/artigos\/wp-content\/uploads\/2022\/06\/IMG_1716-169x300.jpg 169w, https:\/\/webvasco.com\/artigos\/wp-content\/uploads\/2022\/06\/IMG_1716-84x150.jpg 84w, https:\/\/webvasco.com\/artigos\/wp-content\/uploads\/2022\/06\/IMG_1716-768x1365.jpg 768w, https:\/\/webvasco.com\/artigos\/wp-content\/uploads\/2022\/06\/IMG_1716-864x1536.jpg 864w, https:\/\/webvasco.com\/artigos\/wp-content\/uploads\/2022\/06\/IMG_1716-1152x2048.jpg 1152w, https:\/\/webvasco.com\/artigos\/wp-content\/uploads\/2022\/06\/IMG_1716-1024x1820.jpg 1024w, https:\/\/webvasco.com\/artigos\/wp-content\/uploads\/2022\/06\/IMG_1716-scaled.jpg 1440w\" sizes=\"auto, (max-width: 576px) 100vw, 576px\" \/><\/figure><\/li><li class=\"blocks-gallery-item\"><figure><img loading=\"lazy\" decoding=\"async\" width=\"769\" height=\"1024\" src=\"https:\/\/webvasco.com\/artigos\/wp-content\/uploads\/2022\/06\/IMG_1870-769x1024.jpg\" alt=\"\" data-id=\"9261\" data-full-url=\"https:\/\/webvasco.com\/artigos\/wp-content\/uploads\/2022\/06\/IMG_1870.jpg\" data-link=\"https:\/\/webvasco.com\/artigos\/?attachment_id=9261\" class=\"wp-image-9261\" srcset=\"https:\/\/webvasco.com\/artigos\/wp-content\/uploads\/2022\/06\/IMG_1870-769x1024.jpg 769w, https:\/\/webvasco.com\/artigos\/wp-content\/uploads\/2022\/06\/IMG_1870-225x300.jpg 225w, https:\/\/webvasco.com\/artigos\/wp-content\/uploads\/2022\/06\/IMG_1870-113x150.jpg 113w, https:\/\/webvasco.com\/artigos\/wp-content\/uploads\/2022\/06\/IMG_1870-768x1022.jpg 768w, https:\/\/webvasco.com\/artigos\/wp-content\/uploads\/2022\/06\/IMG_1870-1154x1536.jpg 1154w, https:\/\/webvasco.com\/artigos\/wp-content\/uploads\/2022\/06\/IMG_1870-1539x2048.jpg 1539w, https:\/\/webvasco.com\/artigos\/wp-content\/uploads\/2022\/06\/IMG_1870-1024x1363.jpg 1024w, https:\/\/webvasco.com\/artigos\/wp-content\/uploads\/2022\/06\/IMG_1870.jpg 1839w\" sizes=\"auto, (max-width: 769px) 100vw, 769px\" \/><\/figure><\/li><li class=\"blocks-gallery-item\"><figure><img loading=\"lazy\" decoding=\"async\" width=\"611\" height=\"1024\" src=\"https:\/\/webvasco.com\/artigos\/wp-content\/uploads\/2022\/06\/IMG_2418-611x1024.jpg\" alt=\"\" data-id=\"9262\" data-full-url=\"https:\/\/webvasco.com\/artigos\/wp-content\/uploads\/2022\/06\/IMG_2418.jpg\" data-link=\"https:\/\/webvasco.com\/artigos\/?attachment_id=9262\" class=\"wp-image-9262\" srcset=\"https:\/\/webvasco.com\/artigos\/wp-content\/uploads\/2022\/06\/IMG_2418-611x1024.jpg 611w, https:\/\/webvasco.com\/artigos\/wp-content\/uploads\/2022\/06\/IMG_2418-179x300.jpg 179w, https:\/\/webvasco.com\/artigos\/wp-content\/uploads\/2022\/06\/IMG_2418-89x150.jpg 89w, https:\/\/webvasco.com\/artigos\/wp-content\/uploads\/2022\/06\/IMG_2418-768x1288.jpg 768w, https:\/\/webvasco.com\/artigos\/wp-content\/uploads\/2022\/06\/IMG_2418-916x1536.jpg 916w, https:\/\/webvasco.com\/artigos\/wp-content\/uploads\/2022\/06\/IMG_2418-1221x2048.jpg 1221w, https:\/\/webvasco.com\/artigos\/wp-content\/uploads\/2022\/06\/IMG_2418-1024x1717.jpg 1024w, https:\/\/webvasco.com\/artigos\/wp-content\/uploads\/2022\/06\/IMG_2418.jpg 1377w\" sizes=\"auto, (max-width: 611px) 100vw, 611px\" \/><\/figure><\/li><\/ul><\/figure>\n","protected":false},"excerpt":{"rendered":"<p>ELAS &amp; O PROFESSOR POR LUIZ CARLOS ROCHA A entrevista de junho de 2022, com&nbsp;Pamella&#8230;<\/p>\n","protected":false},"author":7,"featured_media":9260,"comment_status":"open","ping_status":"closed","sticky":false,"template":"","format":"standard","meta":{"footnotes":""},"categories":[27],"tags":[],"class_list":["post-9259","post","type-post","status-publish","format-standard","has-post-thumbnail","hentry","category-elas-e-o-professor"],"_links":{"self":[{"href":"https:\/\/webvasco.com\/artigos\/wp-json\/wp\/v2\/posts\/9259","targetHints":{"allow":["GET"]}}],"collection":[{"href":"https:\/\/webvasco.com\/artigos\/wp-json\/wp\/v2\/posts"}],"about":[{"href":"https:\/\/webvasco.com\/artigos\/wp-json\/wp\/v2\/types\/post"}],"author":[{"embeddable":true,"href":"https:\/\/webvasco.com\/artigos\/wp-json\/wp\/v2\/users\/7"}],"replies":[{"embeddable":true,"href":"https:\/\/webvasco.com\/artigos\/wp-json\/wp\/v2\/comments?post=9259"}],"version-history":[{"count":1,"href":"https:\/\/webvasco.com\/artigos\/wp-json\/wp\/v2\/posts\/9259\/revisions"}],"predecessor-version":[{"id":9263,"href":"https:\/\/webvasco.com\/artigos\/wp-json\/wp\/v2\/posts\/9259\/revisions\/9263"}],"wp:featuredmedia":[{"embeddable":true,"href":"https:\/\/webvasco.com\/artigos\/wp-json\/wp\/v2\/media\/9260"}],"wp:attachment":[{"href":"https:\/\/webvasco.com\/artigos\/wp-json\/wp\/v2\/media?parent=9259"}],"wp:term":[{"taxonomy":"category","embeddable":true,"href":"https:\/\/webvasco.com\/artigos\/wp-json\/wp\/v2\/categories?post=9259"},{"taxonomy":"post_tag","embeddable":true,"href":"https:\/\/webvasco.com\/artigos\/wp-json\/wp\/v2\/tags?post=9259"}],"curies":[{"name":"wp","href":"https:\/\/api.w.org\/{rel}","templated":true}]}}