{"id":926,"date":"2014-09-01T15:01:37","date_gmt":"2014-09-01T18:01:37","guid":{"rendered":"http:\/\/webvasco.com\/artigos\/?p=926"},"modified":"2014-09-01T15:36:18","modified_gmt":"2014-09-01T18:36:18","slug":"eugenia-nazismo-e-vasco-h-algo-em-comum","status":"publish","type":"post","link":"https:\/\/webvasco.com\/artigos\/colunistas\/andrepedro\/eugenia-nazismo-e-vasco-h-algo-em-comum\/","title":{"rendered":"Eugenia, Nazismo e Vasco &#8211; H&aacute; algo em comum?"},"content":{"rendered":"<div>Caros amigos vasca\u00ednos,Inicio este artigo j\u00e1 respondendo a pergunta t\u00edtulo: N\u00c3O! Nem Eugenia e muito menos o nazismo tem sequer uma micrograma de compatibilidade com a alma vasca\u00edna.Mas ent\u00e3o por que essa pergunta? Porque \u00e9 necess\u00e1rio dar um &#8220;BASTA&#8221; no que est\u00e1 se tornando a luta pol\u00edtica do Vasco atual. \u00c9 necess\u00e1rio que os vasca\u00ednos de bem, que possuem consci\u00eancia de nossa posi\u00e7\u00e3o hist\u00f3rica, tomem partido e juntem-se a uma s\u00f3 voz clamando &#8220;BASTA&#8221;!<i>Eugenia \u00e9 um termo criado em 1883 por Francis Galton, significando &#8220;bem nascido&#8221;. O termo &#8220;eugenia&#8221; \u00e9 anterior ao termo &#8220;gen\u00e9tica&#8221;, pois este \u00faltimo s\u00f3 foi cunhado em 1908, pelo cientista William Bateson<\/i>. (Fonte: Wikpedia).<\/p>\n<p>A Eugenia pregava a teoria da &#8220;sele\u00e7\u00e3o artificial&#8221; em contraponto \u00e0 &#8220;sele\u00e7\u00e3o natural&#8221;, acreditando que se poderia criar seres humanos &#8220;melhores&#8221; atrav\u00e9s de uma sele\u00e7\u00e3o dos melhores indiv\u00edduos em detrimento dos nascidos &#8220;imperfeitos&#8221;. A Eugenia foi uma das bases que motivaram os nazistas a promover uma &#8220;higieniza\u00e7\u00e3o&#8221; racial na Alemanha, e que mais tarde promoveu o holocausto judaico. O tema \u00e9 vasto mas serve como ponto de partida para analisarmos o perigo e qu\u00e3o grave \u00e9 a situa\u00e7\u00e3o pol\u00edtica hoje no Vasco.<\/p>\n<p>O Vasco tem seu ber\u00e7o na col\u00f4nia portuguesa da \u00e9poca em que foi fundado. Historicamente, \u00e9 necess\u00e1rio ter-se em mente que naquela \u00e9poca os brasileiros tinham recentemente expulsado a fam\u00edlia real para Portugal, com a incipiente ditadura militar republicana. Os &#8220;patr\u00edcios&#8221;, como se autodenominavam os portugueses, sofriam todo o tipo de discrimina\u00e7\u00e3o da burguesia carioca, mesmo tendo dinheiro e pertencendo a mesma classe social dos cariocas &#8220;brazucas&#8221;. N\u00e3o foi a toa que fundaram o nosso glorioso Vasco da Gama e n\u00e3o foi a toa tamb\u00e9m que se juntaram aos nossos antepassados os negros, pardos e pobres, pois, assim como os &#8220;portugas&#8221;, eles tamb\u00e9m n\u00e3o podiam frequentar os clubes de elite e nem praticar o j\u00e1 bem conhecido &#8220;Foot-ball&#8221;. Foi no Vasco que os &#8220;exclu\u00eddos sociais&#8221; puderam praticar o mesmo &#8220;esporte da elite&#8221; sem ter que usar p\u00f3 de arroz, ou nem mesmo poder entrar no clube.<\/p>\n<p>Portanto, \u00e9 bom que se tenha em mente que o Club de Regatas Vasco da Gama n\u00e3o \u00e9 um clube aristocr\u00e1tico! Podemos ter entre n\u00f3s a Elite sim, mas porque n\u00e3o temos em nosso sangue e nem em nossa alma a palavra discrimina\u00e7\u00e3o, seja de cunho \u00e9tnico, social, religioso ou mesmo no campo das id\u00e9ias. Aceitamos a todos, desde que sejam pessoas que n\u00e3o tenham a palavra preconceito marcada em sua alma.<\/p>\n<p>\u00c9 nesse contexto que convoco a todos os vasca\u00ednos a uma profunda reflex\u00e3o sobre o que vem acontecendo no Vasco, mais especificamente nas sociais do est\u00e1dio, e particularmente envolvendo as elei\u00e7\u00f5es do clube. \u00c9 INADMISS\u00cdVEL que um vasca\u00edno, no meio das sociais, grite em alto e bom som que um outro grupo seja o respons\u00e1vel pela manuten\u00e7\u00e3o do Dinamite no poder e chame essas pessoas para a &#8220;PORRADA&#8221;, na frente de crian\u00e7as e mulheres&#8230; \u00c9 INADMISS\u00cdVEL que se crie grupos de verdadeiros marginais, que n\u00e3o posso considerar vasca\u00ednos, para\u00a0 intimidar verbalmente, moralmente e at\u00e9 fisicamente pessoas simpatizantes \u00e0 chapa de Julio Brant, ou porque apenas vestem amarelo, expressando t\u00e3o somente sua simpatia ao Julio. \u00c9 INADMISSIVEL saber que pessoas pertencentes a esse grupo pol\u00edtico est\u00e3o entrando em S\u00e3o Janu\u00e1rio ARMADAS, segundo diversos relatos existentes nas redes sociais. \u00c9 INADMISS\u00cdVEL que conselheiros do Vasco, apenas por ter ideias diferentes desse grupo, tenham que contratar seguran\u00e7as ARMADOS para se proteger desse bando de vagabundos! \u00c9 INADMISS\u00cdVEL que se fa\u00e7am agress\u00f5es aos conselheiros do Vasco na sa\u00edda da sede da Lagoa, apenas porque pensam diferente! Ser\u00e1 que agora n\u00e3o se pode nem expressar sua opini\u00e3o em S\u00e3o Janu\u00e1rio? Vestir amarelo virou crime em S\u00e3o Janu\u00e1rio?<\/p>\n<p>Reparem bem: Esses grupos est\u00e3o tentando usar dos mesmos m\u00e9todos da SS Nazista para atingir os seus fins: INTIMIDA\u00c7\u00c3O, MEDO E VIOL\u00caNCIA! Nas redes sociais integrantes desses grupos cansam de afirmar que pessoas como L\u00e9o Gon\u00e7alves, Fabio Muniz, Wagner Pedro, Davidson de Mattos, entre outros, ir\u00e3o ser &#8220;expulsos&#8221; do Vasco quando seu grande l\u00edder se tornar presidente do Vasco. Ser\u00e1 que teremos que voltar aos tempos em que integrantes do MUV eram expulsos sumariamente do Vasco apenas por n\u00e3o concordar com Eurico Miranda? Ser\u00e1 que nosso clube ter\u00e1 que voltar \u00e0s p\u00e1ginas policiais novamente? Ser\u00e1 que teremos que ter derramamento de sangue em nossas hist\u00f3ricas arquibancadas apenas por ideologia pol\u00edtica? At\u00e9 onde iremos com isso? At\u00e9 onde permitiremos que nossa linda hist\u00f3ria de conquistas sociais ser\u00e1 manchada? Qualquer semelhan\u00e7a com o nazismo, e com a &#8220;higieniza\u00e7\u00e3o&#8221; pol\u00edtica, seria mera coincid\u00eancia?<\/p>\n<p>Hoje escutei na r\u00e1dio Band News o Ricardo Boechat falando sobre o evento racista ocorrido no sul do pa\u00eds. Ele fez algumas compara\u00e7\u00f5es com diversos clubes ao longo do pa\u00eds que sofreram discrimina\u00e7\u00e3o racial. Aqui no Rio, ele afirmou que o Flamengo tinha como s\u00edmbolo o Urub\u00fa porque havia discrimina\u00e7\u00e3o por causa de sua maioria de torcedores negros, vindos do povo, e que o time representava o povo e n\u00e3o as elites. At\u00e9 quando iremos nos concentrar em brigarmos entre n\u00f3s, e mancharmos nossa imagem? At\u00e9 quando estaremos preocupados em chamar os flamenguistas de &#8220;mulambos&#8221; e &#8220;favelados&#8221;, dando a eles armas para que o povo esque\u00e7a seu passado e passe a idolatrar o flamengo como verdadeiro clube do povo, e deixar nosso clube ser dominado por pessoas que possuem interesses pessoais em detrimento do interesse institucional? \u00c9 essa a imagem que queremos passar para os ve\u00edculos de comunica\u00e7\u00e3o? De um clube brig\u00e3o, arruaceiro, preconceituoso, onde quem est\u00e1 no poder faz o que quer?<\/p>\n<p>BASTA!<\/p>\n<p>A mudan\u00e7a tem que come\u00e7ar nesta elei\u00e7\u00e3o de novembro! CHEGA! Meu filho acaba de nascer no m\u00eas de anivers\u00e1rio do Vasco! N\u00e3o \u00e9 essa a imagem que eu quero que ele tenha do Vasco! Quero aquela imagem que eu tenho em meus 30 anos de s\u00f3cio do Vasco: de um clube n\u00e3o apenas vencedor, mas FAMILIAR e SEM PRECONCEITOS, onde todos tem o direito de IR E VIR SEM DISCRIMINA\u00c7\u00c3O! Quero um Vasco constitu\u00eddo por pessoas que promovem a INSTITUI\u00c7\u00c3O VASCO sem querer um centavo em troca! Quero o CORA\u00c7\u00c3O INFANTIL sendo promovido! Quero o VASCO D\u00cdVIDA ZERO sendo promovido! Quero a REVITALIZA\u00c7\u00c3O DO ENTORNO DE S\u00c3O JANU\u00c1RIO sendo promovida! Quero o VASCA\u00cdNO \u00c9 SANGUE BOM sendo promovido! Quero o CAMISAS NEGRAS sendo promovido! S\u00e3o tantos movimentos independentes que lutam pelo engrandecimento do Vasco que corro o risco de ter esquecido algu\u00e9m (me desculpem se cometi essa falha). Esses s\u00e3o meus exemplos de vascainidade! ESSES S\u00c3O A ALMA VASCA\u00cdNA!<\/p>\n<p>Amigo vasca\u00edno! Pense muito bem antes de votar! N\u00e3o se deixe enganar pelo terrorismo psicol\u00f3gico que alguns grupos pol\u00edticos est\u00e3o tentando criar! Vamos mudar isso! Fa\u00e7a valer sua voz e grite BASTA! Nosso clube de cora\u00e7\u00e3o \u00e9 o VASCO! Vamos colocar para fora de nosso clube quem est\u00e1 mais interessado em pol\u00edtica e auto-promo\u00e7\u00e3o. Vamos pensar no Vasco e apenas no Vasco. Ele precisa de n\u00f3s, e a hora \u00e9 agora!<\/p>\n<p>Sauda\u00e7\u00f5es Vasca\u00ednas,<\/p>\n<p>Andr\u00e9 Pedro<br \/>\nwebvasco.com<\/p>\n<\/div>\n","protected":false},"excerpt":{"rendered":"<p>Caros amigos vasca\u00ednos,Inicio este artigo j\u00e1 respondendo a pergunta t\u00edtulo: N\u00c3O! Nem Eugenia e muito&#8230;<\/p>\n","protected":false},"author":5,"featured_media":59,"comment_status":"open","ping_status":"closed","sticky":false,"template":"","format":"standard","meta":{"footnotes":""},"categories":[2],"tags":[],"class_list":["post-926","post","type-post","status-publish","format-standard","has-post-thumbnail","hentry","category-andrepedro"],"_links":{"self":[{"href":"https:\/\/webvasco.com\/artigos\/wp-json\/wp\/v2\/posts\/926","targetHints":{"allow":["GET"]}}],"collection":[{"href":"https:\/\/webvasco.com\/artigos\/wp-json\/wp\/v2\/posts"}],"about":[{"href":"https:\/\/webvasco.com\/artigos\/wp-json\/wp\/v2\/types\/post"}],"author":[{"embeddable":true,"href":"https:\/\/webvasco.com\/artigos\/wp-json\/wp\/v2\/users\/5"}],"replies":[{"embeddable":true,"href":"https:\/\/webvasco.com\/artigos\/wp-json\/wp\/v2\/comments?post=926"}],"version-history":[{"count":4,"href":"https:\/\/webvasco.com\/artigos\/wp-json\/wp\/v2\/posts\/926\/revisions"}],"predecessor-version":[{"id":929,"href":"https:\/\/webvasco.com\/artigos\/wp-json\/wp\/v2\/posts\/926\/revisions\/929"}],"wp:featuredmedia":[{"embeddable":true,"href":"https:\/\/webvasco.com\/artigos\/wp-json\/wp\/v2\/media\/59"}],"wp:attachment":[{"href":"https:\/\/webvasco.com\/artigos\/wp-json\/wp\/v2\/media?parent=926"}],"wp:term":[{"taxonomy":"category","embeddable":true,"href":"https:\/\/webvasco.com\/artigos\/wp-json\/wp\/v2\/categories?post=926"},{"taxonomy":"post_tag","embeddable":true,"href":"https:\/\/webvasco.com\/artigos\/wp-json\/wp\/v2\/tags?post=926"}],"curies":[{"name":"wp","href":"https:\/\/api.w.org\/{rel}","templated":true}]}}