{"id":9266,"date":"2022-07-28T13:30:30","date_gmt":"2022-07-28T16:30:30","guid":{"rendered":"https:\/\/webvasco.com\/artigos\/?p=9266"},"modified":"2022-07-28T17:31:33","modified_gmt":"2022-07-28T20:31:33","slug":"elas-o-professor-brenda-pedro","status":"publish","type":"post","link":"https:\/\/webvasco.com\/artigos\/temas\/elas-e-o-professor\/elas-o-professor-brenda-pedro\/","title":{"rendered":"ELAS &#038; O PROFESSOR &#8211; BRENDA PEDRO"},"content":{"rendered":"\n<p>A entrevista de julho de 2022, com Brenda Pedro \u00e9 dedicada \u00e0 uma vasca\u00edna que habita em meu cora\u00e7\u00e3o: \u00darsulla Rocha, que \u00e9, e sempre ser\u00e1 o meu amor infinito e toda a minha fonte de inspira\u00e7\u00e3o.<\/p>\n\n\n\n<p>Brenda Pedro, solteira, 17 anos, estudante, do signo de virgem, sem escola de samba de cora\u00e7\u00e3o, moradora de Vila S\u00e3o Luiz, em Duque de Caxias &#8211; RJ. Seu prato predileto \u00e9 o bom e tradicional strogonoff. Nas horas vagas gosta de desenhar e jogar com amigos na Internet.<\/p>\n\n\n\n<p>Quantas vezes voc\u00ea foi a S\u00e3o Janu\u00e1rio?<br \/>Perdi as contas! Sempre que poss\u00edvel eu vou com meu pai.<\/p>\n\n\n\n<p>Quem te influenciou ser Vasco da Gama?<br \/>Meu pai.<\/p>\n\n\n\n<p>Qual o melhor jogador do time atual?<br \/>O Nen\u00ea \u00e9 o craque do time, mas a vinda do Alex Teixeira promete.<\/p>\n\n\n\n<p>Na sua opini\u00e3o quem \u00e9 mais rival do Cruzmaltino, Flamengo ou Fluminense?<br \/>O Flamengo.<\/p>\n\n\n\n<p>Seu pai conhecendo bem a linda hist\u00f3ria do Gigante da Colina, algum fato que ele te contou foi marcante?<br \/>A luta contra o racismo e a constru\u00e7\u00e3o de S\u00e3o Janu\u00e1rio foram marcantes!<\/p>\n\n\n\n<p>Na sua opini\u00e3o, o que t\u00eam mais valor, a vit\u00f3ria do Vasc\u00e3o ou a derrota do Menguinho?<br \/>A vit\u00f3ria do Vasco, afinal de contas quem \u00e9 Flamengo? (em tom ir\u00f4nico)<\/p>\n\n\n\n<p>Voc\u00ea j\u00e1 frequentou a Col\u00f4nia de F\u00e9rias do Vasco?<br \/>N\u00e3o porque sempre tinha a da minha escola &#8211; ent\u00e3o eu nunca tive a oportunidade.<\/p>\n\n\n\n<p>Se voc\u00ea achasse uma l\u00e2mpada m\u00e1gica e o g\u00eanio te desse a chance de fazer tr\u00eas pedidos em rela\u00e7\u00e3o ao clube,<br \/>o que voc\u00ea pediria?<br \/>Uma administra\u00e7\u00e3o decente, bom jogadores e que o Vasco ganhasse eternamente do Flamengo e do Fluminense pra gente poder zoar muito.<\/p>\n\n\n\n<p>Voc\u00ea t\u00eam muitas amigas que torcem para o Vasc\u00e3o?<br \/>Sim, v\u00e1rias!<\/p>\n\n\n\n<p>Um vasca\u00edno fervoroso pode ser considerado um vasca\u00edno doente?<br \/>N\u00e3o existe vasca\u00edno doente, todo vasca\u00edno \u00e9 saud\u00e1vel!<\/p>\n\n\n\n<p>Qual produto do clube voc\u00ea mais gosta de usar?<br \/>Do clube, minha camisa. Mas aqui em casa o que eu mais uso \u00e9 a geladeira, j\u00e1 que ela \u00e9 inteira adesivada com os s\u00edmbolos do Vasco. (rindo)<\/p>\n\n\n\n<p>O momento atual \u00e9 Vasco com a letra V de vit\u00f3ria ou v de vergonha?<br \/>N\u00e3o se pode ter vergonha do Vasco, mas ele precisa melhorar pra voltar a ser V de vit\u00f3ria.<\/p>\n\n\n\n<p><strong>FOTOGRAFIAS FORNECIDAS PELO ARQUIVO PESSOAL DA ENTREVISTADA.<\/strong><\/p>\n\n\n\n<figure class=\"wp-block-gallery columns-3 is-cropped wp-block-gallery-1 is-layout-flex wp-block-gallery-is-layout-flex\"><ul class=\"blocks-gallery-grid\"><li class=\"blocks-gallery-item\"><figure><img loading=\"lazy\" decoding=\"async\" width=\"576\" height=\"1024\" src=\"https:\/\/webvasco.com\/artigos\/wp-content\/uploads\/2022\/07\/WhatsApp-Image-2022-07-24-at-13.35.27-576x1024.jpeg\" alt=\"\" data-id=\"9267\" data-full-url=\"https:\/\/webvasco.com\/artigos\/wp-content\/uploads\/2022\/07\/WhatsApp-Image-2022-07-24-at-13.35.27.jpeg\" data-link=\"https:\/\/webvasco.com\/artigos\/?attachment_id=9267\" class=\"wp-image-9267\" srcset=\"https:\/\/webvasco.com\/artigos\/wp-content\/uploads\/2022\/07\/WhatsApp-Image-2022-07-24-at-13.35.27-576x1024.jpeg 576w, https:\/\/webvasco.com\/artigos\/wp-content\/uploads\/2022\/07\/WhatsApp-Image-2022-07-24-at-13.35.27-169x300.jpeg 169w, https:\/\/webvasco.com\/artigos\/wp-content\/uploads\/2022\/07\/WhatsApp-Image-2022-07-24-at-13.35.27-84x150.jpeg 84w, https:\/\/webvasco.com\/artigos\/wp-content\/uploads\/2022\/07\/WhatsApp-Image-2022-07-24-at-13.35.27-768x1365.jpeg 768w, https:\/\/webvasco.com\/artigos\/wp-content\/uploads\/2022\/07\/WhatsApp-Image-2022-07-24-at-13.35.27-864x1536.jpeg 864w, https:\/\/webvasco.com\/artigos\/wp-content\/uploads\/2022\/07\/WhatsApp-Image-2022-07-24-at-13.35.27.jpeg 900w\" sizes=\"auto, (max-width: 576px) 100vw, 576px\" \/><\/figure><\/li><li class=\"blocks-gallery-item\"><figure><img loading=\"lazy\" decoding=\"async\" width=\"1024\" height=\"576\" src=\"https:\/\/webvasco.com\/artigos\/wp-content\/uploads\/2022\/07\/WhatsApp-Image-2022-07-24-at-13.35.39-1024x576.jpeg\" alt=\"\" data-id=\"9268\" data-full-url=\"https:\/\/webvasco.com\/artigos\/wp-content\/uploads\/2022\/07\/WhatsApp-Image-2022-07-24-at-13.35.39.jpeg\" data-link=\"https:\/\/webvasco.com\/artigos\/?attachment_id=9268\" class=\"wp-image-9268\" srcset=\"https:\/\/webvasco.com\/artigos\/wp-content\/uploads\/2022\/07\/WhatsApp-Image-2022-07-24-at-13.35.39-1024x576.jpeg 1024w, https:\/\/webvasco.com\/artigos\/wp-content\/uploads\/2022\/07\/WhatsApp-Image-2022-07-24-at-13.35.39-300x169.jpeg 300w, https:\/\/webvasco.com\/artigos\/wp-content\/uploads\/2022\/07\/WhatsApp-Image-2022-07-24-at-13.35.39-150x84.jpeg 150w, https:\/\/webvasco.com\/artigos\/wp-content\/uploads\/2022\/07\/WhatsApp-Image-2022-07-24-at-13.35.39-768x432.jpeg 768w, https:\/\/webvasco.com\/artigos\/wp-content\/uploads\/2022\/07\/WhatsApp-Image-2022-07-24-at-13.35.39-1536x864.jpeg 1536w, https:\/\/webvasco.com\/artigos\/wp-content\/uploads\/2022\/07\/WhatsApp-Image-2022-07-24-at-13.35.39-1280x720.jpeg 1280w, https:\/\/webvasco.com\/artigos\/wp-content\/uploads\/2022\/07\/WhatsApp-Image-2022-07-24-at-13.35.39.jpeg 1600w\" sizes=\"auto, (max-width: 1024px) 100vw, 1024px\" \/><\/figure><\/li><li class=\"blocks-gallery-item\"><figure><img loading=\"lazy\" decoding=\"async\" width=\"1024\" height=\"576\" src=\"https:\/\/webvasco.com\/artigos\/wp-content\/uploads\/2022\/07\/WhatsApp-Image-2022-07-24-at-13.35.52-1024x576.jpeg\" alt=\"\" data-id=\"9269\" data-full-url=\"https:\/\/webvasco.com\/artigos\/wp-content\/uploads\/2022\/07\/WhatsApp-Image-2022-07-24-at-13.35.52.jpeg\" data-link=\"https:\/\/webvasco.com\/artigos\/?attachment_id=9269\" class=\"wp-image-9269\" srcset=\"https:\/\/webvasco.com\/artigos\/wp-content\/uploads\/2022\/07\/WhatsApp-Image-2022-07-24-at-13.35.52-1024x576.jpeg 1024w, https:\/\/webvasco.com\/artigos\/wp-content\/uploads\/2022\/07\/WhatsApp-Image-2022-07-24-at-13.35.52-300x169.jpeg 300w, https:\/\/webvasco.com\/artigos\/wp-content\/uploads\/2022\/07\/WhatsApp-Image-2022-07-24-at-13.35.52-150x84.jpeg 150w, https:\/\/webvasco.com\/artigos\/wp-content\/uploads\/2022\/07\/WhatsApp-Image-2022-07-24-at-13.35.52-768x432.jpeg 768w, https:\/\/webvasco.com\/artigos\/wp-content\/uploads\/2022\/07\/WhatsApp-Image-2022-07-24-at-13.35.52-1536x864.jpeg 1536w, https:\/\/webvasco.com\/artigos\/wp-content\/uploads\/2022\/07\/WhatsApp-Image-2022-07-24-at-13.35.52-1280x720.jpeg 1280w, https:\/\/webvasco.com\/artigos\/wp-content\/uploads\/2022\/07\/WhatsApp-Image-2022-07-24-at-13.35.52.jpeg 1600w\" sizes=\"auto, (max-width: 1024px) 100vw, 1024px\" \/><\/figure><\/li><\/ul><\/figure>\n","protected":false},"excerpt":{"rendered":"<p>A entrevista de julho de 2022, com Brenda Pedro \u00e9 dedicada \u00e0 uma vasca\u00edna que&#8230;<\/p>\n","protected":false},"author":7,"featured_media":9269,"comment_status":"open","ping_status":"closed","sticky":false,"template":"","format":"standard","meta":{"footnotes":""},"categories":[27],"tags":[],"class_list":["post-9266","post","type-post","status-publish","format-standard","has-post-thumbnail","hentry","category-elas-e-o-professor"],"_links":{"self":[{"href":"https:\/\/webvasco.com\/artigos\/wp-json\/wp\/v2\/posts\/9266","targetHints":{"allow":["GET"]}}],"collection":[{"href":"https:\/\/webvasco.com\/artigos\/wp-json\/wp\/v2\/posts"}],"about":[{"href":"https:\/\/webvasco.com\/artigos\/wp-json\/wp\/v2\/types\/post"}],"author":[{"embeddable":true,"href":"https:\/\/webvasco.com\/artigos\/wp-json\/wp\/v2\/users\/7"}],"replies":[{"embeddable":true,"href":"https:\/\/webvasco.com\/artigos\/wp-json\/wp\/v2\/comments?post=9266"}],"version-history":[{"count":3,"href":"https:\/\/webvasco.com\/artigos\/wp-json\/wp\/v2\/posts\/9266\/revisions"}],"predecessor-version":[{"id":9274,"href":"https:\/\/webvasco.com\/artigos\/wp-json\/wp\/v2\/posts\/9266\/revisions\/9274"}],"wp:featuredmedia":[{"embeddable":true,"href":"https:\/\/webvasco.com\/artigos\/wp-json\/wp\/v2\/media\/9269"}],"wp:attachment":[{"href":"https:\/\/webvasco.com\/artigos\/wp-json\/wp\/v2\/media?parent=9266"}],"wp:term":[{"taxonomy":"category","embeddable":true,"href":"https:\/\/webvasco.com\/artigos\/wp-json\/wp\/v2\/categories?post=9266"},{"taxonomy":"post_tag","embeddable":true,"href":"https:\/\/webvasco.com\/artigos\/wp-json\/wp\/v2\/tags?post=9266"}],"curies":[{"name":"wp","href":"https:\/\/api.w.org\/{rel}","templated":true}]}}