{"id":9276,"date":"2022-08-10T18:37:18","date_gmt":"2022-08-10T21:37:18","guid":{"rendered":"https:\/\/webvasco.com\/artigos\/?p=9276"},"modified":"2022-08-10T18:37:19","modified_gmt":"2022-08-10T21:37:19","slug":"elas-o-professor-claudia-ramos","status":"publish","type":"post","link":"https:\/\/webvasco.com\/artigos\/temas\/elas-e-o-professor\/elas-o-professor-claudia-ramos\/","title":{"rendered":"ELAS &#038; O PROFESSOR \u2013 CL\u00c1UDIA RAMOS"},"content":{"rendered":"\n<p><strong>ELAS &amp; O PROFESSOR<\/strong><\/p>\n\n\n\n<p><strong>POR LUIZ CARLOS ROCHA<\/strong><\/p>\n\n\n\n<p>A entrevista de agosto de 2022, com Cl\u00e1udia Cristina Dantas Ramos \u00e9 dedicada \u00e0 uma linda vasca\u00edna, que \u00e9 o amor da minha vida: \u00darsulla Rocha, na qual \u00e9 a minha maior fonte de inspira\u00e7\u00e3o.<\/p>\n\n\n\n<p>CL\u00c1UDIA RAMOS, solteira sem filhos, 50 anos, advogada e empres\u00e1ria, do signo de Libra, sua Escola de Samba do cora\u00e7\u00e3o \u00e9 a Portela. Moradora de Icara\u00ed, em Niter\u00f3i\/RJ. Aprecia culin\u00e1ria japonesa, mas n\u00e3o dispensa um bom drink. Nas horas vagas, a vasca\u00edna ama viajar, ir \u00e0 praia e, \u00e9 claro, assistir aos jogos do Vasco da Gama.<\/p>\n\n\n\n<p>O treinador Maur\u00edcio de Souza estava desgastado no Vasco da Gama?<br \/>N\u00e3o era nem para ter sido um dia. De cara o nome dele nunca agradou a torcida.<\/p>\n\n\n\n<p>O que fez ele (Maur\u00edcio de Souza) cair?<br \/>Uma sequ\u00eancia de resultados ruins, al\u00e9m de um esquema t\u00e1tico n\u00e3o adequado ao elenco que o Vasco possui.<\/p>\n\n\n\n<p>Quais seriam os nomes ideais para comandar a equipe?<br \/>Uma grande parte da torcida do Vasco est\u00e1 querendo o Odair Hellmann e eu acho um bom t\u00e9cnico entre as op\u00e7\u00f5es dispon\u00edveis<\/p>\n\n\n\n<p>Os pontos que o Cruzmaltino deixou de conquistar, no comando de Maur\u00edcio de Souza, no Campeonato Brasileiro, S\u00e9rie B, far\u00e3o falta no final da competi\u00e7\u00e3o?<br \/>Claro. O Vasco queimou a gordura que tinha criado com a entrada do Maur\u00edcio de Souza. Qualquer ponto faz diferen\u00e7a para n\u00e3o passar sufoco no final at\u00e9 alcan\u00e7ar os 62 pontos que \u00e9 a m\u00e9dia para subir. O Mauricio assumiu o time invicto e perdeu 3 jogos em 8 disputados. Horroroso!<\/p>\n\n\n\n<p>H\u00e1 a necessidade do Vasco da Gama procurar um treinador no exterior, ou existem bons profissionais por aqui?<\/p>\n\n\n\n<p>O Vasco atualmente n\u00e3o tem time nem dinheiro para contratar nada de fora. Al\u00e9m disso, um t\u00e9cnico estrangeiro requer tempo para al\u00e9m da adapta\u00e7\u00e3o ao futebol brasileiro, conhecer os jogadores do elenco e a forma dos outros times jogarem.<\/p>\n\n\n\n<p>Juridicamente o que pode ser feito para que as garantias empresariais sejam respeitadas na parceria 777 X Vasco?<br \/>Um contrato bem feito, com conhecimento especifico da \u00e1rea que eu n\u00e3o tenho. Pergunta de cunho pol\u00edtico, requer conhecimento espec\u00edfico na \u00e1rea e de profissionais de mercado aptos a analisar o contrato.<\/p>\n\n\n\n<p>Hoje a pior &#8211; no sentido da complexidade de ser sanada &#8211; divida do clube \u00e9 a trabalhista?<br \/>Sim. as maiores Trabalhistas, por\u00e9m, temos d\u00edvidas com fornecedores e impostos.<\/p>\n\n\n\n<p>Diante de alguns erros t\u00e1ticos e t\u00e9cnicos de alguns jogadores, data v\u00eania, d\u00e1 vontade de mand\u00e1-los, para a G\u00e1vea, digo, \u00e0 merda?<br \/>Fora o goleiro, posso mandar o time todo? (sorriu). Respondendo dentro da realidade do time, os piores a diretoria j\u00e1 est\u00e1 se livrando como exemplo: Izak e Weverton. O Edimar n\u00e3o est\u00e1 tendo bom desempenho, mas para compor o elenco atual serve, ainda n\u00e3o mandaria \u00e0 merda, digo, para G\u00e1vea, s\u00f3 se fosse junto com o time todo deixando o goleiro. (sorriu mais uma vez)<\/p>\n\n\n\n<p>Jorge Salgado est\u00e1 merecendo uma pris\u00e3o cautelar, sem direito a Alvar\u00e1 de Soltura?<br \/>Claro. N\u00e3o apresenta todas as fontes de rendas do clube. Necessita de uma boa investiga\u00e7\u00e3o, ele e os \u00faltimos 5 presidentes. No contexto geral, os \u00faltimos 20 anos precisam de investiga\u00e7\u00e3o.<\/p>\n\n\n\n<p>Voc\u00ea torce para que em algum momento um dePUTAdo possa elaborar a Lei Z\u00e9 Boleiro, afim de resguardar os clubes dos atletas ruins, chamados popularmente de perna de pau?<br \/>Pergunta dif\u00edcil de responder, sem sentido e tamb\u00e9m de cunho pol\u00edtico e na minha opini\u00e3o pol\u00edtica n\u00e3o deve se misturar com futebol.<\/p>\n\n\n\n<p>Roberto Dinamite foi mais jogador do que Zico?<br \/>Como todo vasca\u00edno, tenho horror ao Flamengo, mas o Zico sempre ser\u00e1 o Zico como jogador. O Dinamite marcou minha inf\u00e2ncia, e por mais que tenha feito uma p\u00e9ssima administra\u00e7\u00e3o sempre ser\u00e1 meu idolo, mas repito Zico \u00e9 Zico e mais jogador.<\/p>\n\n\n\n<p>N\u00e3o fosse a morte prematura de Denner, teria ele sido o maior \u00eddolo do Vasc\u00e3o?<br \/>Tive o prazer de ver o Denner jogar, jogava muito, se n\u00e3o tivesse morrido t\u00e3o precoce talvez seria um dos melhores do mundo, mas n\u00e3o acredito que o maior \u00eddolo Vasco. Esse posto \u00e9 e sempre ser\u00e1 do Roberto Dinamite.<\/p>\n\n\n\n<p>FOTOGRAFIAS FORNECIDAS PELO ARQUIVO PESSOAL DA ENTREVISTADA.<\/p>\n\n\n\n<figure class=\"wp-block-gallery columns-3 is-cropped wp-block-gallery-1 is-layout-flex wp-block-gallery-is-layout-flex\"><ul class=\"blocks-gallery-grid\"><li class=\"blocks-gallery-item\"><figure><img loading=\"lazy\" decoding=\"async\" width=\"664\" height=\"1024\" src=\"https:\/\/webvasco.com\/artigos\/wp-content\/uploads\/2022\/08\/WhatsApp-Image-2022-08-05-at-21.15.36.jpeg\" alt=\"\" data-id=\"9277\" data-full-url=\"https:\/\/webvasco.com\/artigos\/wp-content\/uploads\/2022\/08\/WhatsApp-Image-2022-08-05-at-21.15.36.jpeg\" data-link=\"https:\/\/webvasco.com\/artigos\/?attachment_id=9277\" class=\"wp-image-9277\" srcset=\"https:\/\/webvasco.com\/artigos\/wp-content\/uploads\/2022\/08\/WhatsApp-Image-2022-08-05-at-21.15.36.jpeg 664w, https:\/\/webvasco.com\/artigos\/wp-content\/uploads\/2022\/08\/WhatsApp-Image-2022-08-05-at-21.15.36-195x300.jpeg 195w, https:\/\/webvasco.com\/artigos\/wp-content\/uploads\/2022\/08\/WhatsApp-Image-2022-08-05-at-21.15.36-97x150.jpeg 97w\" sizes=\"auto, (max-width: 664px) 100vw, 664px\" \/><\/figure><\/li><li class=\"blocks-gallery-item\"><figure><img loading=\"lazy\" decoding=\"async\" width=\"720\" height=\"960\" src=\"https:\/\/webvasco.com\/artigos\/wp-content\/uploads\/2022\/08\/WhatsApp-Image-2022-08-05-at-21.15.34.jpeg\" alt=\"\" data-id=\"9278\" data-full-url=\"https:\/\/webvasco.com\/artigos\/wp-content\/uploads\/2022\/08\/WhatsApp-Image-2022-08-05-at-21.15.34.jpeg\" data-link=\"https:\/\/webvasco.com\/artigos\/?attachment_id=9278\" class=\"wp-image-9278\" srcset=\"https:\/\/webvasco.com\/artigos\/wp-content\/uploads\/2022\/08\/WhatsApp-Image-2022-08-05-at-21.15.34.jpeg 720w, https:\/\/webvasco.com\/artigos\/wp-content\/uploads\/2022\/08\/WhatsApp-Image-2022-08-05-at-21.15.34-225x300.jpeg 225w, https:\/\/webvasco.com\/artigos\/wp-content\/uploads\/2022\/08\/WhatsApp-Image-2022-08-05-at-21.15.34-113x150.jpeg 113w\" sizes=\"auto, (max-width: 720px) 100vw, 720px\" \/><\/figure><\/li><li class=\"blocks-gallery-item\"><figure><img loading=\"lazy\" decoding=\"async\" width=\"720\" height=\"960\" src=\"https:\/\/webvasco.com\/artigos\/wp-content\/uploads\/2022\/08\/WhatsApp-Image-2022-08-05-at-21.15.33.jpeg\" alt=\"\" data-id=\"9279\" data-full-url=\"https:\/\/webvasco.com\/artigos\/wp-content\/uploads\/2022\/08\/WhatsApp-Image-2022-08-05-at-21.15.33.jpeg\" data-link=\"https:\/\/webvasco.com\/artigos\/?attachment_id=9279\" class=\"wp-image-9279\" srcset=\"https:\/\/webvasco.com\/artigos\/wp-content\/uploads\/2022\/08\/WhatsApp-Image-2022-08-05-at-21.15.33.jpeg 720w, https:\/\/webvasco.com\/artigos\/wp-content\/uploads\/2022\/08\/WhatsApp-Image-2022-08-05-at-21.15.33-225x300.jpeg 225w, https:\/\/webvasco.com\/artigos\/wp-content\/uploads\/2022\/08\/WhatsApp-Image-2022-08-05-at-21.15.33-113x150.jpeg 113w\" sizes=\"auto, (max-width: 720px) 100vw, 720px\" \/><\/figure><\/li><li class=\"blocks-gallery-item\"><figure><img loading=\"lazy\" decoding=\"async\" width=\"823\" height=\"1024\" src=\"https:\/\/webvasco.com\/artigos\/wp-content\/uploads\/2022\/08\/WhatsApp-Image-2022-08-05-at-21.15.30.jpeg\" alt=\"\" data-id=\"9280\" data-full-url=\"https:\/\/webvasco.com\/artigos\/wp-content\/uploads\/2022\/08\/WhatsApp-Image-2022-08-05-at-21.15.30.jpeg\" data-link=\"https:\/\/webvasco.com\/artigos\/?attachment_id=9280\" class=\"wp-image-9280\" srcset=\"https:\/\/webvasco.com\/artigos\/wp-content\/uploads\/2022\/08\/WhatsApp-Image-2022-08-05-at-21.15.30.jpeg 823w, https:\/\/webvasco.com\/artigos\/wp-content\/uploads\/2022\/08\/WhatsApp-Image-2022-08-05-at-21.15.30-241x300.jpeg 241w, https:\/\/webvasco.com\/artigos\/wp-content\/uploads\/2022\/08\/WhatsApp-Image-2022-08-05-at-21.15.30-121x150.jpeg 121w, https:\/\/webvasco.com\/artigos\/wp-content\/uploads\/2022\/08\/WhatsApp-Image-2022-08-05-at-21.15.30-768x956.jpeg 768w\" sizes=\"auto, (max-width: 823px) 100vw, 823px\" \/><\/figure><\/li><\/ul><\/figure>\n","protected":false},"excerpt":{"rendered":"<p>ELAS &amp; O PROFESSOR POR LUIZ CARLOS ROCHA A entrevista de agosto de 2022, com&#8230;<\/p>\n","protected":false},"author":7,"featured_media":9280,"comment_status":"open","ping_status":"closed","sticky":false,"template":"","format":"standard","meta":{"footnotes":""},"categories":[27],"tags":[],"class_list":["post-9276","post","type-post","status-publish","format-standard","has-post-thumbnail","hentry","category-elas-e-o-professor"],"_links":{"self":[{"href":"https:\/\/webvasco.com\/artigos\/wp-json\/wp\/v2\/posts\/9276","targetHints":{"allow":["GET"]}}],"collection":[{"href":"https:\/\/webvasco.com\/artigos\/wp-json\/wp\/v2\/posts"}],"about":[{"href":"https:\/\/webvasco.com\/artigos\/wp-json\/wp\/v2\/types\/post"}],"author":[{"embeddable":true,"href":"https:\/\/webvasco.com\/artigos\/wp-json\/wp\/v2\/users\/7"}],"replies":[{"embeddable":true,"href":"https:\/\/webvasco.com\/artigos\/wp-json\/wp\/v2\/comments?post=9276"}],"version-history":[{"count":1,"href":"https:\/\/webvasco.com\/artigos\/wp-json\/wp\/v2\/posts\/9276\/revisions"}],"predecessor-version":[{"id":9281,"href":"https:\/\/webvasco.com\/artigos\/wp-json\/wp\/v2\/posts\/9276\/revisions\/9281"}],"wp:featuredmedia":[{"embeddable":true,"href":"https:\/\/webvasco.com\/artigos\/wp-json\/wp\/v2\/media\/9280"}],"wp:attachment":[{"href":"https:\/\/webvasco.com\/artigos\/wp-json\/wp\/v2\/media?parent=9276"}],"wp:term":[{"taxonomy":"category","embeddable":true,"href":"https:\/\/webvasco.com\/artigos\/wp-json\/wp\/v2\/categories?post=9276"},{"taxonomy":"post_tag","embeddable":true,"href":"https:\/\/webvasco.com\/artigos\/wp-json\/wp\/v2\/tags?post=9276"}],"curies":[{"name":"wp","href":"https:\/\/api.w.org\/{rel}","templated":true}]}}