{"id":9283,"date":"2022-08-21T11:24:41","date_gmt":"2022-08-21T14:24:41","guid":{"rendered":"https:\/\/webvasco.com\/artigos\/?p=9283"},"modified":"2022-08-21T13:20:54","modified_gmt":"2022-08-21T16:20:54","slug":"chegou-a-hora-da-revitalizacao-do-entorno-e-da-ampliacao-modernizacao-do-estadio-de-sao-januario","status":"publish","type":"post","link":"https:\/\/webvasco.com\/artigos\/colunistas\/marcelopaiva\/chegou-a-hora-da-revitalizacao-do-entorno-e-da-ampliacao-modernizacao-do-estadio-de-sao-januario\/","title":{"rendered":"Chegou a Hora da Revitaliza\u00e7\u00e3o do Entorno e da Amplia\u00e7\u00e3o\/Moderniza\u00e7\u00e3o do Est\u00e1dio de S\u00e3o Janu\u00e1rio!"},"content":{"rendered":"\n<p>[1] <strong>Introdu\u00e7\u00e3o:<\/strong><\/p>\n\n\n\n<p>&nbsp;&nbsp;&nbsp;&nbsp;&nbsp; Caros Amigos Vasca\u00ednos:<\/p>\n\n\n\n<p>&nbsp;&nbsp;&nbsp;&nbsp;&nbsp; Venho, atrav\u00e9s deste artigo, trazer um material t\u00e9cnico e detalhado, ao Meio Vasca\u00edno, que serve de balizamento e entendimento, para a matura\u00e7\u00e3o da Amplia\u00e7\u00e3o\/Moderniza\u00e7\u00e3o, do Est\u00e1dio de S\u00e3o Janu\u00e1rio, pertencente ao nosso amado Club de Regatas Vasco da Gama (CRVG).<\/p>\n\n\n\n<p>&nbsp;&nbsp;&nbsp;&nbsp;&nbsp; Este assunto est\u00e1 voltando ao Meio Vasca\u00edno, uma vez que as partes&nbsp; (CRVG e Poder P\u00fablico, digam-se Prefeitura Municipal da Cidade do Rio de Janeiro e Governo do Estado do RJ), manifestaram recentemente a inten\u00e7\u00e3o de realizarem este prop\u00f3sito, de maneira concomitante, naquilo que compete a cada uma das partes.<\/p>\n\n\n\n<p>&nbsp;&nbsp;&nbsp;&nbsp;&nbsp; Quanto ao CRVG, ficaria o Projeto e a Obra, em si, e ao Poder P\u00fablico, A\u00e7\u00f5es P\u00fablicas que viabilizem e atualizem o Entorno de SJ, como por exemplo: Acessibilidade e Mobilidade Urbana, assim como outros servi\u00e7os decorrentes dele (Licen\u00e7as de Obras, Habite-se, Interven\u00e7\u00f5es de Log\u00edstica, Impostos Relativos, etc &#8230;), para servir, como pr\u00e9-requisito, para a realiza\u00e7\u00e3o deste prop\u00f3sito.<\/p>\n\n\n\n<div class=\"wp-block-image\"><figure class=\"aligncenter size-large\"><img loading=\"lazy\" decoding=\"async\" width=\"567\" height=\"289\" src=\"https:\/\/webvasco.com\/artigos\/wp-content\/uploads\/2022\/08\/Imagem1.jpg\" alt=\"\" class=\"wp-image-9284\" srcset=\"https:\/\/webvasco.com\/artigos\/wp-content\/uploads\/2022\/08\/Imagem1.jpg 567w, https:\/\/webvasco.com\/artigos\/wp-content\/uploads\/2022\/08\/Imagem1-300x153.jpg 300w, https:\/\/webvasco.com\/artigos\/wp-content\/uploads\/2022\/08\/Imagem1-150x76.jpg 150w\" sizes=\"auto, (max-width: 567px) 100vw, 567px\" \/><figcaption><strong>Novo Est\u00e1dio de S\u00e3o Janu\u00e1rio &#8211; Fonte: CRVG<\/strong><\/figcaption><\/figure><\/div>\n\n\n\n<p>[2] <strong>Voltando um pouco h\u00e1 alguns anos atr\u00e1s:<\/strong><\/p>\n\n\n\n<p>&nbsp;&nbsp;&nbsp;&nbsp;&nbsp; Como \u00e9 sabido no Meio Vasca\u00edno, eu, Marcelo Paiva, fa\u00e7o parte do Grupo Volunt\u00e1rio pela Revitaliza\u00e7\u00e3o do Entorno de S\u00e3o Janu\u00e1rio <strong>(GVRESJ)<\/strong>, juntamente com os Senhores Andr\u00e9 Pedro, Marcus Simonini, Raimundo Almeida, Maur\u00edcio Mendes e Phillipi Labanca, onde a partir do Ano de 2011, criamos este Grupo Volunt\u00e1rio, cujo prop\u00f3sito \u00e9 o de, atrav\u00e9s da nossa expertise, servir de Assessoria Volunt\u00e1ria entre o CRVG e o Poder P\u00fablico, como \u201cponte de liga\u00e7\u00e3o\u201d para ambos, para que este Nobre Prop\u00f3sito possa vir a ser viabilizado, cujas nossas linhas de A\u00e7\u00f5es at\u00e9 aqui, j\u00e1 vieram a dar alguns resultados!<\/p>\n\n\n\n<p>&nbsp;&nbsp;&nbsp;&nbsp;&nbsp; Sabemos todos que, de alguns anos para c\u00e1, existe um problema cr\u00f4nico de Acessibilidade e Escoamento de p\u00fablico, nos jogos do Vasco da Gama, em seu Est\u00e1dio, uma vez que o seu Entorno \u00e9 estreito e o local NECESSITA DE OBRAS P\u00daBLICAS, naquela REGI\u00c3O ESQUECIDA pelas autoridades governamentais h\u00e1 mais de 70 anos.<\/p>\n\n\n\n<p>&nbsp;&nbsp;&nbsp;&nbsp;&nbsp; Se tais Interven\u00e7\u00f5es P\u00fablicas forem ENXERGADAS, pelo pr\u00f3prio Poder P\u00fablico, como DEMANDAS URGENTES a serem Realizadas, a\u00ed \u00e9 que entra o pr\u00e9-requisito para a Amplia\u00e7\u00e3o\/Moderniza\u00e7\u00e3o de S\u00e3o Janu\u00e1rio, nos segmentos de Acessibilidade, Mobilidade Urbana, Habita\u00e7\u00e3o (Novos Pr\u00e9dios), Educa\u00e7\u00e3o (Novas Escolas, Creches e Reformas das j\u00e1 existentes), Sa\u00fade (Novos Postos de Sa\u00fade e Reforma dos j\u00e1 existentes), Seguran\u00e7a, Transporte, Ilumina\u00e7\u00e3o P\u00fablica, Coleta de Lixo, Lazer, etc &#8230;., os quais ir\u00e3o GERAR O POTENCIAL DE INVESTIMENTOS NAQUELA REGI\u00c3O CARENTE, h\u00e1 d\u00e9cadas.<\/p>\n\n\n\n<p>&nbsp;&nbsp;&nbsp;&nbsp;&nbsp; Ganhar\u00e3o TODOS os Moradores da Regi\u00e3o, o CRVG, os Transeuntes, a pr\u00f3pria Cidade do Rio de Janeiro com um Equipamento Esportivo Revitalizado, servindo de \u201c\u00c2ncora\u201d para essas Transforma\u00e7\u00f5es, como tamb\u00e9m o Bairro de S\u00e3o Crist\u00f3v\u00e3o, que tem o Apelo Hist\u00f3rico e Cultural por ter a Alcunha de \u201cBairro Imperial\u201d, onde nesta Regi\u00e3o se Estabeleceu o Imp\u00e9rio Brasileiro!<\/p>\n\n\n\n<p>[3] <strong>Algumas Informa\u00e7\u00f5es necess\u00e1rias, para adentrarmos no prop\u00f3sito:<\/strong><\/p>\n\n\n\n<p>&nbsp;&nbsp;&nbsp;&nbsp;&nbsp; Dois \u201ccavalos selados\u201d passaram na porta do CRVG, para que esta Amplia\u00e7\u00e3o\/Moderniza\u00e7\u00e3o, como Linha de A\u00e7\u00e3o, pudesse ter sido executada:<\/p>\n\n\n\n<p>&nbsp;&nbsp;&nbsp;&nbsp;&nbsp; O Primeiro, se deu &nbsp;quando o CRVG foi procurado pela Prefeitura do Rio de Janeiro, de modo ao Est\u00e1dio de S\u00e3o Janu\u00e1rio pudesse vir a servir de Est\u00e1dio Ol\u00edmpico, para o Pan Americano de 2007 e que as partes n\u00e3o chegaram a um \u201cdenominador comum\u201d! Fato este, que comprovamos o porque de hoje existir o Est\u00e1dio Nilton Santos, pertencente a Prefeitura (arrendado pelo Botafogo FR).<\/p>\n\n\n\n<p>&nbsp;&nbsp;&nbsp;&nbsp;&nbsp; O Segundo, se deu na ocasi\u00e3o que o CRVG foi escolhido pelo COB, havendo a assinatura de uma Carta de Inten\u00e7\u00f5es (Julho de 2010), no pr\u00f3prio Clube entre as partes, na ocasi\u00e3o da Olimp\u00edada Rio 2016, para sediar a competi\u00e7\u00e3o de Rugby e que depois de algum tempo, n\u00e3o houve entendimento entre as referidas partes, para a realiza\u00e7\u00e3o deste Esporte Ol\u00edmpico, o qual demandaria a Revitaliza\u00e7\u00e3o do Entorno (Programa Municipal de Habita\u00e7\u00e3o \u201cMorar Carioca\u201d) e a Moderniza\u00e7\u00e3o do Est\u00e1dio de S\u00e3o Janu\u00e1rio.<\/p>\n\n\n\n<div class=\"wp-block-image\"><figure class=\"aligncenter size-large\"><img loading=\"lazy\" decoding=\"async\" width=\"379\" height=\"165\" src=\"https:\/\/webvasco.com\/artigos\/wp-content\/uploads\/2022\/08\/Imagem2.jpg\" alt=\"\" class=\"wp-image-9285\" srcset=\"https:\/\/webvasco.com\/artigos\/wp-content\/uploads\/2022\/08\/Imagem2.jpg 379w, https:\/\/webvasco.com\/artigos\/wp-content\/uploads\/2022\/08\/Imagem2-300x131.jpg 300w, https:\/\/webvasco.com\/artigos\/wp-content\/uploads\/2022\/08\/Imagem2-150x65.jpg 150w\" sizes=\"auto, (max-width: 379px) 100vw, 379px\" \/><figcaption><strong>Assinatura da carta de inten\u00e7\u00f5es, entre o COB e o CRVG, visando o Rugby Rio 2016 em S\u00e3o Janu\u00e1rio<br \/>&#8211; Fonte da imagem:&nbsp;<\/strong><a href=\"http:\/\/vasco.com.br\/\"><strong>vasco.com.br<\/strong><\/a><\/figcaption><\/figure><\/div>\n\n\n\n<p><strong>&nbsp;&nbsp;&nbsp;&nbsp;&nbsp; <\/strong>Mesmo com a perda do Rugby Rio 2016 em SJ, o Programa \u201cMorar Carioca\u201d, se manteve ativo e a Revitaliza\u00e7\u00e3o do Entorno do Est\u00e1dio de S\u00e3o Janu\u00e1rio foi novamente apalavrada, pelo Sr Prefeito da Cidade do Rio de Janeiro, em Julho de 2014, conforme no Link a seguir: (<a rel=\"noreferrer noopener\" href=\"http:\/\/www.rio.rj.gov.br\/web\/guest\/exibeconteudo?id=4822086\" target=\"_blank\">http:\/\/www.rio.rj.gov.br\/web\/guest\/exibeconteudo?id=4822086<\/a>&nbsp;&nbsp; &#8211; este Link n\u00e3o est\u00e1 mais dispon\u00edvel na Internet, mas temos o conte\u00fado dele Impresso em Arquivo, o qual garante a veracidade da informa\u00e7\u00e3o), inclusive com a verba prevista no valor de R$ 31.000.000,00 (Trinta e Um Milh\u00f5es de Reais, valor pequeno para tais benfeitorias) para Obras de Acessibilidade, Habita\u00e7\u00e3o, Regulariza\u00e7\u00e3o Fundi\u00e1ria, Saneamento, Ilumina\u00e7\u00e3o, Lazer, etc &#8230;.<\/p>\n\n\n\n<p>&nbsp;&nbsp;&nbsp;&nbsp;&nbsp; Independente da perda do Rugby Rio 2016, em SJ, a Revitaliza\u00e7\u00e3o do Entorno est\u00e1 em \u201ccompasso de espera\u201d, em seu Modo Macro, embora algumas poucas interven\u00e7\u00f5es estejam sendo feitas at\u00e9 aqui!<\/p>\n\n\n\n<p>&nbsp;&nbsp;&nbsp;&nbsp;&nbsp; Vale ressaltar, que est\u00e1 sendo constru\u00edda a \u201cEsta\u00e7\u00e3o Vasco da Gama\u201d, do Cons\u00f3rcio BRT Transbrasil, na Av Brasil, a cerca de 800 metros do Est\u00e1dio de SJ. Para quem n\u00e3o conhece o que \u00e9 o BRT (Bus Rapid Transit), ele \u00e9 um Corredor Expresso de \u00d4nibus, que ligar\u00e1 o Bairro de Deodoro ao Aeroporto Santos Dumont, no Centro do Rio de Janeiro. Esta Esta\u00e7\u00e3o tem a Fun\u00e7\u00e3o \u201cModal\u201d, onde se permitir\u00e1 conex\u00f5es com outros segmentos de Transporte, na Cidade, como o pr\u00f3prio&nbsp; BRT, VLT, Metr\u00f4, Trens, \u00d4nibus, T\u00e1xis, Barcas, etc &#8230;.<\/p>\n\n\n\n<div class=\"wp-block-image\"><figure class=\"aligncenter size-large\"><img loading=\"lazy\" decoding=\"async\" width=\"1024\" height=\"377\" src=\"https:\/\/webvasco.com\/artigos\/wp-content\/uploads\/2022\/08\/Imagem3-1024x377.jpg\" alt=\"\" class=\"wp-image-9286\" srcset=\"https:\/\/webvasco.com\/artigos\/wp-content\/uploads\/2022\/08\/Imagem3-1024x377.jpg 1024w, https:\/\/webvasco.com\/artigos\/wp-content\/uploads\/2022\/08\/Imagem3-300x110.jpg 300w, https:\/\/webvasco.com\/artigos\/wp-content\/uploads\/2022\/08\/Imagem3-150x55.jpg 150w, https:\/\/webvasco.com\/artigos\/wp-content\/uploads\/2022\/08\/Imagem3-768x283.jpg 768w, https:\/\/webvasco.com\/artigos\/wp-content\/uploads\/2022\/08\/Imagem3.jpg 1244w\" sizes=\"auto, (max-width: 1024px) 100vw, 1024px\" \/><figcaption><strong>Esta\u00e7\u00e3o &nbsp;de &nbsp;BRT &nbsp;\u201cVasco da Gama\u201d &nbsp;na Av. &nbsp;Brasil &nbsp;&#8211; &nbsp;Fonte: &nbsp;GVRESJ<\/strong><\/figcaption><\/figure><\/div>\n\n\n\n<p><\/p>\n\n\n\n<div class=\"wp-block-image\"><figure class=\"aligncenter size-large\"><img loading=\"lazy\" decoding=\"async\" width=\"343\" height=\"254\" src=\"https:\/\/webvasco.com\/artigos\/wp-content\/uploads\/2022\/08\/Imagem4.jpg\" alt=\"\" class=\"wp-image-9287\" srcset=\"https:\/\/webvasco.com\/artigos\/wp-content\/uploads\/2022\/08\/Imagem4.jpg 343w, https:\/\/webvasco.com\/artigos\/wp-content\/uploads\/2022\/08\/Imagem4-300x222.jpg 300w, https:\/\/webvasco.com\/artigos\/wp-content\/uploads\/2022\/08\/Imagem4-150x111.jpg 150w\" sizes=\"auto, (max-width: 343px) 100vw, 343px\" \/><figcaption><strong>Previs\u00e3o do novo Entorno de SJ<\/strong><br \/><strong>Fonte: Portal da SMH &#8211; Prefeitura do Rio<\/strong>&nbsp;&nbsp;&nbsp;<\/figcaption><\/figure><\/div>\n\n\n\n<div class=\"wp-block-image\"><figure class=\"aligncenter size-large is-resized\"><img loading=\"lazy\" decoding=\"async\" src=\"https:\/\/webvasco.com\/artigos\/wp-content\/uploads\/2022\/08\/Imagem5.jpg\" alt=\"\" class=\"wp-image-9288\" width=\"351\" height=\"219\" srcset=\"https:\/\/webvasco.com\/artigos\/wp-content\/uploads\/2022\/08\/Imagem5.jpg 351w, https:\/\/webvasco.com\/artigos\/wp-content\/uploads\/2022\/08\/Imagem5-300x187.jpg 300w, https:\/\/webvasco.com\/artigos\/wp-content\/uploads\/2022\/08\/Imagem5-150x94.jpg 150w\" sizes=\"auto, (max-width: 351px) 100vw, 351px\" \/><figcaption><strong>Prov\u00e1vel Rua Ricardo Machado, entre o Est\u00e1dio<\/strong> <strong>de SJ e a Barreira do Vasco <\/strong><br \/><strong>Fonte:&nbsp; &nbsp;Jornal&nbsp;O&nbsp;Globo &#8211; RJ &#8211; 06\/03\/13<\/strong><\/figcaption><\/figure><\/div>\n\n\n\n<div class=\"wp-block-image\"><figure class=\"aligncenter size-large\"><img loading=\"lazy\" decoding=\"async\" width=\"816\" height=\"494\" src=\"https:\/\/webvasco.com\/artigos\/wp-content\/uploads\/2022\/08\/Imagem6.jpg\" alt=\"\" class=\"wp-image-9289\" srcset=\"https:\/\/webvasco.com\/artigos\/wp-content\/uploads\/2022\/08\/Imagem6.jpg 816w, https:\/\/webvasco.com\/artigos\/wp-content\/uploads\/2022\/08\/Imagem6-300x182.jpg 300w, https:\/\/webvasco.com\/artigos\/wp-content\/uploads\/2022\/08\/Imagem6-150x91.jpg 150w, https:\/\/webvasco.com\/artigos\/wp-content\/uploads\/2022\/08\/Imagem6-768x465.jpg 768w\" sizes=\"auto, (max-width: 816px) 100vw, 816px\" \/><figcaption><strong>Nova &nbsp;Pra\u00e7a &nbsp;em &nbsp;frente &nbsp;a &nbsp;portaria &nbsp;principal &nbsp;do &nbsp;Est\u00e1dio de SJ &#8211; RJ &#8211; Fonte: globo.com &#8211; 30\/06\/14<\/strong><\/figcaption><\/figure><\/div>\n\n\n\n<p>\u00a0\u00a0\u00a0\u00a0\u00a0 O PROJETO INICIAL FOI FINANCIADO em R$ 100.000.000,00 (Cem Milh\u00f5es de Reais), pelo BID (Banco Interamericano de Desenvolvimento), previsto para aquela Regi\u00e3o, quando o CRVG estava com uma Carta de Inten\u00e7\u00f5es assinada para sediar o Evento Ol\u00edmpico Rugby Rio 2016, conforme visto anteriormente (<strong>VEJA AO CLICAR AQUI<\/strong> \u2013 (<a href=\"https:\/\/vejario.abril.com.br\/cidade\/avenida-brasil-tera-novo-acesso-a-sao-cristovao\/\">https:\/\/vejario.abril.com.br\/cidade\/avenida-brasil-tera-novo-acesso-a-sao-cristovao\/<\/a>) ou (<a href=\"https:\/\/oglobo.globo.com\/rio\/r-100-milhoes-em-obras-na-barreira-do-vasco-no-caju-7753797\">https:\/\/oglobo.globo.com\/rio\/r-100-milhoes-em-obras-na-barreira-do-vasco-no-caju-7753797<\/a>).<\/p>\n\n\n\n<p>&nbsp;&nbsp;&nbsp;&nbsp;&nbsp; Em Setembro de 2011, Eu e mais o amigo, colega de prop\u00f3sito e colega de profiss\u00e3o, Eng\u00ba Civil Raimundo Almeida, estivemos no CAU-RJ (Centro de Arquitetura e Urbanismo da Cidade do Rio de Janeiro) em uma REUNI\u00c3O com a Coordenadora de Urbanismo Municipal, Dra Helena Rego, a pedido do Secret\u00e1rio Municipal, na \u00e9poca, Dr S\u00e9rgio Dias, de modo a apresentarmos SUGEST\u00d5ES e ID\u00c9IAS CONJUNTAS, para aquela Regi\u00e3o ESQUECIDA h\u00e1 d\u00e9cadas, assim como TIVEMOS O ACESSO ao referido PROJETO MUNICIPAL, para aquela \u00c1rea.<\/p>\n\n\n\n<p>&nbsp;&nbsp;&nbsp;&nbsp;&nbsp;&nbsp; Uma recomenda\u00e7\u00e3o nossa, que o projeto da Prefeitura GUARDOU SEMELHAN\u00c7A com as nossas sugest\u00f5es, foi a rua prevista acessando a Av Brasil a Rua General Alm\u00e9rio de Moura, local do Est\u00e1dio de SJ.<\/p>\n\n\n\n<p>&nbsp;&nbsp;&nbsp;&nbsp;&nbsp; Sa\u00edmos desta Reuni\u00e3o, com uma boa recep\u00e7\u00e3o, por parte da Coordenadora de Urbanismo e REPRODUZIMOS NA IMAGEM ABAIXO, de modo Simplista e Artesanal, o QUESITO ACESSIBILIDADE previsto naquele projeto e que ainda est\u00e1 em \u201ccompasso de espera\u201d:<\/p>\n\n\n\n<div class=\"wp-block-image\"><figure class=\"aligncenter size-large\"><img loading=\"lazy\" decoding=\"async\" width=\"1024\" height=\"672\" src=\"https:\/\/webvasco.com\/artigos\/wp-content\/uploads\/2022\/08\/Imagem7-1024x672.jpg\" alt=\"\" class=\"wp-image-9290\" srcset=\"https:\/\/webvasco.com\/artigos\/wp-content\/uploads\/2022\/08\/Imagem7-1024x672.jpg 1024w, https:\/\/webvasco.com\/artigos\/wp-content\/uploads\/2022\/08\/Imagem7-300x197.jpg 300w, https:\/\/webvasco.com\/artigos\/wp-content\/uploads\/2022\/08\/Imagem7-150x98.jpg 150w, https:\/\/webvasco.com\/artigos\/wp-content\/uploads\/2022\/08\/Imagem7-768x504.jpg 768w, https:\/\/webvasco.com\/artigos\/wp-content\/uploads\/2022\/08\/Imagem7.jpg 1236w\" sizes=\"auto, (max-width: 1024px) 100vw, 1024px\" \/><figcaption><strong>Imagem &nbsp;Artesanal &nbsp;relativa &nbsp;ao &nbsp;Projeto de Revitaliza\u00e7\u00e3o do Entorno de SJ, &nbsp;pela &nbsp;Prefeitura &nbsp;do &nbsp;Rio &nbsp;de &nbsp;Janeiro, Quesito Acessibilidade, quando &nbsp;o &nbsp;CRVG &nbsp;estava &nbsp;previsto &nbsp;para &nbsp;realizar &nbsp;o Rugby Rio 2016.<\/strong><br \/><strong>Fonte: Google Maps e GVRESJ<\/strong><\/figcaption><\/figure><\/div>\n\n\n\n<p>&nbsp;&nbsp;&nbsp;&nbsp;&nbsp; Posicionamos aos Vasca\u00ednos que esta \u00e9 uma Linha de A\u00e7\u00e3o pontual e necess\u00e1ria para o Entorno de SJ, pois ir\u00e1 beneficiar o CRVG, assim como todos os Moradores, Trabalhadores, Comerciantes e a Popula\u00e7\u00e3o da Cidade do Rio de Janeiro, que ganhar\u00e3o novas portas de entrada para a Regi\u00e3o de S\u00e3o Crist\u00f3v\u00e3o e Adjac\u00eancias.<\/p>\n\n\n\n<p>&nbsp;&nbsp;&nbsp;&nbsp;&nbsp; Esse prop\u00f3sito conta com o apoio dos moradores, comerciantes, empres\u00e1rios da regi\u00e3o e autoridades do Bairro Imperial de S\u00e3o Crist\u00f3v\u00e3o e seus arredores, pois essa iniciativa ir\u00e1 alavancar o POTENCIAL DE INVESTIMENTOS naquele Bairro ao se revitaliz\u00e1-lo, abrindo a possibilidade de novos Im\u00f3veis Habitacionais, Comerciais, Industriais, Culturais, tais como: Shoppings, Lojas, Cinemas, \u00c1reas de Lazer, Postos M\u00e9dicos, entre outros, que dar\u00e3o a mudan\u00e7a de uma atual \u201cREGI\u00c3O ESTAGNADA E DECADENTE\u201d, para a condi\u00e7\u00e3o de \u201cREGI\u00c3O POTENCIALIZADA\u201d!<\/p>\n\n\n\n<p>[4] <strong>\u201c\u00cdcones\u201d Vizinhos ao Est\u00e1dio de SJ:<\/strong><\/p>\n\n\n\n<p>[4.1] Quinta da Boa Vista:<\/p>\n\n\n\n<div class=\"wp-block-image\"><figure class=\"aligncenter size-large\"><img loading=\"lazy\" decoding=\"async\" width=\"352\" height=\"246\" src=\"https:\/\/webvasco.com\/artigos\/wp-content\/uploads\/2022\/08\/Imagem8.jpg\" alt=\"\" class=\"wp-image-9291\" srcset=\"https:\/\/webvasco.com\/artigos\/wp-content\/uploads\/2022\/08\/Imagem8.jpg 352w, https:\/\/webvasco.com\/artigos\/wp-content\/uploads\/2022\/08\/Imagem8-300x210.jpg 300w, https:\/\/webvasco.com\/artigos\/wp-content\/uploads\/2022\/08\/Imagem8-150x105.jpg 150w\" sizes=\"auto, (max-width: 352px) 100vw, 352px\" \/><figcaption><strong>Vista a\u00e9rea da Quinta da Boa Vista \u2013 Bairro de S\u00e3o Crist\u00f3v\u00e3o &#8211; RJ, ao fundo o Museu Nacional, que foi Resid\u00eancia Imperial<br \/>Fonte: Google<\/strong><\/figcaption><\/figure><\/div>\n\n\n\n<p>[4.2] Centro de Tradi\u00e7\u00f5es nordestinas (Feira de S\u00e3o Crist\u00f3v\u00e3o):&nbsp;&nbsp;&nbsp;&nbsp;&nbsp;<\/p>\n\n\n\n<div class=\"wp-block-image\"><figure class=\"aligncenter size-large\"><img loading=\"lazy\" decoding=\"async\" width=\"356\" height=\"237\" src=\"https:\/\/webvasco.com\/artigos\/wp-content\/uploads\/2022\/08\/Imagem9.jpg\" alt=\"\" class=\"wp-image-9292\" srcset=\"https:\/\/webvasco.com\/artigos\/wp-content\/uploads\/2022\/08\/Imagem9.jpg 356w, https:\/\/webvasco.com\/artigos\/wp-content\/uploads\/2022\/08\/Imagem9-300x200.jpg 300w, https:\/\/webvasco.com\/artigos\/wp-content\/uploads\/2022\/08\/Imagem9-150x100.jpg 150w\" sizes=\"auto, (max-width: 356px) 100vw, 356px\" \/><figcaption><strong>Popular Feira dos Nordestinos,&nbsp; Bairro de S\u00e3o <\/strong><strong>Crist\u00f3v\u00e3o &#8211; RJ<\/strong> <br \/><strong>Fonte: Google<\/strong><\/figcaption><\/figure><\/div>\n\n\n\n<p>[4.3] CADEG \u2013 Bairro de Benfica (Mercado de Alimentos e Produtos):<\/p>\n\n\n\n<div class=\"wp-block-image\"><figure class=\"aligncenter size-large\"><img loading=\"lazy\" decoding=\"async\" width=\"810\" height=\"547\" src=\"https:\/\/webvasco.com\/artigos\/wp-content\/uploads\/2022\/08\/Imagem10.jpg\" alt=\"\" class=\"wp-image-9293\" srcset=\"https:\/\/webvasco.com\/artigos\/wp-content\/uploads\/2022\/08\/Imagem10.jpg 810w, https:\/\/webvasco.com\/artigos\/wp-content\/uploads\/2022\/08\/Imagem10-300x203.jpg 300w, https:\/\/webvasco.com\/artigos\/wp-content\/uploads\/2022\/08\/Imagem10-150x101.jpg 150w, https:\/\/webvasco.com\/artigos\/wp-content\/uploads\/2022\/08\/Imagem10-768x519.jpg 768w\" sizes=\"auto, (max-width: 810px) 100vw, 810px\" \/><figcaption><strong>Mercado &nbsp;Popular &nbsp;da &nbsp;CADEG &#8211; Fonte: Google<\/strong><\/figcaption><\/figure><\/div>\n\n\n\n<p><\/p>\n\n\n\n<p>[4.4] Atual Entorno e Est\u00e1dio de SJ, a ser Revitalizado:<\/p>\n\n\n\n<div class=\"wp-block-image\"><figure class=\"aligncenter size-large\"><img loading=\"lazy\" decoding=\"async\" width=\"354\" height=\"236\" src=\"https:\/\/webvasco.com\/artigos\/wp-content\/uploads\/2022\/08\/Imagem11.jpg\" alt=\"\" class=\"wp-image-9294\" srcset=\"https:\/\/webvasco.com\/artigos\/wp-content\/uploads\/2022\/08\/Imagem11.jpg 354w, https:\/\/webvasco.com\/artigos\/wp-content\/uploads\/2022\/08\/Imagem11-300x200.jpg 300w, https:\/\/webvasco.com\/artigos\/wp-content\/uploads\/2022\/08\/Imagem11-150x100.jpg 150w\" sizes=\"auto, (max-width: 354px) 100vw, 354px\" \/><figcaption><strong>Vista&nbsp; A\u00e9rea&nbsp; do&nbsp; Atual&nbsp; Est\u00e1dio &nbsp;&#8211; Fonte: Google<\/strong><\/figcaption><\/figure><\/div>\n\n\n\n<p><\/p>\n\n\n\n<p>[4.5] Dist\u00e2ncias a partir do Est\u00e1dio de S\u00e3o Janu\u00e1rio:<\/p>\n\n\n\n<figure class=\"wp-block-table\"><table><tbody><tr><td>SJ x Av. Brasil (Rodovia BR 101)<\/td><td>0,3 Km<\/td><\/tr><tr><td>SJ x Ponte Rio\/Niter\u00f3i (Rodovia BR 101)<\/td><td>3 Km<\/td><\/tr><tr><td>SJ x Centro do Rio de Janeiro<\/td><td>8 Km<\/td><\/tr><tr><td>SJ x Esta\u00e7\u00e3o BRT Vasco da Gama<\/td><td>0,8 Km<\/td><\/tr><tr><td>SJ x Rodovi\u00e1ria do Rio de Janeiro<\/td><td>4 Km<\/td><\/tr><tr><td>SJ x Porto do Rio de Janeiro<\/td><td>6 Km<\/td><\/tr><tr><td>SJ x Aeroporto Santos Dumont (Centro do Rio de Janeiro)<\/td><td>10 Km<\/td><\/tr><tr><td>SJ x Aeroporto Internacional Gale\u00e3o\/Tom Jobim (Zona Norte do Rio de Janeiro)<\/td><td>12 Km<\/td><\/tr><tr><td>SJ x Rodovia BR 040 (Rio x BH)<\/td><td>12 Km<\/td><\/tr><tr><td>SJ x Rodovia BR 116 (Rio x SP)<\/td><td>17 Km<\/td><\/tr><tr><td>SJ x CT Moacyr Barbosa (Jacarepagu\u00e1)<\/td><td>23 Km<\/td><\/tr><tr><td>SJ x Esta\u00e7\u00f5es de Trem e de Metr\u00f4 de S\u00e3o Crist\u00f3v\u00e3o (ao lado da Quinta da Boa Vista)<\/td><td>2 Km<\/td><\/tr><tr><td>SJ x Est\u00e1dio do Maracan\u00e3<\/td><td>3 Km<\/td><\/tr><tr><td>SJ x Quinta da Boa Vista<\/td><td>1,5 Km<\/td><\/tr><tr><td>SJ x Centro de Tradi\u00e7\u00f5es Nordestinas<\/td><td>1,5 Km<\/td><\/tr><tr><td>SJ x CADEG<\/td><td>1,5 Km<\/td><\/tr><\/tbody><\/table><\/figure>\n\n\n\n<p>&nbsp;&nbsp;&nbsp;&nbsp; Como podemos observar, pelos \u00cdcones Relevantes pr\u00f3ximos a S\u00e3o Janu\u00e1rio e pela sua excelente localiza\u00e7\u00e3o geogr\u00e1fica, na Cidade do Rio de Janeiro, o Est\u00e1dio de S\u00e3o Janu\u00e1rio e o seu Entorno, MERECEM a OBSERVA\u00c7\u00c3O do Poder P\u00fablico, para que uma TRANSFORMA\u00c7\u00c3O URBAN\u00cdSTICA, seja feita a contento e que.venha a sair do papel.<\/p>\n\n\n\n<p>[5] <strong>Abaixo Assinado Eletr\u00f4nico (10.313 Assinaturas) reivindicando a Revitaliza\u00e7\u00e3o do Entorno de SJ:<\/strong><\/p>\n\n\n\n<p><strong>&nbsp;&nbsp;&nbsp;&nbsp;&nbsp; <\/strong>Em outubro de 2012, o Grupo Volunt\u00e1rio pela Revitaliza\u00e7\u00e3o do Entorno de S\u00e3o Janu\u00e1rio (GVRESJ) deu entrada, na Prefeitura Municipal do Rio de Janeiro, de um Abaixo Assinado Eletr\u00f4nico com 10.313 Assinaturas (Peti\u00e7\u00e3o + Caderno dos Nomes, com Sobrenomes e respectivos e-mails de refer\u00eancia), reivindicando que o Entorno do Est\u00e1dio fosse Revitalizado, uma vez que naquela ocasi\u00e3o o CRVG estava previsto sediar o Rugby Rio 2016, como j\u00e1 informado anteriormente e que acabou n\u00e3o ocorrendo.<\/p>\n\n\n\n<p>&nbsp;&nbsp;&nbsp;&nbsp;&nbsp;&nbsp; O fato \u00e9 que esta Linha de A\u00e7\u00e3o foi difundida no Meio Vasca\u00edno e na M\u00eddia Esportiva, em geral, e <strong>at\u00e9 hoje a Prefeitura Municipal do Rio de Janeiro, N\u00c3O DEU NENHUMA RESPOSTA.<\/strong><strong><\/strong><\/p>\n\n\n\n<p>[5.1] C\u00f3pia da Peti\u00e7\u00e3o do Abaixo Assinado Eletr\u00f4nico, com o respectivo&nbsp;Protocolo de entrada:<\/p>\n\n\n\n<figure class=\"wp-block-gallery columns-3 is-cropped wp-block-gallery-1 is-layout-flex wp-block-gallery-is-layout-flex\"><ul class=\"blocks-gallery-grid\"><li class=\"blocks-gallery-item\"><figure><a href=\"https:\/\/webvasco.com\/artigos\/wp-content\/uploads\/2022\/08\/Imagem12.jpg\"><img loading=\"lazy\" decoding=\"async\" width=\"548\" height=\"390\" src=\"https:\/\/webvasco.com\/artigos\/wp-content\/uploads\/2022\/08\/Imagem12.jpg\" alt=\"\" data-id=\"9295\" data-link=\"https:\/\/webvasco.com\/artigos\/?attachment_id=9295\" class=\"wp-image-9295\" srcset=\"https:\/\/webvasco.com\/artigos\/wp-content\/uploads\/2022\/08\/Imagem12.jpg 548w, https:\/\/webvasco.com\/artigos\/wp-content\/uploads\/2022\/08\/Imagem12-300x214.jpg 300w, https:\/\/webvasco.com\/artigos\/wp-content\/uploads\/2022\/08\/Imagem12-150x107.jpg 150w\" sizes=\"auto, (max-width: 548px) 100vw, 548px\" \/><\/a><\/figure><\/li><li class=\"blocks-gallery-item\"><figure><a href=\"https:\/\/webvasco.com\/artigos\/wp-content\/uploads\/2022\/08\/Imagem13.jpg\"><img loading=\"lazy\" decoding=\"async\" width=\"561\" height=\"366\" src=\"https:\/\/webvasco.com\/artigos\/wp-content\/uploads\/2022\/08\/Imagem13.jpg\" alt=\"\" data-id=\"9296\" data-link=\"https:\/\/webvasco.com\/artigos\/?attachment_id=9296\" class=\"wp-image-9296\" srcset=\"https:\/\/webvasco.com\/artigos\/wp-content\/uploads\/2022\/08\/Imagem13.jpg 561w, https:\/\/webvasco.com\/artigos\/wp-content\/uploads\/2022\/08\/Imagem13-300x196.jpg 300w, https:\/\/webvasco.com\/artigos\/wp-content\/uploads\/2022\/08\/Imagem13-150x98.jpg 150w\" sizes=\"auto, (max-width: 561px) 100vw, 561px\" \/><\/a><\/figure><\/li><li class=\"blocks-gallery-item\"><figure><a href=\"https:\/\/webvasco.com\/artigos\/wp-content\/uploads\/2022\/08\/Imagem14.jpg\"><img loading=\"lazy\" decoding=\"async\" width=\"434\" height=\"569\" src=\"https:\/\/webvasco.com\/artigos\/wp-content\/uploads\/2022\/08\/Imagem14.jpg\" alt=\"\" data-id=\"9297\" data-full-url=\"https:\/\/webvasco.com\/artigos\/wp-content\/uploads\/2022\/08\/Imagem14.jpg\" data-link=\"https:\/\/webvasco.com\/artigos\/?attachment_id=9297\" class=\"wp-image-9297\" srcset=\"https:\/\/webvasco.com\/artigos\/wp-content\/uploads\/2022\/08\/Imagem14.jpg 434w, https:\/\/webvasco.com\/artigos\/wp-content\/uploads\/2022\/08\/Imagem14-229x300.jpg 229w, https:\/\/webvasco.com\/artigos\/wp-content\/uploads\/2022\/08\/Imagem14-114x150.jpg 114w\" sizes=\"auto, (max-width: 434px) 100vw, 434px\" \/><\/a><\/figure><\/li><\/ul><figcaption class=\"blocks-gallery-caption\"><br \/><strong>Peti\u00e7\u00e3o, Abaixo Assinado Eletr\u00f4nico e<\/strong> <strong>Protocolo de entrada, na Prefeitura do Rio de Janeiro &#8211; Fonte: GVRESJ<\/strong><br \/><br \/><br \/><\/figcaption><\/figure>\n\n\n\n<p>[6] <strong>Considera\u00e7\u00f5es Finais e Conclus\u00e3o:<\/strong><\/p>\n\n\n\n<p><strong>&nbsp;&nbsp;&nbsp;&nbsp;&nbsp; <\/strong>Como podemos observar neste Artigo, argumentos e fatos concretos n\u00e3o faltam para JUSTIFICAR tamanho Nobre Prop\u00f3sito, para que a Amplia\u00e7\u00e3o\/Moderniza\u00e7\u00e3o do Est\u00e1dio de S\u00e3o Janu\u00e1rio, pertencente ao Club de Regatas Vasco da Gama (CRVG), possa sair a contento, uma vez que \u00e9 desejo do Clube, visando o Centen\u00e1rio deste Est\u00e1dio, em 2027, para que o mesmo j\u00e1 esteja Modernizado.<\/p>\n\n\n\n<p>&nbsp;&nbsp;&nbsp;&nbsp;&nbsp; \u00c9 tamb\u00e9m desejo do Poder P\u00fablico (Prefeitura e Governo do Estado), manifestado Publicamente pelo Prefeito Eduardo Paes&nbsp; e pelo Governador Cl\u00e1udio Castro, no tocante aos Segmentos pertencentes a cada uma das Entidades, conforme j\u00e1 relatado neste artigo, uma vez que o Est\u00e1dio de SJ est\u00e1 pr\u00f3ximo do \u201cPrograma Porto Maravilha\u201d e que poder\u00e1 integrar a Extens\u00e3o do mesmo, com Acessibilidade, Mobilidade Urbana, Transporte, Sa\u00fade, Seguran\u00e7a, Habita\u00e7\u00e3o, Esporte, Cultura e Turismo.<\/p>\n\n\n\n<p>&nbsp;&nbsp;&nbsp;&nbsp;&nbsp; Visando estas premissas, o Grupo Volunt\u00e1rio pela Revitaliza\u00e7\u00e3o do Entorno de SJ (GVRESJ) esteve presente com as Diretorias do CRVG (em 2012 &#8211; Gest\u00e3o Roberto Dinamite, em 2015 &#8211; Gest\u00e3o Eurico Miranda, em 2018 &#8211; Gest\u00e3o Alexandre Campello e 2021 &#8211; Gest\u00e3o Jorge Salgado (Representado pelo seu VP de Obras e Engenharia, Dr Pedro Seixas, que deu continuidade a pasta da Diretoria anterior), onde apresentamos o nosso Trabalho Volunt\u00e1rio e as Conquistas do mesmo, deixando com todos eles, um Material Did\u00e1tico de todo este prop\u00f3sito e de todas as Linhas de A\u00e7\u00f5es executadas.<\/p>\n\n\n\n<p>&nbsp;&nbsp;&nbsp;&nbsp;&nbsp; Infelizmente, ambas as Diretorias n\u00e3o tiveram \u00caxito, assim como o Poder P\u00fablico n\u00e3o se interessou em seguir esta causa nobre adiante, muito at\u00e9 por FALTAR VONTADE POL\u00cdTICA ENTRE AS PARTES, assim como levando em conta o fato de que a Pandemia da Covid-19, tenha tamb\u00e9m contribu\u00eddo para o \u201cesvaziamento\u201d deste prop\u00f3sito!<\/p>\n\n\n\n<p>&nbsp;&nbsp;&nbsp;&nbsp;&nbsp; Um Fato Novo, que poder\u00e1 alavancar a Revitaliza\u00e7\u00e3o do Entorno e do Est\u00e1dio de SJ \u00e9 a Sociedade An\u00f4nima do Futebol (SAF) iniciada no CRVG, em Agosto deste ano, no tocante a 70 % das A\u00e7\u00f5es do Futebol do Clube, podendo vir a se interessar em Investir neste prop\u00f3sito, vindo a ajudar no alavancamento desta Linha de A\u00e7\u00e3o perante o Clube e o Poder P\u00fablico.<\/p>\n\n\n\n<p>&nbsp;&nbsp;&nbsp;&nbsp;&nbsp; Em Janeiro de 2021&nbsp; o GVRESJ esteve na Prefeitura Municipal do Rio de Janeiro, com o Sub Prefeito do Centro e de S\u00e3o Crist\u00f3v\u00e3o, Sr Leonardo Pav\u00e3o, o qual nos recebeu muito bem a pedido do Prefeito, Sr Eduardo Paes, que estava muito atarefado com a eminente Pandemia, naquela ocasi\u00e3o, para uma troca de sugest\u00f5es para aquela Regi\u00e3o, onde deixamos um Material de cerca de 100 p\u00e1ginas, com demandas, documentos e mat\u00e9rias do Entorno, o qual ficou de ser apreciado por ambos.<\/p>\n\n\n\n<div class=\"wp-block-image\"><figure class=\"aligncenter size-large\"><img loading=\"lazy\" decoding=\"async\" width=\"567\" height=\"319\" src=\"https:\/\/webvasco.com\/artigos\/wp-content\/uploads\/2022\/08\/Imagem15.jpg\" alt=\"\" class=\"wp-image-9298\" srcset=\"https:\/\/webvasco.com\/artigos\/wp-content\/uploads\/2022\/08\/Imagem15.jpg 567w, https:\/\/webvasco.com\/artigos\/wp-content\/uploads\/2022\/08\/Imagem15-300x169.jpg 300w, https:\/\/webvasco.com\/artigos\/wp-content\/uploads\/2022\/08\/Imagem15-150x84.jpg 150w\" sizes=\"auto, (max-width: 567px) 100vw, 567px\" \/><figcaption><strong>Da&nbsp;&nbsp; esquerda&nbsp;&nbsp; para&nbsp;&nbsp; a&nbsp;&nbsp; direita:&nbsp;&nbsp; Sub Prefeito,&nbsp;&nbsp; Sr Leonardo Pav\u00e3o;&nbsp;&nbsp; seu Assessor, Sr Lu\u00eds Gustavo; Eng\u00ba Civil, Dr Marcelo Paiva (Representando o GVRESJ) &nbsp;e &nbsp;o &nbsp;Presidente &nbsp;da &nbsp;C\u00e2mara &nbsp;Comunit\u00e1ria &nbsp;de &nbsp;S\u00e3o Crist\u00f3v\u00e3o, Sr Maur\u00edcio Mendes &#8211; Fonte: GVRESJ<\/strong><\/figcaption><\/figure><\/div>\n\n\n\n<div class=\"wp-block-image\"><figure class=\"aligncenter size-large\"><img loading=\"lazy\" decoding=\"async\" width=\"567\" height=\"319\" src=\"https:\/\/webvasco.com\/artigos\/wp-content\/uploads\/2022\/08\/Imagem16.jpg\" alt=\"\" class=\"wp-image-9299\" srcset=\"https:\/\/webvasco.com\/artigos\/wp-content\/uploads\/2022\/08\/Imagem16.jpg 567w, https:\/\/webvasco.com\/artigos\/wp-content\/uploads\/2022\/08\/Imagem16-300x169.jpg 300w, https:\/\/webvasco.com\/artigos\/wp-content\/uploads\/2022\/08\/Imagem16-150x84.jpg 150w\" sizes=\"auto, (max-width: 567px) 100vw, 567px\" \/><figcaption><strong>Vis\u00e3o &nbsp;interna &nbsp;do Novo Est\u00e1dio de S\u00e3o Janu\u00e1rio, com a Social preservada<\/strong><br \/><strong>&#8211; Fonte: Google<\/strong><\/figcaption><\/figure><\/div>\n\n\n\n<p>&nbsp;&nbsp;&nbsp;&nbsp;&nbsp; Mediante a tudo o que foi exposto at\u00e9 aqui, podemos ter a certeza de que a Amplia\u00e7\u00e3o\/Moderniza\u00e7\u00e3o do Est\u00e1dio de S\u00e3o Janu\u00e1rio (Capacidade Nominal Atual de 22.000 Expectadores, sendo posteriormente a sua amplia\u00e7\u00e3o, para 43.000 Expectadores, quase o dobro), s\u00f3 ser\u00e1 poss\u00edvel com o Apoio do Poder P\u00fablico, <strong>fazendo a contento a Revitaliza\u00e7\u00e3o do&nbsp; seu Entorno,<\/strong> que \u00e9 o Pr\u00e9-Requisito de toda e qualquer Linha de A\u00e7\u00e3o, naquela Regi\u00e3o esquecida h\u00e1 70 Anos por ele mesmo, conforme j\u00e1 relatado anteriormente.<\/p>\n\n\n\n<p>&nbsp;&nbsp;&nbsp;&nbsp;&nbsp; Basta apenas <strong>a Prefeitura do Rio de Janeiro, colocar em pr\u00e1tica o Projeto previsto para a Rio 2016 (Programa \u201cMorar Carioca\u201d), conforme citado anteriormente neste artigo (tanto na Imagem Artesanal anterior, quanto com a verba destinada e demonstrada, nos Links antes dessa imagem).<\/strong><\/p>\n\n\n\n<p>&nbsp;&nbsp;&nbsp;&nbsp;&nbsp; Por hora \u00e9 isto e desejamos que o Poder P\u00fablico ENTENDA que para uma Obra de Amplia\u00e7\u00e3o de SJ ser feita, a Prefeitura ter\u00e1 que dar Licen\u00e7as de Obras e a mesma \u00e9 SABEDORA de que DOBRAR\u00c3O os problemas de DESLOCAMENTOS e ACESSOS, ao se aumentar a Capacidade Nominal do Est\u00e1dio, se n\u00e3o houverem tais Interven\u00e7\u00f5es P\u00fablicas que venham a VIABILIZAR tamanha Obra, ben\u00e9fica aquela Regi\u00e3o, conforme os argumentos explanados aqui.<\/p>\n\n\n\n<p>&nbsp;&nbsp;&nbsp;&nbsp;&nbsp;&nbsp; Seria um CONTRA SENSO a Prefeitura dar tais Licen\u00e7as de Obras, se a mesma n\u00e3o tomar PROVID\u00caNCIAS, que s\u00f3 ela mesmo poder\u00e1 tomar, que venham a servir de Acessibilidade e Mobilidade Local, uma vez que a mesma \u00e9 RESPONS\u00c0VEL por tais INTERVEN\u00c7\u00d5ES, reiterando: ATRASADAS h\u00e1 7 d\u00e9cadas (\u201cmantra\u201d que tem que ser assimilado, para se ter a id\u00e9ia do ATRASO de A\u00e7\u00f5es P\u00fablicas naquele local).<\/p>\n\n\n\n<p>&nbsp;&nbsp;&nbsp;&nbsp;&nbsp; Como considera\u00e7\u00e3o final, todo e qualquer morador que vier a ser \u201cimpactado\u201d, nas obras de Alargamentos Vi\u00e1rios e na Execu\u00e7\u00e3o das 2 novas ruas, dentro da Comunidade Barreira do Vasco, tem a PREVIS\u00c3O de serem RELOCADOS para os novos Aptos (\u201cMinha Casa, Minha Vida\u201d) a serem constru\u00eddos no Terreno Vazio, que foi da Metal\u00fargica Rheem, ao lado do Mercado Assa\u00ed (vide na Imagem Artesanal do Google, mostrada anteriormente), onde TODOS os Moradores, com esta Condi\u00e7\u00e3o, passar\u00e3o a SER PROPRIET\u00c1RIOS e n\u00e3o mais \u201cPosseiros\u201d, como hoje s\u00e3o considerados. Isso se chama REGULARIZA\u00c7\u00c3O FUNDI\u00c1RIA!<\/p>\n\n\n\n<p>&nbsp;&nbsp;&nbsp;&nbsp;&nbsp;&nbsp; BOM SENSO E POTENCIALIZA\u00c7\u00c3O DE UMA \u00c1REA ESQUECIDA, s\u00e3o as \u201cPalavras Chaves\u201d, para esta Imponente Obra, que trar\u00e1 Prosperidades ao Lugar, possa \u201csair do papel\u201d a contento e sem \u201ccortes\u201d!<\/p>\n\n\n\n<p>&nbsp;&nbsp;&nbsp;&nbsp;&nbsp; Por \u00faltimo, externamos aqui os votos de um Anivers\u00e1rio Aben\u00e7oado, ao CRVG, pela passagem dos seus 124 anos de exist\u00eancia, neste M\u00eas de Agosto de 2022 e que dias melhores estejam vindo, para o nosso amado Clube!<\/p>\n\n\n\n<p>&nbsp;&nbsp;&nbsp;&nbsp;&nbsp;&nbsp; SV a todos e segue o Link do YouTube, do Projeto de&nbsp; Amplia\u00e7\u00e3o de SJ, para o Meio Vasca\u00edno entender o que est\u00e1 sendo proposto at\u00e9 o momento:<\/p>\n\n\n\n<figure class=\"wp-block-embed aligncenter is-type-video is-provider-youtube wp-block-embed-youtube wp-embed-aspect-16-9 wp-has-aspect-ratio\"><div class=\"wp-block-embed__wrapper\">\nhttps:\/\/youtu.be\/_qPJd4NRJpA\n<\/div><figcaption>link: <a href=\"https:\/\/youtu.be\/_qPJd4NRJpA\" target=\"_blank\" rel=\"noreferrer noopener\">https:\/\/youtu.be\/_qPJd4NRJpA<\/a><\/figcaption><\/figure>\n\n\n\n<p><\/p>\n","protected":false},"excerpt":{"rendered":"<p>[1] Introdu\u00e7\u00e3o: &nbsp;&nbsp;&nbsp;&nbsp;&nbsp; Caros Amigos Vasca\u00ednos: &nbsp;&nbsp;&nbsp;&nbsp;&nbsp; Venho, atrav\u00e9s deste artigo, trazer um material t\u00e9cnico&#8230;<\/p>\n","protected":false},"author":3,"featured_media":9284,"comment_status":"open","ping_status":"closed","sticky":false,"template":"","format":"standard","meta":{"footnotes":""},"categories":[16],"tags":[],"class_list":["post-9283","post","type-post","status-publish","format-standard","has-post-thumbnail","hentry","category-marcelopaiva"],"_links":{"self":[{"href":"https:\/\/webvasco.com\/artigos\/wp-json\/wp\/v2\/posts\/9283","targetHints":{"allow":["GET"]}}],"collection":[{"href":"https:\/\/webvasco.com\/artigos\/wp-json\/wp\/v2\/posts"}],"about":[{"href":"https:\/\/webvasco.com\/artigos\/wp-json\/wp\/v2\/types\/post"}],"author":[{"embeddable":true,"href":"https:\/\/webvasco.com\/artigos\/wp-json\/wp\/v2\/users\/3"}],"replies":[{"embeddable":true,"href":"https:\/\/webvasco.com\/artigos\/wp-json\/wp\/v2\/comments?post=9283"}],"version-history":[{"count":9,"href":"https:\/\/webvasco.com\/artigos\/wp-json\/wp\/v2\/posts\/9283\/revisions"}],"predecessor-version":[{"id":9311,"href":"https:\/\/webvasco.com\/artigos\/wp-json\/wp\/v2\/posts\/9283\/revisions\/9311"}],"wp:featuredmedia":[{"embeddable":true,"href":"https:\/\/webvasco.com\/artigos\/wp-json\/wp\/v2\/media\/9284"}],"wp:attachment":[{"href":"https:\/\/webvasco.com\/artigos\/wp-json\/wp\/v2\/media?parent=9283"}],"wp:term":[{"taxonomy":"category","embeddable":true,"href":"https:\/\/webvasco.com\/artigos\/wp-json\/wp\/v2\/categories?post=9283"},{"taxonomy":"post_tag","embeddable":true,"href":"https:\/\/webvasco.com\/artigos\/wp-json\/wp\/v2\/tags?post=9283"}],"curies":[{"name":"wp","href":"https:\/\/api.w.org\/{rel}","templated":true}]}}