{"id":9317,"date":"2022-09-01T13:53:41","date_gmt":"2022-09-01T16:53:41","guid":{"rendered":"https:\/\/webvasco.com\/artigos\/?p=9317"},"modified":"2022-09-01T14:03:17","modified_gmt":"2022-09-01T17:03:17","slug":"its-time-to-revitalize-the-surroundings-and-expand-modernize-sao-januario-stadium","status":"publish","type":"post","link":"https:\/\/webvasco.com\/artigos\/colunistas\/marcelopaiva\/its-time-to-revitalize-the-surroundings-and-expand-modernize-sao-januario-stadium\/","title":{"rendered":"It&#8217;s time to revitalize the surroundings and expand\/modernize S\u00e3o Janu\u00e1rio Stadium!"},"content":{"rendered":"\n<p><strong>NOTE: This Article is in the Original Version, in Portuguese, at the following Link: <\/strong><a href=\"https:\/\/webvasco.com\/artigos\/colunistas\/marcelopaiva\/chegou-a-hora-da-revitalizacao-do-entorno-e-da-ampliacao-modernizacao-do-estadio-de-sao-januario\/\">https:\/\/webvasco.com\/artigos\/colunistas\/marcelopaiva\/chegou-a-hora-da-revitalizacao-do-entorno-e-da-ampliacao-modernizacao-do-estadio-de-sao-januario\/<\/a><strong><\/strong><\/p>\n\n\n\n<p>[1] <strong><\/strong><strong>Introducion:<\/strong><\/p>\n\n\n\n<p>&nbsp;&nbsp;&nbsp;&nbsp; Dears Vasca\u00ednos friends:<\/p>\n\n\n\n<p>&nbsp;&nbsp;&nbsp;&nbsp; I come, through this article, to bring technical and detailed material to Vasca\u00ednos fans, which serves as a beacon and understanding, for the maturation of the Expansion\/Modernization, of the S\u00e3o Janu\u00e1rio Stadium, belonging to our beloved Club de Regatas Vasco da Gama (CRVG).<\/p>\n\n\n\n<p>&nbsp;&nbsp;&nbsp;&nbsp; This matter is returning to Vasca\u00ednos fans, since the parties (CRVG and the Public Power, say City Hall of the City of Rio de Janeiro and Government of the State of RJ), have recently expressed their intention to carry out this purpose, concomitantly, in what belongs to each of the parties.<\/p>\n\n\n\n<p>&nbsp;&nbsp;&nbsp;&nbsp; As for the CRVG, it would be the Project and the work itself, and to the Public Power, Public Actions that enable and update the SJ Surroundings, such as: Acessibility and Urban Mobility, as well as other services arising from it (Work Licenses, Habitat, Logistics Interventions, Relative Taxes, etc &#8230;), to serve, as a prerequisite, for the realization of this purpose.<\/p>\n\n\n\n<div class=\"wp-block-image\"><figure class=\"aligncenter size-large\"><img loading=\"lazy\" decoding=\"async\" width=\"567\" height=\"289\" src=\"https:\/\/webvasco.com\/artigos\/wp-content\/uploads\/2022\/08\/Imagem1.jpg\" alt=\"\" class=\"wp-image-9284\" srcset=\"https:\/\/webvasco.com\/artigos\/wp-content\/uploads\/2022\/08\/Imagem1.jpg 567w, https:\/\/webvasco.com\/artigos\/wp-content\/uploads\/2022\/08\/Imagem1-300x153.jpg 300w, https:\/\/webvasco.com\/artigos\/wp-content\/uploads\/2022\/08\/Imagem1-150x76.jpg 150w\" sizes=\"auto, (max-width: 567px) 100vw, 567px\" \/><figcaption><strong>New S\u00e3o Janu\u00e1rio Stadium &#8211; Source: CRVG<\/strong><\/figcaption><\/figure><\/div>\n\n\n\n<p>[2] <strong><\/strong><strong>Going back a few years ago:<\/strong><\/p>\n\n\n\n<p><strong>&nbsp;&nbsp;&nbsp;&nbsp; <\/strong>As is know in Vasca\u00ednos fans, I, Marcelo Paiva, am part of this Volunteer Group fos the Revitalization of the Surroundings of S\u00e3o Janu\u00e1rio (GVRESJ), togheter with Andr\u00e9 Pedro, Marcus Simonini, Raimundo Almeida, Maur\u00edcio Mendes and Phillipi Labanca, where from the year 2011, we created this voluntary group, whose purpose is to, through our expertise, serve as a Voluntary Advisory Service between the CRVG and the Government, as a \u201cconnection bridge\u201d for both, so that this Noble Purpose can be made viable, whose lines of Actions so far have already yielded some results!<\/p>\n\n\n\n<p><strong>&nbsp;&nbsp;&nbsp;&nbsp;&nbsp; <\/strong>We all know that, for some years now, there has been a chronic problem of Accessibility and Public Flow, in Vasco da Gama games, in their Stadium, since its neighborhood are narrow and the place NEEDS PUBLIC WORKS, in that REGION FORGOTTEN BY THE SAME for over 70 years.<\/p>\n\n\n\n<p>&nbsp;&nbsp;&nbsp;&nbsp; If such interventions are SEEN, by the Public Power itself, as URGENT DEMANDS to be carried out, that is where the prerequisite for the Expansion\/Modernization of S\u00e3o Janu\u00e1rio comes in, in the segments of Accessibility, Urban Mobility, Housing (New Buildings), Education (New Schools, Daycare Centers and Renovations of the existing ones), Health (New Health Centers and Renovation of the existing ones), Security, Transport, Public Lighting, Garbage Collection, Leisure, etc &#8230;, wich Will GENERATE THE INVESTMENT POTENTIAL IN THAT NEEDED REGION, for decades.<\/p>\n\n\n\n<p>&nbsp;&nbsp;&nbsp;&nbsp;&nbsp; All Residents of the Region will win, the CRVG, the passersby, the City of Rio de Janeiro itself with a Revitalized Sports Equipment, serving as na \u201cAnchor\u201d for these Transformations, as well as the S\u00e3o Crist\u00f3v\u00e3o District, wich h\u00e1s the Historic and Cultural Appeal for having the nickname of \u201cImperial Neighborhood\u201d, where the Brazilian Empire was estabilished in this Region!<\/p>\n\n\n\n<p>[3] <strong><\/strong><strong>Some necessary information, to enter the purpose:<\/strong><\/p>\n\n\n\n<p><strong>&nbsp;&nbsp;&nbsp;&nbsp; <\/strong>Two \u201csaddled horses\u201d passed through the door of the CRVG, so that this Expansion\/Modernization, as a Line of Action, could have been carried out:<\/p>\n\n\n\n<p>&nbsp;&nbsp;&nbsp;&nbsp; The first took place when the CRVG was sought out by the City of Rio de Janeiro, so that the S\u00e3o Janu\u00e1rio Stadium could serve as an Olimpic Stadium for the 2007 Pan American Games and that the parties did not reach a \u201ccommon denominator\u201d! This fact proves why the Nilton Santos Stadium exists today, belonging to the City Hall (leased by Botafogo FR).<\/p>\n\n\n\n<p>&nbsp;&nbsp;&nbsp;&nbsp;&nbsp; The second took place on the occasion that the CRVG was chosen by the COB, with the signing of a Letter of Intent (July 2010), in the Club itself between the parties, on the occasion of the Rio 2016 Olympics, to host the Rugby and that after some time, there was no understading between the aforementioned parties, for the realization of this Olympic Sport, which would require the Revitalization of the Surroundings (Municipal Housing Program \u201cMorar Carioca\u201d) and the Modernization of the S\u00e3o Janu\u00e1rio Stadium.<\/p>\n\n\n\n<div class=\"wp-block-image\"><figure class=\"aligncenter size-large\"><img loading=\"lazy\" decoding=\"async\" width=\"379\" height=\"165\" src=\"https:\/\/webvasco.com\/artigos\/wp-content\/uploads\/2022\/08\/Imagem2.jpg\" alt=\"\" class=\"wp-image-9285\" srcset=\"https:\/\/webvasco.com\/artigos\/wp-content\/uploads\/2022\/08\/Imagem2.jpg 379w, https:\/\/webvasco.com\/artigos\/wp-content\/uploads\/2022\/08\/Imagem2-300x131.jpg 300w, https:\/\/webvasco.com\/artigos\/wp-content\/uploads\/2022\/08\/Imagem2-150x65.jpg 150w\" sizes=\"auto, (max-width: 379px) 100vw, 379px\" \/><figcaption><strong>Signing of the Letter of intent, between the COB and the CRVG, for Rugby Rio 2016 in S\u00e3o Janu\u00e1rio<br \/>Image source: vasco.com.br<\/strong><\/figcaption><\/figure><\/div>\n\n\n\n<p><strong>&nbsp;&nbsp;&nbsp;&nbsp; <\/strong>Even with the loss of Rugby Rio 2016 in SJ, the \u201cMorar Carioca\u201d Program remained active and the Revitalization of the Surroundings of S\u00e3o Janu\u00e1rio Stadium was again spoken by the Mayor of the City of Rio de Janeiro, in July 2014, as in the following Link: (<a href=\"http:\/\/www.rio.rj.gov.br\/web\/guest\/exibeconteudo?id=4822086\">http:\/\/www.rio.rj.gov.br\/web\/guest\/exibeconteudo?id=4822086<\/a> &#8211; this Link is no longer available on the Internet, but we have its content Printed in Archive, the wich guarantees the veracity of the information), including the amount foreseen in the amount of BRL 31,000,000.00 (Thirty-One Million Reais, a small amount for such improvements) for Accessibility Works, Housing, Land Regularization, Sanitation, Lighting, Leisure, etc &#8230;<\/p>\n\n\n\n<p>&nbsp;&nbsp;&nbsp;&nbsp;&nbsp; Regardless of the loss of Rugby Rio 2016, in SJ, the Surrounding Revitalization is in \u201chold measure\u201d, in its Macro Mode, although a few interventions are being made so far!<\/p>\n\n\n\n<p>&nbsp;&nbsp;&nbsp;&nbsp;&nbsp; It is worth mentioning that the \u201cVasco da Gama Station\u201d, of the BRT Transbrasil Consortium, is being built on Av Brasil, about 800 meters from the SJ Stadium. For those Who don\u2019t know what the BRT (Bus Rapid Transit) is, it is na Express Bus Corridor, which Will connect the Deodoro neighborhood to Santos Dumont Airport, in downtown Rio de Janeiro. This Station has the \u201cModal\u201d Function, wich will allow connections with other Transport segments in the City, such as the BRT, VLT, Metro, Trains, Buses, Taxis, Ferries, etc &#8230;<\/p>\n\n\n\n<div class=\"wp-block-image\"><figure class=\"aligncenter size-large\"><img loading=\"lazy\" decoding=\"async\" width=\"1024\" height=\"377\" src=\"https:\/\/webvasco.com\/artigos\/wp-content\/uploads\/2022\/08\/Imagem3-1024x377.jpg\" alt=\"\" class=\"wp-image-9286\" srcset=\"https:\/\/webvasco.com\/artigos\/wp-content\/uploads\/2022\/08\/Imagem3-1024x377.jpg 1024w, https:\/\/webvasco.com\/artigos\/wp-content\/uploads\/2022\/08\/Imagem3-300x110.jpg 300w, https:\/\/webvasco.com\/artigos\/wp-content\/uploads\/2022\/08\/Imagem3-150x55.jpg 150w, https:\/\/webvasco.com\/artigos\/wp-content\/uploads\/2022\/08\/Imagem3-768x283.jpg 768w, https:\/\/webvasco.com\/artigos\/wp-content\/uploads\/2022\/08\/Imagem3.jpg 1244w\" sizes=\"auto, (max-width: 1024px) 100vw, 1024px\" \/><figcaption><strong>BRT Station \u201cVasco da Gama\u201d at Av Brazil \u2013 Source: GVRESJ<\/strong><\/figcaption><\/figure><\/div>\n\n\n\n<p><\/p>\n\n\n\n<div class=\"wp-block-image\"><figure class=\"aligncenter size-large\"><img loading=\"lazy\" decoding=\"async\" width=\"343\" height=\"254\" src=\"https:\/\/webvasco.com\/artigos\/wp-content\/uploads\/2022\/08\/Imagem4.jpg\" alt=\"\" class=\"wp-image-9287\" srcset=\"https:\/\/webvasco.com\/artigos\/wp-content\/uploads\/2022\/08\/Imagem4.jpg 343w, https:\/\/webvasco.com\/artigos\/wp-content\/uploads\/2022\/08\/Imagem4-300x222.jpg 300w, https:\/\/webvasco.com\/artigos\/wp-content\/uploads\/2022\/08\/Imagem4-150x111.jpg 150w\" sizes=\"auto, (max-width: 343px) 100vw, 343px\" \/><figcaption><strong>Forecast of the new surroundings of SJ<br \/>Source: SMH Portal &#8211; City Hall of Rio<\/strong>&nbsp;&nbsp;&nbsp;<\/figcaption><\/figure><\/div>\n\n\n\n<div class=\"wp-block-image\"><figure class=\"aligncenter size-large is-resized\"><img loading=\"lazy\" decoding=\"async\" src=\"https:\/\/webvasco.com\/artigos\/wp-content\/uploads\/2022\/08\/Imagem5.jpg\" alt=\"\" class=\"wp-image-9288\" width=\"351\" height=\"219\" srcset=\"https:\/\/webvasco.com\/artigos\/wp-content\/uploads\/2022\/08\/Imagem5.jpg 351w, https:\/\/webvasco.com\/artigos\/wp-content\/uploads\/2022\/08\/Imagem5-300x187.jpg 300w, https:\/\/webvasco.com\/artigos\/wp-content\/uploads\/2022\/08\/Imagem5-150x94.jpg 150w\" sizes=\"auto, (max-width: 351px) 100vw, 351px\" \/><figcaption><strong>Futuristic view of Ricardo Machado Street, between<br \/>the Stadium of SJ and the Barreira do Vasco<br \/>Source: Jornal O Globo \u2013 RJ \u2013 March 3, 2016<\/strong><\/figcaption><\/figure><\/div>\n\n\n\n<div class=\"wp-block-image\"><figure class=\"aligncenter size-large\"><img loading=\"lazy\" decoding=\"async\" width=\"816\" height=\"494\" src=\"https:\/\/webvasco.com\/artigos\/wp-content\/uploads\/2022\/08\/Imagem6.jpg\" alt=\"\" class=\"wp-image-9289\" srcset=\"https:\/\/webvasco.com\/artigos\/wp-content\/uploads\/2022\/08\/Imagem6.jpg 816w, https:\/\/webvasco.com\/artigos\/wp-content\/uploads\/2022\/08\/Imagem6-300x182.jpg 300w, https:\/\/webvasco.com\/artigos\/wp-content\/uploads\/2022\/08\/Imagem6-150x91.jpg 150w, https:\/\/webvasco.com\/artigos\/wp-content\/uploads\/2022\/08\/Imagem6-768x465.jpg 768w\" sizes=\"auto, (max-width: 816px) 100vw, 816px\" \/><figcaption><strong>Futuristic view of New Square in front of the main entrance of the<br \/>S\u00e3o Janu\u00e1rio Stadium (SJ) &#8211; RJ<br \/>Source: globo.com \u2013 June 30, 2014<\/strong><\/figcaption><\/figure><\/div>\n\n\n\n<p>&nbsp;&nbsp;&nbsp;&nbsp;&nbsp; THE INITIAL PROJECT WAS FINANCED at BRL 100,000,000.00 (One Hundred Million Reais), by the IDB, planned for that Region, when the CRVG had a Letter of Intent signed to host the Rugby Rio 2016 Olympic Event, as seen above (<strong>VIEW BY CLICKING HERE<\/strong> \u2013 (<a href=\"https:\/\/vejario.abril.com.br\/cidade\/avenida-brasil-tera-novo-acesso-a-sao-cristovao\/\">https:\/\/vejario.abril.com.br\/cidade\/avenida-brasil-tera-novo-acesso-a-sao-cristovao\/<\/a>) or (<a href=\"https:\/\/oglobo.globo.com\/rio\/r-100-milhoes-em-obras-na-barreira-do-vasco-no-caju-7753797)\">https:\/\/oglobo.globo.com\/rio\/r-100-milhoes-em-obras-na-barreira-do-vasco-no-caju-7753797)<\/a>).<\/p>\n\n\n\n<p>&nbsp;&nbsp;&nbsp;&nbsp;&nbsp; In September 2011, I and my friend, colleague on purpose and colleague by profession, Civil Engineer Raimundo Almeida, were at CAU-RJ (Centre for Architecture and Urbanism of the City of Rio de Janeiro) in a MEETING with the Urban Planning Coordinator Municipal, Dr Helena Rego, at the request of the Municipal Secretary, at the time, Dr S\u00e9rgio Dias, in order to present SUGGESTIONS and JOINT IDEAS, for that region forgotten for decades, as we had ACCESS to the aforementioned MUNICIPAL PROJECT, for that Area.<\/p>\n\n\n\n<p>&nbsp;&nbsp;&nbsp;&nbsp;&nbsp; One of our recommendations, which the City Hall project KEPT LIKE with our suggestions, was the planned street accessing Av Brasil to Rua General Alm\u00e9rio de Moura, site of the SJ Stadium.<\/p>\n\n\n\n<p>&nbsp;&nbsp;&nbsp;&nbsp;&nbsp; We left this Meeting with a good reception from the Urban Planning Coordinator and WE REPRODUCE IN THE IMAGE BELOW, in a simplistic and artisanal way, the ACCESSIBILITY QUESTION provided for in that project and which is still in \u201cwaiting step\u201d:<\/p>\n\n\n\n<div class=\"wp-block-image\"><figure class=\"aligncenter size-large\"><img loading=\"lazy\" decoding=\"async\" width=\"1024\" height=\"672\" src=\"https:\/\/webvasco.com\/artigos\/wp-content\/uploads\/2022\/08\/Imagem7-1024x672.jpg\" alt=\"\" class=\"wp-image-9290\" srcset=\"https:\/\/webvasco.com\/artigos\/wp-content\/uploads\/2022\/08\/Imagem7-1024x672.jpg 1024w, https:\/\/webvasco.com\/artigos\/wp-content\/uploads\/2022\/08\/Imagem7-300x197.jpg 300w, https:\/\/webvasco.com\/artigos\/wp-content\/uploads\/2022\/08\/Imagem7-150x98.jpg 150w, https:\/\/webvasco.com\/artigos\/wp-content\/uploads\/2022\/08\/Imagem7-768x504.jpg 768w, https:\/\/webvasco.com\/artigos\/wp-content\/uploads\/2022\/08\/Imagem7.jpg 1236w\" sizes=\"auto, (max-width: 1024px) 100vw, 1024px\" \/><figcaption><strong>Handmade image related to the SJ Surroundings Revitalization Project, by the City Hall of Rio de Janeiro, Accessibility Question, when the CRVG was scheduled to hold Rugby Rio 2016.<br \/>Source: Google Maps and GVRESJ<\/strong><\/figcaption><\/figure><\/div>\n\n\n\n<p>&nbsp;&nbsp;&nbsp;&nbsp;&nbsp; We state to Vasco da Gama fans that this is a punctual and necessary Action Line for the surroundings of the SJ, as it will benefit CRVG, as well as all Residents, Workers, Merchants and the Population of the City of Rio de Janeiro, which will gain new gateways to the S\u00e3o Crist\u00f3v\u00e3o Region and surroundings.<\/p>\n\n\n\n<p>&nbsp;&nbsp;&nbsp;&nbsp;&nbsp; This purpose has the support of residents, merchants, entrepreneurs in the region and authorities of the Imperial Neighborhood of S\u00e3o Crist\u00f3v\u00e3o and surroundings, as this initiative will leverage the INVESTMENT POTENTIAL in that Neighborhood, revitalizing it, opening the possibility of new Housing Properties. , Commercial, Industrial, Cultural, such as: Malls, Stores, Cinemas, Leisure Areas, Medical Centers, among others, which will move from a current \u201cSTAGNANT AND DECAYING REGION\u201d, to the condition of \u201cINVESTMENTS POTENTIAL REGION\u201d!<\/p>\n\n\n\n<p>[4] <strong>\u201cPoints of Interest\u201d Neighboring the SJ Stadium:<\/strong><\/p>\n\n\n\n<p>[4.1] Quinta da Boa Vista:<\/p>\n\n\n\n<div class=\"wp-block-image\"><figure class=\"aligncenter size-large\"><img loading=\"lazy\" decoding=\"async\" width=\"352\" height=\"246\" src=\"https:\/\/webvasco.com\/artigos\/wp-content\/uploads\/2022\/08\/Imagem8.jpg\" alt=\"\" class=\"wp-image-9291\" srcset=\"https:\/\/webvasco.com\/artigos\/wp-content\/uploads\/2022\/08\/Imagem8.jpg 352w, https:\/\/webvasco.com\/artigos\/wp-content\/uploads\/2022\/08\/Imagem8-300x210.jpg 300w, https:\/\/webvasco.com\/artigos\/wp-content\/uploads\/2022\/08\/Imagem8-150x105.jpg 150w\" sizes=\"auto, (max-width: 352px) 100vw, 352px\" \/><figcaption><strong>Aerial view of Quinta da Boa Vista &#8211; Neigborhood<br \/>of S\u00e3o Crist\u00f3v\u00e3o &#8211; RJ, in the background the<br \/>National Museum, wich was Imperial Residence<br \/>Source: Google<\/strong><\/figcaption><\/figure><\/div>\n\n\n\n<p>[4.2] Centro de Tradi\u00e7\u00f5es Nordestinas (S\u00e3o Crist\u00f3v\u00e3o Fair):&nbsp;&nbsp;&nbsp;&nbsp;&nbsp;<\/p>\n\n\n\n<div class=\"wp-block-image\"><figure class=\"aligncenter size-large\"><img loading=\"lazy\" decoding=\"async\" width=\"356\" height=\"237\" src=\"https:\/\/webvasco.com\/artigos\/wp-content\/uploads\/2022\/08\/Imagem9.jpg\" alt=\"\" class=\"wp-image-9292\" srcset=\"https:\/\/webvasco.com\/artigos\/wp-content\/uploads\/2022\/08\/Imagem9.jpg 356w, https:\/\/webvasco.com\/artigos\/wp-content\/uploads\/2022\/08\/Imagem9-300x200.jpg 300w, https:\/\/webvasco.com\/artigos\/wp-content\/uploads\/2022\/08\/Imagem9-150x100.jpg 150w\" sizes=\"auto, (max-width: 356px) 100vw, 356px\" \/><figcaption><strong>Popular Fair of <\/strong><strong>Northeastern People<\/strong>, neigborhood of S\u00e3o<br \/>Crist\u00f3v\u00e3o &#8211; RJ &#8211; Source: Google<\/figcaption><\/figure><\/div>\n\n\n\n<p>[4.3] CADEG \u2013 Neigborhood of Benfica (Food and Product Market)::<\/p>\n\n\n\n<div class=\"wp-block-image\"><figure class=\"aligncenter size-large\"><img loading=\"lazy\" decoding=\"async\" width=\"810\" height=\"547\" src=\"https:\/\/webvasco.com\/artigos\/wp-content\/uploads\/2022\/08\/Imagem10.jpg\" alt=\"\" class=\"wp-image-9293\" srcset=\"https:\/\/webvasco.com\/artigos\/wp-content\/uploads\/2022\/08\/Imagem10.jpg 810w, https:\/\/webvasco.com\/artigos\/wp-content\/uploads\/2022\/08\/Imagem10-300x203.jpg 300w, https:\/\/webvasco.com\/artigos\/wp-content\/uploads\/2022\/08\/Imagem10-150x101.jpg 150w, https:\/\/webvasco.com\/artigos\/wp-content\/uploads\/2022\/08\/Imagem10-768x519.jpg 768w\" sizes=\"auto, (max-width: 810px) 100vw, 810px\" \/><figcaption><strong>CADEG Popular Market &#8211; Source: Google<\/strong><\/figcaption><\/figure><\/div>\n\n\n\n<p><\/p>\n\n\n\n<p>[4.4] Current Surroundings S\u00e3o Janu\u00e1rio (SJ) and Stadium, to be Revitalized:<\/p>\n\n\n\n<div class=\"wp-block-image\"><figure class=\"aligncenter size-large\"><img loading=\"lazy\" decoding=\"async\" width=\"354\" height=\"236\" src=\"https:\/\/webvasco.com\/artigos\/wp-content\/uploads\/2022\/08\/Imagem11.jpg\" alt=\"\" class=\"wp-image-9294\" srcset=\"https:\/\/webvasco.com\/artigos\/wp-content\/uploads\/2022\/08\/Imagem11.jpg 354w, https:\/\/webvasco.com\/artigos\/wp-content\/uploads\/2022\/08\/Imagem11-300x200.jpg 300w, https:\/\/webvasco.com\/artigos\/wp-content\/uploads\/2022\/08\/Imagem11-150x100.jpg 150w\" sizes=\"auto, (max-width: 354px) 100vw, 354px\" \/><figcaption><strong>Aerial view of the current Stadium &nbsp;&#8211; Source: Google<\/strong><\/figcaption><\/figure><\/div>\n\n\n\n<p><\/p>\n\n\n\n<p>[4.5] Distances from S\u00e3o Janu\u00e1rio Stadium:<\/p>\n\n\n\n<figure class=\"wp-block-table\"><table><tbody><tr><td>SJ x Av. Brasil (BR 101 Higway)<\/td><td><strong>0,3 Km<\/strong><\/td><\/tr><tr><td>SJ x &nbsp;Rio\/Niter\u00f3i Bridge (BR 101 Higway)<\/td><td>3 Km<\/td><\/tr><tr><td>SJ x Rio de Janeiro Downtown<\/td><td>8 Km<\/td><\/tr><tr><td>SJ x BRT Vasco da Gama Station<\/td><td>0,8 Km<\/td><\/tr><tr><td>SJ x &nbsp;Rio de Janeiro Bus Station<\/td><td>4 Km<\/td><\/tr><tr><td>SJ x Rio de Janeiro Port<\/td><td>6 Km<\/td><\/tr><tr><td>SJ x Santos Dumont Airport (Rio de Janeiro Downtown)<\/td><td>10 Km<\/td><\/tr><tr><td>&nbsp; SJ x Gale\u00e3o\/Tom Jobim International Airport (North Zone of Rio de Janeiro)<\/td><td>12 Km<\/td><\/tr><tr><td>SJ x BR 040 Highway (Rio x Belo Horizonte)<\/td><td>12 Km<\/td><\/tr><tr><td>SJ x BR 116 Highway (Rio x S\u00e3o Paulo)<\/td><td>17 Km<\/td><\/tr><tr><td>SJ x Moacyr Barbosa Training Center (Jacarepagu\u00e1)<\/td><td>23 Km<\/td><\/tr><tr><td>SJ x S\u00e3o Crist\u00f3v\u00e3o Train and Metro Stations (next to Quinta da Boa Vista)<\/td><td>2 Km<\/td><\/tr><tr><td>SJ x Maracan\u00e3 Stadium<\/td><td>3 Km<\/td><\/tr><tr><td>SJ x Quinta da Boa Vista<\/td><td>1,5 Km<\/td><\/tr><tr><td>SJ x Center of Northeastern Traditions<\/td><td>1,5 Km<\/td><\/tr><tr><td>SJ x CADEG<\/td><td>1,5 Km<\/td><\/tr><\/tbody><\/table><\/figure>\n\n\n\n<p>&nbsp;&nbsp;&nbsp;&nbsp;&nbsp; As we can see, by the Relevant Icons close to S\u00e3o Janu\u00e1rio and by its excellent geographical location, in the City of Rio de Janeiro, the S\u00e3o Janu\u00e1rio Stadium and its surroundings, DESERVE the OBSERVATION of the Public Power, so that an URBANISTIC TRANSFORMATION, be done to satisfaction and that it will come out of the paper.<\/p>\n\n\n\n<p>[5] <strong>Eletronic <\/strong><strong>Undersigned (10,313 Signatures) claiming SJ Surroundings Revitalization:<\/strong><\/p>\n\n\n\n<p>&nbsp;&nbsp;&nbsp;&nbsp;&nbsp; In October 2012, the Voluntary Group for the Revitalization of the Surroundings of S\u00e3o Janu\u00e1rio (GVRESJ) filed an Electronic Petition with 10,313 Signatures at the City Hall of Rio de Janeiro (Petition + Name Notebook, with Surnames and reference e-mails), demanding that the Stadium Surroundings be Revitalized, since at that time the CRVG was scheduled to host Rugby Rio 2016, as previously reported and which ended up not happening.<\/p>\n\n\n\n<p>&nbsp;&nbsp;&nbsp;&nbsp;&nbsp; The fact is that this Line of Action was disseminated in Vasco da Gama Fans and in the Sports Media, in general, <strong>and until today the City Hall of Rio de Janeiro, HAS NOT GAVE ANY ANSWER.<\/strong><\/p>\n\n\n\n<p>[5.1] Copy of the Petition of the Electronic Undersigned, with the respective Protocol of Entry:<\/p>\n\n\n\n<figure class=\"wp-block-gallery columns-3 is-cropped wp-block-gallery-1 is-layout-flex wp-block-gallery-is-layout-flex\"><ul class=\"blocks-gallery-grid\"><li class=\"blocks-gallery-item\"><figure><a href=\"https:\/\/webvasco.com\/artigos\/wp-content\/uploads\/2022\/08\/Imagem12.jpg\"><img loading=\"lazy\" decoding=\"async\" width=\"548\" height=\"390\" src=\"https:\/\/webvasco.com\/artigos\/wp-content\/uploads\/2022\/08\/Imagem12.jpg\" alt=\"\" data-id=\"9295\" data-link=\"https:\/\/webvasco.com\/artigos\/?attachment_id=9295\" class=\"wp-image-9295\" srcset=\"https:\/\/webvasco.com\/artigos\/wp-content\/uploads\/2022\/08\/Imagem12.jpg 548w, https:\/\/webvasco.com\/artigos\/wp-content\/uploads\/2022\/08\/Imagem12-300x214.jpg 300w, https:\/\/webvasco.com\/artigos\/wp-content\/uploads\/2022\/08\/Imagem12-150x107.jpg 150w\" sizes=\"auto, (max-width: 548px) 100vw, 548px\" \/><\/a><\/figure><\/li><li class=\"blocks-gallery-item\"><figure><a href=\"https:\/\/webvasco.com\/artigos\/wp-content\/uploads\/2022\/08\/Imagem13.jpg\"><img loading=\"lazy\" decoding=\"async\" width=\"561\" height=\"366\" src=\"https:\/\/webvasco.com\/artigos\/wp-content\/uploads\/2022\/08\/Imagem13.jpg\" alt=\"\" data-id=\"9296\" data-link=\"https:\/\/webvasco.com\/artigos\/?attachment_id=9296\" class=\"wp-image-9296\" srcset=\"https:\/\/webvasco.com\/artigos\/wp-content\/uploads\/2022\/08\/Imagem13.jpg 561w, https:\/\/webvasco.com\/artigos\/wp-content\/uploads\/2022\/08\/Imagem13-300x196.jpg 300w, https:\/\/webvasco.com\/artigos\/wp-content\/uploads\/2022\/08\/Imagem13-150x98.jpg 150w\" sizes=\"auto, (max-width: 561px) 100vw, 561px\" \/><\/a><\/figure><\/li><li class=\"blocks-gallery-item\"><figure><a href=\"https:\/\/webvasco.com\/artigos\/wp-content\/uploads\/2022\/08\/Imagem14.jpg\"><img loading=\"lazy\" decoding=\"async\" width=\"434\" height=\"569\" src=\"https:\/\/webvasco.com\/artigos\/wp-content\/uploads\/2022\/08\/Imagem14.jpg\" alt=\"\" data-id=\"9297\" data-full-url=\"https:\/\/webvasco.com\/artigos\/wp-content\/uploads\/2022\/08\/Imagem14.jpg\" data-link=\"https:\/\/webvasco.com\/artigos\/?attachment_id=9297\" class=\"wp-image-9297\" srcset=\"https:\/\/webvasco.com\/artigos\/wp-content\/uploads\/2022\/08\/Imagem14.jpg 434w, https:\/\/webvasco.com\/artigos\/wp-content\/uploads\/2022\/08\/Imagem14-229x300.jpg 229w, https:\/\/webvasco.com\/artigos\/wp-content\/uploads\/2022\/08\/Imagem14-114x150.jpg 114w\" sizes=\"auto, (max-width: 434px) 100vw, 434px\" \/><\/a><\/figure><\/li><\/ul><figcaption class=\"blocks-gallery-caption\"><br \/><strong>Petition, Eletronic Undersigned and Entry of the Protocol, at the City Hall of Rio de Janeiro &#8211; Source: GVRESJ<\/strong><br \/><br \/><br \/><\/figcaption><\/figure>\n\n\n\n<p>[6] <strong><\/strong><strong>Final Considerations and Conclusion:<\/strong><\/p>\n\n\n\n<p>&nbsp;&nbsp;&nbsp;&nbsp;&nbsp; As we can see in this article, there are plenty of arguments and concrete facts to JUSTIFY such a Noble Purpose, so that the Expansion\/Modernization of the S\u00e3o Janu\u00e1rio Stadium, belonging to the Club de Regatas Vasco da Gama (CRVG), can be successful, since it is the desire of the Club, aiming at the Centenary of this Stadium, in 2027, so that it is already Modernized.<\/p>\n\n\n\n<p>&nbsp;&nbsp;&nbsp;&nbsp;&nbsp; It is also the wish of the Public Power (City Hall and State Government), publicly expressed by Mayor Eduardo Paes and Governor Cl\u00e1udio Castro, regarding the Segments belonging to each of the Entities, as already reported in this article, since the SJ Stadium is close to the \u201cPorto Maravilha Programme\u201d and which can be part of its Extension, with Accessibility, Urban Mobility, Transport, Health, Security, Housing, Sport, Culture and Tourism.<\/p>\n\n\n\n<p>&nbsp;&nbsp;&nbsp;&nbsp;&nbsp; Aiming at these premises, the Volunteer Group for the Revitalization of the Surroundings of SJ (GVRESJ) was present with the CRVG Boards (in 2012 &#8211; Roberto Dinamite Management, in 2015 &#8211; Eurico Miranda Management, in 2018 &#8211; Alexandre Campello Management and 2021 &#8211; Jorge Salgado Management (Represented by its VP of Works and Engineering, Dr Pedro Seixas, who continued the portfolio of the previous Board)), where we presented our Volunteer Work and ours Achievements, leaving with all of them, a Didactic Material of all this purpose and of all Actions Lines performed.<\/p>\n\n\n\n<p>&nbsp;&nbsp;&nbsp;&nbsp;&nbsp; Unfortunately, both Boards were not successful, just as the Public Power was not interested in following this noble cause forward, much more so because there was a lack POLITICAL WILL BETWEEN THE PARTIES, as well as taking into account the fact that the Covid-19 Pandemic, has also contributed to the \u201cemptying\u201d of this purpose!<\/p>\n\n\n\n<p>&nbsp;&nbsp;&nbsp;&nbsp;&nbsp; A New Fact, which could leverage the revitalization of the surroundings and the SJ Stadium is the Sociedade An\u00f4nima do Futebol (SAF) started at CRVG, in August of this year, with regard to 70% of the Club&#8217;s Football Shares, which may become interested in Investing in this purpose, helping to leverage this Line of Action before the Club and the Government.<\/p>\n\n\n\n<p>&nbsp;&nbsp;&nbsp;&nbsp;&nbsp; In January 2021, GVRESJ was at the City Hall of Rio de Janeiro, with the Deputy Mayor of Downtown and S\u00e3o Crist\u00f3v\u00e3o Neighborhood, Mr Leonardo Pav\u00e3o, who received us very well at the request of the Mayor, Mr Eduardo Paes, who was very busy with the eminent Pandemic, on that occasion, for an exchange of suggestions for that Region, where we left a Material of about 100 pages, with demands, documents and materials from the surroundings, which was to be appreciated by both.<\/p>\n\n\n\n<div class=\"wp-block-image\"><figure class=\"aligncenter size-large\"><img loading=\"lazy\" decoding=\"async\" width=\"567\" height=\"319\" src=\"https:\/\/webvasco.com\/artigos\/wp-content\/uploads\/2022\/08\/Imagem15.jpg\" alt=\"\" class=\"wp-image-9298\" srcset=\"https:\/\/webvasco.com\/artigos\/wp-content\/uploads\/2022\/08\/Imagem15.jpg 567w, https:\/\/webvasco.com\/artigos\/wp-content\/uploads\/2022\/08\/Imagem15-300x169.jpg 300w, https:\/\/webvasco.com\/artigos\/wp-content\/uploads\/2022\/08\/Imagem15-150x84.jpg 150w\" sizes=\"auto, (max-width: 567px) 100vw, 567px\" \/><figcaption><strong>From left to right: Sub Mayor, Mr Leonardo Pav\u00e3o; its Advisor, Mr Lu\u00eds Gustavo; Civil Engineer, Dr Marcelo Paiva (Representing GVRESJ) and the President of the Community Chamber of S\u00e3o Crist\u00f3v\u00e3o, Mr Maur\u00edcio Mendes &#8211; Source: GVRESJ<\/strong><\/figcaption><\/figure><\/div>\n\n\n\n<div class=\"wp-block-image\"><figure class=\"aligncenter size-large\"><img loading=\"lazy\" decoding=\"async\" width=\"567\" height=\"319\" src=\"https:\/\/webvasco.com\/artigos\/wp-content\/uploads\/2022\/08\/Imagem16.jpg\" alt=\"\" class=\"wp-image-9299\" srcset=\"https:\/\/webvasco.com\/artigos\/wp-content\/uploads\/2022\/08\/Imagem16.jpg 567w, https:\/\/webvasco.com\/artigos\/wp-content\/uploads\/2022\/08\/Imagem16-300x169.jpg 300w, https:\/\/webvasco.com\/artigos\/wp-content\/uploads\/2022\/08\/Imagem16-150x84.jpg 150w\" sizes=\"auto, (max-width: 567px) 100vw, 567px\" \/><figcaption><strong>Inside view of the New S\u00e3o Janu\u00e1rio Stadium, with the Social area preserved<br \/>Source: Google<\/strong><\/figcaption><\/figure><\/div>\n\n\n\n<p><strong>&nbsp;&nbsp;&nbsp;&nbsp;&nbsp; <\/strong>Based on all that has been exposed so far, we can be sure that the Expansion\/Modernization of the S\u00e3o Janu\u00e1rio Stadium (Current Nominal Capacity of 22,000 Spectators, and then its expansion to 43,000 Spectators, almost double), will only be possible <strong>with the Support of the Public Power,<\/strong> <strong>successfully revitalizing its surroundings,<\/strong> which is the Pre-Requirement of any and all Lines of Action, in that Region forgotten 70 Years ago by itself, as previously reported.<\/p>\n\n\n\n<p>&nbsp;&nbsp;&nbsp;&nbsp;&nbsp; It is enough <strong>for the City Hall of Rio de Janeiro to put into practice the Project planned for Rio 2016 (Program \u201cMorar Carioca\u201d), as mentioned earlier in this article<\/strong> (<strong>both in the previous Imagem Artesanal and with the funds allocated and demonstrated, in the Links before of that image<\/strong>).<\/p>\n\n\n\n<p>&nbsp;&nbsp;&nbsp;&nbsp; &nbsp;That&#8217;s it for now and we want the Public Power to UNDERSTAND that for an S\u00e3o Janu\u00e1rio Stadium Expansion Work to be carried out, the City Hall will have to issue Works Licenses and it is KNOW that the problems of DISPLACEMENTES and ACCESS will DOUBLE, by increasing the Capacity Nominal of the Stadium, if there are no such Public Interventions that will make such a Work FEASIBLE, beneficial to that Region, according to the arguments explained here.<\/p>\n\n\n\n<p>&nbsp;&nbsp;&nbsp;&nbsp;&nbsp; It would be counter-sense for the Municipality to issue such Works Licenses, if it does not take ACTION, which only it can take, that will serve as Accessibility and Local Mobility, since it is RESPONSIBLE for such INTERVENTIONS, reiterating: DELAYED 7 decades ago (\u201cmantra\u201d that has to be assimilated, to have the idea of \u200b\u200bthe DELAY of Public Actions in that place).<\/p>\n\n\n\n<p>&nbsp;&nbsp;&nbsp;&nbsp;&nbsp; As a final consideration, any resident who may be \u201cimpacted\u201d, in the works of Road Widening and in the Execution of the 2 new streets, within the Barreira do Vasco Community, has the FORECAST to be RELOCATED to the new Apartments (\u201cMinha Casa , Minha Vida\u201d) to be built on the Empty Land, which belonged to Metal\u00fargica Rheem, next to Mercado Assa\u00ed (see the Google Handmade Image, shown above), where ALL Residents, with this Condition, will become OWNERS and not more \u201cSquatters\u201d, as they are considered today. This is called LAND REGULARIZATION!<\/p>\n\n\n\n<p>&nbsp;&nbsp;&nbsp;&nbsp;&nbsp; GOOD SENSE AND STRENGTHENING A FORGOTTEN AREA are the \u201cKey Words\u201d for this Imposing Work, which will bring Prosperities to the Place, so it can \u201cget off the ground\u201d with satisfaction and without \u201ccuts\u201d!<\/p>\n\n\n\n<p>&nbsp;&nbsp;&nbsp;&nbsp;&nbsp; Finally, we express here the wishes of a Blessed Anniversary, to CRVG, for the passage of its 124 years of existence, in this Month of August 2022 and that better days are coming, for our beloved Club!<\/p>\n\n\n\n<p>&nbsp;&nbsp;&nbsp;&nbsp; SV (\u201cGreeting Vasca\u00ednas\u201d) to everyone and follow the YouTube Link, from the S\u00e3o Janu\u00e1rio Stadium Expansion Project, for Vasco da Gama Fans to understand what is being proposed so far:<\/p>\n\n\n\n<figure class=\"wp-block-embed aligncenter is-type-video is-provider-youtube wp-block-embed-youtube wp-embed-aspect-16-9 wp-has-aspect-ratio\"><div class=\"wp-block-embed__wrapper\">\nhttps:\/\/youtu.be\/_qPJd4NRJpA\n<\/div><figcaption>link: <a href=\"https:\/\/youtu.be\/_qPJd4NRJpA\" target=\"_blank\" rel=\"noreferrer noopener\">https:\/\/youtu.be\/_qPJd4NRJpA<\/a><\/figcaption><\/figure>\n\n\n\n<p><\/p>\n","protected":false},"excerpt":{"rendered":"<p>NOTE: This Article is in the Original Version, in Portuguese, at the following Link: https:\/\/webvasco.com\/artigos\/colunistas\/marcelopaiva\/chegou-a-hora-da-revitalizacao-do-entorno-e-da-ampliacao-modernizacao-do-estadio-de-sao-januario\/&#8230;<\/p>\n","protected":false},"author":3,"featured_media":9284,"comment_status":"open","ping_status":"closed","sticky":false,"template":"","format":"standard","meta":{"footnotes":""},"categories":[16],"tags":[],"class_list":["post-9317","post","type-post","status-publish","format-standard","has-post-thumbnail","hentry","category-marcelopaiva"],"_links":{"self":[{"href":"https:\/\/webvasco.com\/artigos\/wp-json\/wp\/v2\/posts\/9317","targetHints":{"allow":["GET"]}}],"collection":[{"href":"https:\/\/webvasco.com\/artigos\/wp-json\/wp\/v2\/posts"}],"about":[{"href":"https:\/\/webvasco.com\/artigos\/wp-json\/wp\/v2\/types\/post"}],"author":[{"embeddable":true,"href":"https:\/\/webvasco.com\/artigos\/wp-json\/wp\/v2\/users\/3"}],"replies":[{"embeddable":true,"href":"https:\/\/webvasco.com\/artigos\/wp-json\/wp\/v2\/comments?post=9317"}],"version-history":[{"count":3,"href":"https:\/\/webvasco.com\/artigos\/wp-json\/wp\/v2\/posts\/9317\/revisions"}],"predecessor-version":[{"id":9320,"href":"https:\/\/webvasco.com\/artigos\/wp-json\/wp\/v2\/posts\/9317\/revisions\/9320"}],"wp:featuredmedia":[{"embeddable":true,"href":"https:\/\/webvasco.com\/artigos\/wp-json\/wp\/v2\/media\/9284"}],"wp:attachment":[{"href":"https:\/\/webvasco.com\/artigos\/wp-json\/wp\/v2\/media?parent=9317"}],"wp:term":[{"taxonomy":"category","embeddable":true,"href":"https:\/\/webvasco.com\/artigos\/wp-json\/wp\/v2\/categories?post=9317"},{"taxonomy":"post_tag","embeddable":true,"href":"https:\/\/webvasco.com\/artigos\/wp-json\/wp\/v2\/tags?post=9317"}],"curies":[{"name":"wp","href":"https:\/\/api.w.org\/{rel}","templated":true}]}}