{"id":9322,"date":"2022-09-30T22:10:00","date_gmt":"2022-10-01T01:10:00","guid":{"rendered":"https:\/\/webvasco.com\/artigos\/?p=9322"},"modified":"2022-10-01T22:14:57","modified_gmt":"2022-10-02T01:14:57","slug":"elas-o-professor-mimi","status":"publish","type":"post","link":"https:\/\/webvasco.com\/artigos\/temas\/elas-e-o-professor\/elas-o-professor-mimi\/","title":{"rendered":"ELAS &#038; O PROFESSOR \u2013 MIMI"},"content":{"rendered":"\n<p><strong>ELAS &amp; O PROFESSOR<\/strong><\/p>\n\n\n\n<p>POR LUIZ CARLOS ROCHA<\/p>\n\n\n\n<p>A entrevista de setembro de 2022, com Mirella Netto dos Reys Cysneiros \u00e9 dedicada \u00e0 uma vasca\u00edna super especial, que \u00e9 o meu grande amor: \u00darsulla Rocha, Te Amo Filha.<\/p>\n\n\n\n<p><strong>MIMI,<\/strong> solteira, 12 anos, estudante, ainda n\u00e3o escolheu a sua profiss\u00e3o. Do signo de Capric\u00f3nio, revelou que n\u00e3o t\u00eam Escola de Samba de cora\u00e7\u00e3o. Moradora de Icara\u00ed, em Niter\u00f3i\/RJ. Adora comer strogonoff. Nas horas da divers\u00e3o se dedica a jogar basquete, assistir TV, ler bons livros e cantar.<\/p>\n\n\n\n<p><strong>Voc\u00ea t\u00eam muitos amiguinhos que torcem para o Vasco da Gama?<\/strong><\/p>\n\n\n\n<p>Queria ter mais, na minha sala tenho um colega vasca\u00edno, e tenho uma grande amiga , de outra turma, que tamb\u00e9m torce pro Vasco. Fora da escola, fiz uma amiguinha em S\u00e3o&nbsp; Janu\u00e1rio, no jogo do Vasco x Ituano. Quando o Vasco fez gol, n\u00f3s pulamos juntas e nos abra\u00e7amos.<\/p>\n\n\n\n<p><strong>Qual foi a maior emo\u00e7\u00e3o que voc\u00ea viveu vendo o Cruzmaltino jogar?<\/strong><\/p>\n\n\n\n<p>Acho que foi o jogo que o Vasco ganhou de 1 a 0 contra o Cruzeiro, com gol do Get\u00falio, de cabe\u00e7a. Foi a primeira vez que eu fui no Maracan\u00e3, e ele estava lotado, ent\u00e3o foi muito emocionante!<\/p>\n\n\n\n<p><strong>Quantos produtos (brinquedos, bon\u00e9s, bandeiras, camisas e etc) voc\u00ea t\u00eam?<\/strong><\/p>\n\n\n\n<p>Tenho 2 camisas, uma rosa e uma preta e branca, uma pel\u00facia do cavalinho do Vasco, uma bandeira gigante, uma bermuda, uma saia e uma garrafa.<\/p>\n\n\n\n<p><strong>Qual o vasca\u00edno mais fan\u00e1tico que voc\u00ea conhece?<\/strong><\/p>\n\n\n\n<p>Pra ser bem sincera? Eu (sorriu). J\u00e1 me joguei no meio da multid\u00e3o pra tirar uma foto com o Nen\u00ea ( e consegui), tenho uma foto com o Anderson Concei\u00e7\u00e3o, e o tema do meu anivers\u00e1rio de 10 anos foi Vasco da Gama.<\/p>\n\n\n\n<p><strong>Quem \u00e9 o craque do time que deve continuar na pr\u00f3xima temporada?<\/strong><\/p>\n\n\n\n<p>Com certeza o Andrey, o Marlon e o Eguinaldo. S\u00e3o meus jogadores favoritos e atualmente, os que eu acho que jogam melhor no time.<\/p>\n\n\n\n<p><strong>Alguma vez voc\u00ea frequentou a Col\u00f4nia de F\u00e9rias de S\u00e3o Janu\u00e1rio?<\/strong><\/p>\n\n\n\n<p>Infelizmente n\u00e3o, mas gostaria muito de participar nessas pr\u00f3ximas f\u00e9rias.<\/p>\n\n\n\n<p><strong>Voc\u00ea sabe cantar todo o hino do Vasc\u00e3o?<\/strong><\/p>\n\n\n\n<p>Claro que sei, at\u00e9 ensinei ele pra uma amiga minha que \u00e9 flamenguista ( e agora ela tamb\u00e9m sabe cantar ele inteiro, e quando o Vasco joga ela torce pra ele).<\/p>\n\n\n\n<p><strong>J\u00e1 pisou no gramado da Colina?<\/strong><\/p>\n\n\n\n<p>N\u00e3o s\u00f3 pisei, como entrei em campo com os jogadores em S\u00e3o Janu\u00e1rio, e meus familiares me viram na televis\u00e3o. Foi um dos momentos mais incr\u00edveis que eu j\u00e1 vivi!<\/p>\n\n\n\n<p><strong>Se voc\u00ea n\u00e3o fosse vasca\u00edna, para qual time torceria?<\/strong><\/p>\n\n\n\n<p>N\u00e3o existe a possibilidade de eu n\u00e3o ser vasca\u00edna, eu nunca poderia ser nenhum outro time sen\u00e3o o Vasco.<\/p>\n\n\n\n<p><strong>Voc\u00ea t\u00eam a camisa rosa (edi\u00e7\u00e3o especial) do Vasco?<\/strong><\/p>\n\n\n\n<p>Sim. Ganhei de presente surpresa do meu pai, junto com minha garrafinha do Vasco que levo pra escola todos os dias. E por essa camisa ser de basquete, ela junta duas coisas que eu amo: assistir e jogar basquete, e o Vasco.<\/p>\n\n\n\n<p><strong>Na sua opini\u00e3o, qual super-her\u00f3i torce para o Vasco da Gama?<\/strong><\/p>\n\n\n\n<p>Acho que a Vi\u00fava Negra, pois ela \u00e9 muito persistente, n\u00e3o desiste f\u00e1cil de seus objetivos, e ela tem dois trajes, um preto e um branco.<\/p>\n\n\n\n<p><strong>Voc\u00ea conversa sobre Vasco com seus amiguinhos e familiares?<\/strong><\/p>\n\n\n\n<p>Converso muito sobre o Vasco na escola, mas principalmente em casa, com meu pai. Quando encontro meu tio, tamb\u00e9m passamos um bom tempo conversando sobre o clube. Tamb\u00e9m adoro comentar os jogos com minha m\u00e3e, apesar de ela n\u00e3o se interessar muito por futebol.Quando os jogos acabam, gosto de falar sobre a partida com algu\u00e9m.<\/p>\n\n\n\n<p>FOTOGRAFIAS\u00a0 FORNECIDAS PELO ARQUIVO PESSOAL DA ENTREVISTADA.<\/p>\n\n\n\n<p><\/p>\n\n\n\n<figure class=\"wp-block-gallery columns-3 is-cropped wp-block-gallery-1 is-layout-flex wp-block-gallery-is-layout-flex\"><ul class=\"blocks-gallery-grid\"><li class=\"blocks-gallery-item\"><figure><a href=\"https:\/\/webvasco.com\/artigos\/wp-content\/uploads\/2022\/10\/WhatsApp-Image-2022-09-25-at-23.23.18-1.jpeg\"><img loading=\"lazy\" decoding=\"async\" width=\"576\" height=\"1024\" src=\"https:\/\/webvasco.com\/artigos\/wp-content\/uploads\/2022\/10\/WhatsApp-Image-2022-09-25-at-23.23.18-1.jpeg\" alt=\"\" data-id=\"9323\" data-full-url=\"https:\/\/webvasco.com\/artigos\/wp-content\/uploads\/2022\/10\/WhatsApp-Image-2022-09-25-at-23.23.18-1.jpeg\" data-link=\"https:\/\/webvasco.com\/artigos\/?attachment_id=9323\" class=\"wp-image-9323\" srcset=\"https:\/\/webvasco.com\/artigos\/wp-content\/uploads\/2022\/10\/WhatsApp-Image-2022-09-25-at-23.23.18-1.jpeg 576w, https:\/\/webvasco.com\/artigos\/wp-content\/uploads\/2022\/10\/WhatsApp-Image-2022-09-25-at-23.23.18-1-169x300.jpeg 169w, https:\/\/webvasco.com\/artigos\/wp-content\/uploads\/2022\/10\/WhatsApp-Image-2022-09-25-at-23.23.18-1-84x150.jpeg 84w\" sizes=\"auto, (max-width: 576px) 100vw, 576px\" \/><\/a><\/figure><\/li><li class=\"blocks-gallery-item\"><figure><a href=\"https:\/\/webvasco.com\/artigos\/wp-content\/uploads\/2022\/10\/WhatsApp-Image-2022-09-25-at-23.23.19.jpeg\"><img loading=\"lazy\" decoding=\"async\" width=\"1024\" height=\"768\" src=\"https:\/\/webvasco.com\/artigos\/wp-content\/uploads\/2022\/10\/WhatsApp-Image-2022-09-25-at-23.23.19.jpeg\" alt=\"\" data-id=\"9324\" data-full-url=\"https:\/\/webvasco.com\/artigos\/wp-content\/uploads\/2022\/10\/WhatsApp-Image-2022-09-25-at-23.23.19.jpeg\" data-link=\"https:\/\/webvasco.com\/artigos\/?attachment_id=9324\" class=\"wp-image-9324\" srcset=\"https:\/\/webvasco.com\/artigos\/wp-content\/uploads\/2022\/10\/WhatsApp-Image-2022-09-25-at-23.23.19.jpeg 1024w, https:\/\/webvasco.com\/artigos\/wp-content\/uploads\/2022\/10\/WhatsApp-Image-2022-09-25-at-23.23.19-300x225.jpeg 300w, https:\/\/webvasco.com\/artigos\/wp-content\/uploads\/2022\/10\/WhatsApp-Image-2022-09-25-at-23.23.19-150x113.jpeg 150w, https:\/\/webvasco.com\/artigos\/wp-content\/uploads\/2022\/10\/WhatsApp-Image-2022-09-25-at-23.23.19-768x576.jpeg 768w\" sizes=\"auto, (max-width: 1024px) 100vw, 1024px\" \/><\/a><\/figure><\/li><li class=\"blocks-gallery-item\"><figure><a href=\"https:\/\/webvasco.com\/artigos\/wp-content\/uploads\/2022\/10\/WhatsApp-Image-2022-09-25-at-23.23.19-1.jpeg\"><img loading=\"lazy\" decoding=\"async\" width=\"1024\" height=\"768\" src=\"https:\/\/webvasco.com\/artigos\/wp-content\/uploads\/2022\/10\/WhatsApp-Image-2022-09-25-at-23.23.19-1.jpeg\" alt=\"\" data-id=\"9325\" data-full-url=\"https:\/\/webvasco.com\/artigos\/wp-content\/uploads\/2022\/10\/WhatsApp-Image-2022-09-25-at-23.23.19-1.jpeg\" data-link=\"https:\/\/webvasco.com\/artigos\/?attachment_id=9325\" class=\"wp-image-9325\" srcset=\"https:\/\/webvasco.com\/artigos\/wp-content\/uploads\/2022\/10\/WhatsApp-Image-2022-09-25-at-23.23.19-1.jpeg 1024w, https:\/\/webvasco.com\/artigos\/wp-content\/uploads\/2022\/10\/WhatsApp-Image-2022-09-25-at-23.23.19-1-300x225.jpeg 300w, https:\/\/webvasco.com\/artigos\/wp-content\/uploads\/2022\/10\/WhatsApp-Image-2022-09-25-at-23.23.19-1-150x113.jpeg 150w, https:\/\/webvasco.com\/artigos\/wp-content\/uploads\/2022\/10\/WhatsApp-Image-2022-09-25-at-23.23.19-1-768x576.jpeg 768w\" sizes=\"auto, (max-width: 1024px) 100vw, 1024px\" \/><\/a><\/figure><\/li><li class=\"blocks-gallery-item\"><figure><a href=\"https:\/\/webvasco.com\/artigos\/wp-content\/uploads\/2022\/10\/WhatsApp-Image-2022-09-25-at-23.23.19-2.jpeg\"><img loading=\"lazy\" decoding=\"async\" width=\"576\" height=\"1024\" src=\"https:\/\/webvasco.com\/artigos\/wp-content\/uploads\/2022\/10\/WhatsApp-Image-2022-09-25-at-23.23.19-2-576x1024.jpeg\" alt=\"\" data-id=\"9326\" data-full-url=\"https:\/\/webvasco.com\/artigos\/wp-content\/uploads\/2022\/10\/WhatsApp-Image-2022-09-25-at-23.23.19-2.jpeg\" data-link=\"https:\/\/webvasco.com\/artigos\/?attachment_id=9326\" class=\"wp-image-9326\" srcset=\"https:\/\/webvasco.com\/artigos\/wp-content\/uploads\/2022\/10\/WhatsApp-Image-2022-09-25-at-23.23.19-2-576x1024.jpeg 576w, https:\/\/webvasco.com\/artigos\/wp-content\/uploads\/2022\/10\/WhatsApp-Image-2022-09-25-at-23.23.19-2-169x300.jpeg 169w, https:\/\/webvasco.com\/artigos\/wp-content\/uploads\/2022\/10\/WhatsApp-Image-2022-09-25-at-23.23.19-2-84x150.jpeg 84w, https:\/\/webvasco.com\/artigos\/wp-content\/uploads\/2022\/10\/WhatsApp-Image-2022-09-25-at-23.23.19-2-768x1365.jpeg 768w, https:\/\/webvasco.com\/artigos\/wp-content\/uploads\/2022\/10\/WhatsApp-Image-2022-09-25-at-23.23.19-2-864x1536.jpeg 864w, https:\/\/webvasco.com\/artigos\/wp-content\/uploads\/2022\/10\/WhatsApp-Image-2022-09-25-at-23.23.19-2.jpeg 900w\" sizes=\"auto, (max-width: 576px) 100vw, 576px\" \/><\/a><\/figure><\/li><li class=\"blocks-gallery-item\"><figure><a href=\"https:\/\/webvasco.com\/artigos\/wp-content\/uploads\/2022\/10\/WhatsApp-Image-2022-09-25-at-23.23.20.jpeg\"><img loading=\"lazy\" decoding=\"async\" width=\"576\" height=\"1024\" src=\"https:\/\/webvasco.com\/artigos\/wp-content\/uploads\/2022\/10\/WhatsApp-Image-2022-09-25-at-23.23.20-576x1024.jpeg\" alt=\"\" data-id=\"9327\" data-full-url=\"https:\/\/webvasco.com\/artigos\/wp-content\/uploads\/2022\/10\/WhatsApp-Image-2022-09-25-at-23.23.20.jpeg\" data-link=\"https:\/\/webvasco.com\/artigos\/?attachment_id=9327\" class=\"wp-image-9327\" srcset=\"https:\/\/webvasco.com\/artigos\/wp-content\/uploads\/2022\/10\/WhatsApp-Image-2022-09-25-at-23.23.20-576x1024.jpeg 576w, https:\/\/webvasco.com\/artigos\/wp-content\/uploads\/2022\/10\/WhatsApp-Image-2022-09-25-at-23.23.20-169x300.jpeg 169w, https:\/\/webvasco.com\/artigos\/wp-content\/uploads\/2022\/10\/WhatsApp-Image-2022-09-25-at-23.23.20-84x150.jpeg 84w, https:\/\/webvasco.com\/artigos\/wp-content\/uploads\/2022\/10\/WhatsApp-Image-2022-09-25-at-23.23.20-768x1365.jpeg 768w, https:\/\/webvasco.com\/artigos\/wp-content\/uploads\/2022\/10\/WhatsApp-Image-2022-09-25-at-23.23.20-864x1536.jpeg 864w, https:\/\/webvasco.com\/artigos\/wp-content\/uploads\/2022\/10\/WhatsApp-Image-2022-09-25-at-23.23.20.jpeg 900w\" sizes=\"auto, (max-width: 576px) 100vw, 576px\" \/><\/a><\/figure><\/li><li class=\"blocks-gallery-item\"><figure><a href=\"https:\/\/webvasco.com\/artigos\/wp-content\/uploads\/2022\/10\/WhatsApp-Image-2022-09-25-at-23.23.20-1.jpeg\"><img loading=\"lazy\" decoding=\"async\" width=\"1024\" height=\"768\" src=\"https:\/\/webvasco.com\/artigos\/wp-content\/uploads\/2022\/10\/WhatsApp-Image-2022-09-25-at-23.23.20-1.jpeg\" alt=\"\" data-id=\"9328\" data-full-url=\"https:\/\/webvasco.com\/artigos\/wp-content\/uploads\/2022\/10\/WhatsApp-Image-2022-09-25-at-23.23.20-1.jpeg\" data-link=\"https:\/\/webvasco.com\/artigos\/?attachment_id=9328\" class=\"wp-image-9328\" srcset=\"https:\/\/webvasco.com\/artigos\/wp-content\/uploads\/2022\/10\/WhatsApp-Image-2022-09-25-at-23.23.20-1.jpeg 1024w, https:\/\/webvasco.com\/artigos\/wp-content\/uploads\/2022\/10\/WhatsApp-Image-2022-09-25-at-23.23.20-1-300x225.jpeg 300w, https:\/\/webvasco.com\/artigos\/wp-content\/uploads\/2022\/10\/WhatsApp-Image-2022-09-25-at-23.23.20-1-150x113.jpeg 150w, https:\/\/webvasco.com\/artigos\/wp-content\/uploads\/2022\/10\/WhatsApp-Image-2022-09-25-at-23.23.20-1-768x576.jpeg 768w\" sizes=\"auto, (max-width: 1024px) 100vw, 1024px\" \/><\/a><\/figure><\/li><li class=\"blocks-gallery-item\"><figure><a href=\"https:\/\/webvasco.com\/artigos\/wp-content\/uploads\/2022\/10\/WhatsApp-Image-2022-09-25-at-23.23.20-2.jpeg\"><img loading=\"lazy\" decoding=\"async\" width=\"1024\" height=\"768\" src=\"https:\/\/webvasco.com\/artigos\/wp-content\/uploads\/2022\/10\/WhatsApp-Image-2022-09-25-at-23.23.20-2.jpeg\" alt=\"\" data-id=\"9329\" data-full-url=\"https:\/\/webvasco.com\/artigos\/wp-content\/uploads\/2022\/10\/WhatsApp-Image-2022-09-25-at-23.23.20-2.jpeg\" data-link=\"https:\/\/webvasco.com\/artigos\/?attachment_id=9329\" class=\"wp-image-9329\" srcset=\"https:\/\/webvasco.com\/artigos\/wp-content\/uploads\/2022\/10\/WhatsApp-Image-2022-09-25-at-23.23.20-2.jpeg 1024w, https:\/\/webvasco.com\/artigos\/wp-content\/uploads\/2022\/10\/WhatsApp-Image-2022-09-25-at-23.23.20-2-300x225.jpeg 300w, https:\/\/webvasco.com\/artigos\/wp-content\/uploads\/2022\/10\/WhatsApp-Image-2022-09-25-at-23.23.20-2-150x113.jpeg 150w, https:\/\/webvasco.com\/artigos\/wp-content\/uploads\/2022\/10\/WhatsApp-Image-2022-09-25-at-23.23.20-2-768x576.jpeg 768w\" sizes=\"auto, (max-width: 1024px) 100vw, 1024px\" \/><\/a><\/figure><\/li><li class=\"blocks-gallery-item\"><figure><a href=\"https:\/\/webvasco.com\/artigos\/wp-content\/uploads\/2022\/10\/WhatsApp-Image-2022-09-25-at-23.23.18.jpeg\"><img loading=\"lazy\" decoding=\"async\" width=\"768\" height=\"1024\" src=\"https:\/\/webvasco.com\/artigos\/wp-content\/uploads\/2022\/10\/WhatsApp-Image-2022-09-25-at-23.23.18.jpeg\" alt=\"\" data-id=\"9330\" data-full-url=\"https:\/\/webvasco.com\/artigos\/wp-content\/uploads\/2022\/10\/WhatsApp-Image-2022-09-25-at-23.23.18.jpeg\" data-link=\"https:\/\/webvasco.com\/artigos\/?attachment_id=9330\" class=\"wp-image-9330\" srcset=\"https:\/\/webvasco.com\/artigos\/wp-content\/uploads\/2022\/10\/WhatsApp-Image-2022-09-25-at-23.23.18.jpeg 768w, https:\/\/webvasco.com\/artigos\/wp-content\/uploads\/2022\/10\/WhatsApp-Image-2022-09-25-at-23.23.18-225x300.jpeg 225w, https:\/\/webvasco.com\/artigos\/wp-content\/uploads\/2022\/10\/WhatsApp-Image-2022-09-25-at-23.23.18-113x150.jpeg 113w\" sizes=\"auto, (max-width: 768px) 100vw, 768px\" \/><\/a><\/figure><\/li><\/ul><\/figure>\n","protected":false},"excerpt":{"rendered":"<p>ELAS &amp; O PROFESSOR POR LUIZ CARLOS ROCHA A entrevista de setembro de 2022, com&#8230;<\/p>\n","protected":false},"author":7,"featured_media":9325,"comment_status":"open","ping_status":"closed","sticky":false,"template":"","format":"standard","meta":{"footnotes":""},"categories":[27],"tags":[],"class_list":["post-9322","post","type-post","status-publish","format-standard","has-post-thumbnail","hentry","category-elas-e-o-professor"],"_links":{"self":[{"href":"https:\/\/webvasco.com\/artigos\/wp-json\/wp\/v2\/posts\/9322","targetHints":{"allow":["GET"]}}],"collection":[{"href":"https:\/\/webvasco.com\/artigos\/wp-json\/wp\/v2\/posts"}],"about":[{"href":"https:\/\/webvasco.com\/artigos\/wp-json\/wp\/v2\/types\/post"}],"author":[{"embeddable":true,"href":"https:\/\/webvasco.com\/artigos\/wp-json\/wp\/v2\/users\/7"}],"replies":[{"embeddable":true,"href":"https:\/\/webvasco.com\/artigos\/wp-json\/wp\/v2\/comments?post=9322"}],"version-history":[{"count":1,"href":"https:\/\/webvasco.com\/artigos\/wp-json\/wp\/v2\/posts\/9322\/revisions"}],"predecessor-version":[{"id":9331,"href":"https:\/\/webvasco.com\/artigos\/wp-json\/wp\/v2\/posts\/9322\/revisions\/9331"}],"wp:featuredmedia":[{"embeddable":true,"href":"https:\/\/webvasco.com\/artigos\/wp-json\/wp\/v2\/media\/9325"}],"wp:attachment":[{"href":"https:\/\/webvasco.com\/artigos\/wp-json\/wp\/v2\/media?parent=9322"}],"wp:term":[{"taxonomy":"category","embeddable":true,"href":"https:\/\/webvasco.com\/artigos\/wp-json\/wp\/v2\/categories?post=9322"},{"taxonomy":"post_tag","embeddable":true,"href":"https:\/\/webvasco.com\/artigos\/wp-json\/wp\/v2\/tags?post=9322"}],"curies":[{"name":"wp","href":"https:\/\/api.w.org\/{rel}","templated":true}]}}