{"id":933,"date":"2014-09-07T19:52:34","date_gmt":"2014-09-07T22:52:34","guid":{"rendered":"http:\/\/webvasco.com\/artigos\/?p=933"},"modified":"2014-09-07T20:04:04","modified_gmt":"2014-09-07T23:04:04","slug":"a-melhora-da-morte","status":"publish","type":"post","link":"https:\/\/webvasco.com\/artigos\/colunistas\/luizcarlosrocha\/a-melhora-da-morte\/","title":{"rendered":"A MELHORA DA MORTE!"},"content":{"rendered":"<div>\n<div style=\"color:#000; background-color:#fff; font-family:HelveticaNeue, Helvetica Neue, Helvetica, Arial, Lucida Grande, sans-serif;font-size:8pt\">\n<div class=\"\" style=\"text-align:justify;tab-stops:111.0pt\"><span style=\"font-size:16.0pt;line-height:115%;font-family:&quot;Arial&quot;,&quot;sans-serif&quot;\" class=\"\">&nbsp; &nbsp; O Vasco venceu ontem, por 3 a 2 o Am\u00e9rica\/MG, no Est\u00e1dio Independ\u00eancia, em partida v\u00e1lida pela 20\u00aa Rodada do Campeonato Brasileiro, S\u00e9rie B. Pela equipe carioca marcaram Thalles, Douglas Silva e Rodrigo. Descontaram para os mineiros Willians e Obina.&nbsp; O resultado recolocou o Cruzmaltino no G4 da competi\u00e7\u00e3o.<o:p class=\"\" style=\"\"><\/o:p><\/span><\/div>\n<div class=\"\" style=\"text-align:justify;tab-stops:111.0pt\"><span style=\"font-size:16.0pt;line-height:115%;font-family:&quot;Arial&quot;,&quot;sans-serif&quot;\" class=\"\">&nbsp;&nbsp;&nbsp; Agora o time de S\u00e3o Janu\u00e1rio soma 35 pontos que o leva \u00e0 quarta coloca\u00e7\u00e3o na tabela. O que n\u00e3o faz mais do que obriga\u00e7\u00e3o. Ali\u00e1s, um clube da grandeza do Vasco da Gama JAMAIS PODERIA TER CA\u00cdDO PARA A SEGUNDONA! Mas como caiu, que pelo menos que o plantel honre a camisa centen\u00e1ria, que outrora foi temida por advers\u00e1rios e admirada pelos mais diversos torcedores Brasil a fora. <o:p class=\"\" style=\"\"><\/o:p><\/span><\/div>\n<div class=\"\" style=\"text-align:justify;tab-stops:111.0pt\"><span style=\"font-size:16.0pt;line-height:115%;font-family:&quot;Arial&quot;,&quot;sans-serif&quot;\" class=\"\">&nbsp;&nbsp;&nbsp; Depois do vexame (goleada para o Avai dentro de casa por 5 a 0), e da elimina\u00e7\u00e3o da Copa do Brasil o Gigante da Colina TER\u00c1 OBRIGATORIEDADE DE SER CAMPE\u00c3O DA SEGUNDA DIVIS\u00c3O, e subir de forma mais digna de um time que \u00e9 tetracampe\u00e3o brasileiro da S\u00e9rie A. Quando cito os quatro t\u00edtulos s\u00e3o de verdade (74\/89\/97\/00). N\u00e3o \u00e9 como muitos clubes que querem ser campe\u00f5es na marra (como \u00e9 o caso do Povo do Gueto, em 1987) ou no chiliquinho (que \u00e9 o caso das Tricoletes, em 1970, quando a competi\u00e7\u00e3o supra come\u00e7ou em 1971).<o:p class=\"\" style=\"\"><\/o:p><\/span><\/div>\n<div class=\"\" style=\"text-align:justify;tab-stops:111.0pt\"><span style=\"font-size:16.0pt;line-height:115%;font-family:&quot;Arial&quot;,&quot;sans-serif&quot;\" class=\"\">&nbsp;&nbsp;&nbsp; No caminho para a Terceira Divis\u00e3o, o incompetente presidente Roberto Bombinha, contratou um piadista para ser treinador do Vasco. \u00c9 sabido por todos, que Joel Santana tem experi\u00eancia em competi\u00e7\u00f5es de n\u00edvel regional. Que nos campeonatos nacionais e internacionais sempre foi de mediano a ruim. Logo, \u00e9 not\u00f3rio que Bombinha n\u00e3o est\u00e1 nem a\u00ed para o Vasco!<o:p class=\"\" style=\"\"><\/o:p><\/span><\/div>\n<div class=\"\" style=\"text-align:justify;tab-stops:111.0pt\"><span style=\"font-size:16.0pt;line-height:115%;font-family:&quot;Arial&quot;,&quot;sans-serif&quot;\" class=\"\">&nbsp;&nbsp;&nbsp; Quando um paciente fica doente, e essa doen\u00e7a agrava levando-o para a UTI de um hospital, o que se espera \u00e9 a compet\u00eancia da equipe m\u00e9dica para retornar o paciente para o leito do quarto e consequentemente dar alta hospitalar. Pois \u00e9. Exatamente assim que o nosso amado Vasco da Gama est\u00e1. Doente! H\u00e1 muitos anos est\u00e1 no hospital. <o:p class=\"\" style=\"\"><\/o:p><\/span><\/div>\n<div class=\"\" style=\"text-align:justify;tab-stops:111.0pt\"><span style=\"font-size:16.0pt;line-height:115%;font-family:&quot;Arial&quot;,&quot;sans-serif&quot;\" class=\"\">&nbsp;&nbsp;&nbsp; Por\u00e9m, na gest\u00e3o Roberto Bombinha foi um entra e sai fren\u00e9tico do quarto para a UTI. Mas desta vez, o mandat\u00e1rio vasca\u00edno que n\u00e3o entende nada de gest\u00e3o desportiva superou-se. Em meio \u00e0 crise pol\u00edtica, a inoper\u00e2ncia dos atletas e ao rombo financeiro que se encontra o time de S\u00e3o Janu\u00e1rio, contratar Joel Santana \u00e9 a melhora da morte!<o:p class=\"\" style=\"\"><\/o:p><\/span><\/div>\n<div class=\"\" style=\"text-align:justify;tab-stops:111.0pt\"><span style=\"font-size:16.0pt;line-height:115%;font-family:&quot;Arial&quot;,&quot;sans-serif&quot;\" class=\"\">&nbsp;&nbsp;&nbsp; Isto, mesmo. Aquela melhora que o paciente tem dentro da UTI para que os parentes se confortem para dias depois fazer a passagem. A vit\u00f3ria de ontem \u2013 o que n\u00e3o \u00e9 dif\u00edcil de ganhar do Coelho \u2013 foi essa pequena evolu\u00e7\u00e3o espiritual para aguardar o fim de tudo! Ter\u00e7a-feira, dia 09 de setembro, \u00e0s 19h30m, em casa, o Vasco receber\u00e1 o Luverdense. Vamos aguardar!<o:p class=\"\" style=\"\"><\/o:p><\/span><\/div>\n<div class=\"\" style=\"text-align:justify;tab-stops:111.0pt\"><span style=\"font-size:16.0pt;line-height:115%;font-family:&quot;Arial&quot;,&quot;sans-serif&quot;\" class=\"\"><o:p class=\"\" style=\"\">&nbsp;<\/o:p><\/span><\/div>\n<div class=\"\" style=\"text-align:justify;tab-stops:111.0pt\"><span style=\"font-size:16.0pt;line-height:115%;font-family:&quot;Arial&quot;,&quot;sans-serif&quot;\" class=\"\"><o:p class=\"\" style=\"\">&nbsp;<\/o:p><\/span><\/div>\n<div class=\"\" style=\"text-align:justify;tab-stops:111.0pt\"><span style=\"font-size:16.0pt;line-height:115%;font-family:&quot;Arial&quot;,&quot;sans-serif&quot;\" class=\"\">&nbsp;&nbsp;&nbsp;&nbsp;&nbsp;&nbsp;&nbsp;&nbsp;&nbsp;&nbsp;&nbsp;&nbsp;&nbsp;&nbsp;&nbsp;&nbsp;&nbsp;&nbsp;&nbsp;&nbsp;&nbsp;&nbsp;&nbsp;&nbsp; <o:p class=\"\" style=\"\"><\/o:p><\/span><\/div>\n<div class=\"\"   style=\"text-align:justify;tab-stops:79.5pt\"><b class=\"\" style=\"\"><u class=\"\" style=\"\"><span style=\"font-size:16.0pt; line-height:115%;font-family:&quot;Arial&quot;,&quot;sans-serif&quot;\" class=\"\">COVARDIA:<\/span><\/u><\/b><span style=\"font-size:16.0pt;line-height:115%;font-family:&quot;Arial&quot;,&quot;sans-serif&quot;\" class=\"\"> GOSTARIA DE PEDIR A TODOS OS MEUS AMIGOS E LEITORES QUE TIRASSE UM TEMPINHO PARA LER A PETI\u00c7\u00c3O P\u00daBLICA, AO QUAL SEGUE ABAIXO O LINK. TAL DOCUMENTO REFERE-SE A UM ATO DE COVARDIA POR PARTE DA VOLKSWAGEN DO BRASIL EM COAUTORIA DA ABOLI\u00c7\u00c3O VE\u00cdCULOS (GRUPO AB) CONTRA ESTE VELHO JORNALISTA. A REFERIDA CONCESSION\u00c1RIA EST\u00c1 ME LESANDO DESDE FEVEREIRO DE 2013. MEU CARRO FOI BATIDO DENTRO DA OFICINA, FURTARAM ACESS\u00d3RIOS, TEM PROBLEMAS CAUSADOS POR ELES, AL\u00c9M DE DEFEITOS DE FABRICA\u00c7\u00c3O. O CARRO 0 KM COMPRADO POR MIM HOJE SE ENCONTRA NA OFICINA DA ABOLI\u00c7\u00c3O VE\u00cdCULOS (CENTRO DE NITER\u00d3I) <b class=\"\" style=\"\"><u class=\"\" style=\"\">DESDE 10 DE JUNHO DE 2013<\/u><\/b>, OU SEJA, H\u00c1 14 MESES. <b class=\"\" style=\"\"><u class=\"\" style=\"\">TEM APENAS 703 KM RODADOS<\/u><\/b> PARA COMPROVAR O CALV\u00c1RIO TENHO DOCUMENTOS, GRAVA\u00c7\u00d5ES DE AUDIO E V\u00cdDEO, MAIS DE 400 FOTOGRAFIAS E E-MAILS TROCADOS COM FUNCION\u00c1RIOS DO BAIXO, M\u00c9DIO E ALTO ESCAL\u00c3O DA EMPRESA. POR FAVOR, ASSINEM O DOCUMENTO PARA QUE OUTROS CONSUMIDORES N\u00c3O SEJAM LESADOS POR EMPRESAS DESTE N\u00cdVEL.&nbsp; <\/span><a href=\"https:\/\/secure.avaaz.org\/po\/petition\/Aos_Orgaos_de_Defesa_do_Consumidor_e_ao_Poder_Judiciario_JUSTICA_CONTRA_UMA_MARCA_E_SUA_REVENDERORA_QUE_DESCUMPREM_A_LEI\/?lJEcNfb&amp;pv=0\" class=\"\" style=\"\"><span style=\"font-size:16.0pt;line-height:115%;font-family:&quot;Arial&quot;,&quot;sans-serif&quot;\" class=\"\"><a href=\"https:\/\/secure.avaaz.org\/po\/petition\/Aos_Orgaos_de_Defesa_do_Consumidor_e_ao_Poder_Judiciario_JUSTICA_CONTRA_UMA_MARCA_E_SUA_REVENDERORA_QUE_DESCUMPREM_A_LEI\/?lJEcNfb&amp;pv=0\" >https:\/\/secure.avaaz.org\/po\/petition\/Aos_Orgaos_de_Defesa_do_Consumidor_e_ao_Poder_Judiciario_JUSTICA_CONTRA_UMA_MARCA_E_SUA_REVENDERORA_QUE_DESCUMPREM_A_LEI\/?lJEcNfb&amp;pv=0<\/a><\/span><\/a><span style=\"font-size:16.0pt;line-height:115%;font-family:&quot;Arial&quot;,&quot;sans-serif&quot;\" class=\"\"><o:p class=\"\" style=\"\"><\/o:p><\/span><\/div>\n<div class=\"\" style=\"text-align:justify;tab-stops:111.0pt\"><span style=\"font-size:16.0pt;line-height:115%;font-family:&quot;Arial&quot;,&quot;sans-serif&quot;\" class=\"\"><o:p class=\"\" style=\"\">&nbsp;<\/o:p><\/span><\/div>\n<div class=\"\" style=\"text-align:justify;tab-stops:111.0pt\"><b class=\"\"   style=\"\"><span style=\"font-size:16.0pt;line-height: 115%;font-family:&quot;Arial&quot;,&quot;sans-serif&quot;\" class=\"\">&nbsp;&nbsp;&nbsp;&nbsp;&nbsp;&nbsp;&nbsp;&nbsp;&nbsp;&nbsp;&nbsp;&nbsp;&nbsp;&nbsp;&nbsp;&nbsp;&nbsp;&nbsp;&nbsp;&nbsp;&nbsp;&nbsp;&nbsp;&nbsp; &nbsp;&nbsp;&nbsp;&nbsp;&nbsp;&nbsp; <o:p class=\"\" style=\"\"><\/o:p><\/span><\/b><\/div>\n<div class=\"\" style=\"\">                          <\/div>\n<div class=\"\" style=\"text-align:justify\"><b class=\"\" style=\"\"><span style=\"font-size:14.0pt;line-height:115%;font-family:&quot;Arial&quot;,&quot;sans-serif&quot;\" class=\"\">AP\u00d3S AS TODAS AS PARTIDAS DO VASC\u00c3O EM MEU PERFIL DO FACEBOOK (QUEM QUISER RECEBER AS CR\u00d4NICAS DE PRIMEIRA M\u00c3O \u00c9 S\u00d3 ME ADICIONAR), E NOS SITES WEBVASCO (www.webvasco.com), E VASCA\u00cdNOS UNIDOS (www.vascainosunidos.com.br) TEM A OPINI\u00c3O DO JORNALISTA LUIZ CARLOS ROCHA. LEIAM! COMPARTILHEM E CURTAM! VASCA\u00cdNOS UNIDOS JAMAIS SER\u00c3O VENCIDOS.<o:p class=\"\" style=\"\"><\/o:p><\/span><\/b><\/div>\n<div class=\"\" style=\"\"><\/div>\n<div class=\"\" style=\"\">&nbsp;<\/div>\n<div id=\"RTEContent\" class=\"\" style=\"\">\n<div class=\"\" style=\"\">\n<div class=\"\" style=\"\">\n<div class=\"\" style=\"\">\n<div align=\"center\" class=\"\" style=\"\"><br class=\"\" style=\"\"\/><\/div>\n<\/div>\n<\/div>\n<\/div>\n<\/div>\n<\/div>\n<\/div>\n<p><\/p>\n","protected":false},"excerpt":{"rendered":"<p>&nbsp; &nbsp; O Vasco venceu ontem, por 3 a 2 o Am\u00e9rica\/MG, no Est\u00e1dio Independ\u00eancia,&#8230;<\/p>\n","protected":false},"author":7,"featured_media":58,"comment_status":"open","ping_status":"closed","sticky":false,"template":"","format":"standard","meta":{"footnotes":""},"categories":[4],"tags":[],"class_list":["post-933","post","type-post","status-publish","format-standard","has-post-thumbnail","hentry","category-luizcarlosrocha"],"_links":{"self":[{"href":"https:\/\/webvasco.com\/artigos\/wp-json\/wp\/v2\/posts\/933","targetHints":{"allow":["GET"]}}],"collection":[{"href":"https:\/\/webvasco.com\/artigos\/wp-json\/wp\/v2\/posts"}],"about":[{"href":"https:\/\/webvasco.com\/artigos\/wp-json\/wp\/v2\/types\/post"}],"author":[{"embeddable":true,"href":"https:\/\/webvasco.com\/artigos\/wp-json\/wp\/v2\/users\/7"}],"replies":[{"embeddable":true,"href":"https:\/\/webvasco.com\/artigos\/wp-json\/wp\/v2\/comments?post=933"}],"version-history":[{"count":0,"href":"https:\/\/webvasco.com\/artigos\/wp-json\/wp\/v2\/posts\/933\/revisions"}],"wp:featuredmedia":[{"embeddable":true,"href":"https:\/\/webvasco.com\/artigos\/wp-json\/wp\/v2\/media\/58"}],"wp:attachment":[{"href":"https:\/\/webvasco.com\/artigos\/wp-json\/wp\/v2\/media?parent=933"}],"wp:term":[{"taxonomy":"category","embeddable":true,"href":"https:\/\/webvasco.com\/artigos\/wp-json\/wp\/v2\/categories?post=933"},{"taxonomy":"post_tag","embeddable":true,"href":"https:\/\/webvasco.com\/artigos\/wp-json\/wp\/v2\/tags?post=933"}],"curies":[{"name":"wp","href":"https:\/\/api.w.org\/{rel}","templated":true}]}}