{"id":9333,"date":"2022-10-31T08:04:43","date_gmt":"2022-10-31T11:04:43","guid":{"rendered":"https:\/\/webvasco.com\/artigos\/?p=9333"},"modified":"2022-10-31T08:04:45","modified_gmt":"2022-10-31T11:04:45","slug":"elas-o-professor-rhaissa","status":"publish","type":"post","link":"https:\/\/webvasco.com\/artigos\/temas\/elas-e-o-professor\/elas-o-professor-rhaissa\/","title":{"rendered":"ELAS &#038; O PROFESSOR \u2013 RHA\u00cdSSA"},"content":{"rendered":"\n<p><strong><u>ELAS &amp; O PROFESSOR<\/u><\/strong><\/p>\n\n\n\n<p><strong>POR LUIZ CARLOS ROCHA<\/strong><\/p>\n\n\n\n<p>A entrevista de outubro de 2022, com Rhaissa Silva de Souza \u00e9 dedicada \u00e0 mais especial das vasca\u00ednas, pois al\u00e9m de linda, \u00e9 a minha maior fonte de inspira\u00e7\u00e3o e motiva\u00e7\u00e3o: <strong>\u00darsulla Rocha<\/strong>, minha filha, meu tudo, meu amor infinito.<\/p>\n\n\n\n<p><strong>RHA\u00cdSSA, <\/strong>m\u00e9dica veterin\u00e1ria<strong>, <\/strong>solteira, sem filhos, 23 anos, capricorniana, moradora do bairro de Tomazinho, em S\u00e3o Jo\u00e3o de Meriti, na Baixada Fluminense. Nas horas vagas aprecia ler bons livros, assistir s\u00e9ries e filmes. Sua Escola de Samba do cora\u00e7\u00e3o \u00e9 o Acad\u00eamicos do Salgueiro. Quanto a gastronomia ela adora a culin\u00e1ria oriental, precisamente a comida japa. &nbsp;<\/p>\n\n\n\n<p><strong>A expuls\u00e3o do atacante Raniel (cart\u00e3o amarelo por tirar a camisa na comemora\u00e7\u00e3o do gol e outro amarelo por provocar a torcida do Sport) e do volante Luiz Henrique por arreme\u00e7ar um t\u00eanis na torcida advers\u00e1ria prejudicar\u00e3o o Vasco da Gama na pr\u00f3xima partida, uma vez, que eles ter\u00e3o de cumprir suspens\u00e3o autom\u00e1tica?<\/strong><\/p>\n\n\n\n<p>A expuls\u00e3o, principalmente, do Raniel me deixa um pouco incomodada, pensando na pr\u00f3xima partida, mas acho que ao olhar o todo n\u00e3o vai prejudicar o time.<\/p>\n\n\n\n<p><strong>Faltando apenas tr\u00eas rodadas para terminar o Campeonato Brasileiro da S\u00e9rie B, voc\u00ea acredita que o Cruzmaltino estar\u00e1 na Elite do Futebol em 2023?<\/strong><\/p>\n\n\n\n<p>Me preocupa bastante, mas acredito no potencial mostrado, sendo assim, 2023 ser\u00e1 um grande ano para n\u00f3s cruzmaltinos.<\/p>\n\n\n\n<p><strong>Crici\u00fama, Sampaio Corr\u00eaa e Ituano, duas partidas em casa e a \u00faltima rodada fora s\u00e3o tecnicamente fracos diante de toda hist\u00f3rica futebol\u00edstica vasca\u00edna?<\/strong><\/p>\n\n\n\n<p>Acredito que n\u00e3o, levando em considera\u00e7\u00e3o o fato de estarmos na S\u00e9rie B.<\/p>\n\n\n\n<p><strong>&nbsp;&nbsp;&nbsp; H\u00e1 quem diga que o falecido presidente Eurico Miranda era o \u201cbicho\u201d, que com ele no comando a torcida do Sport n\u00e3o teria feito press\u00e3o contra o Vasco. Voc\u00ea tamb\u00e9m pensa assim?<\/strong><\/p>\n\n\n\n<p>N\u00e3o penso, j\u00e1 que a torcida do Sport \u00e9, teoricamente, considerada agressiva.<\/p>\n\n\n\n<p><strong>Olhando para equipes do passado, o Animal (Edmundo) teria lugar nesse atual time?<\/strong><\/p>\n\n\n\n<p>Com toda certeza!<\/p>\n\n\n\n<p><strong>Qual atleta do atual plantelpode ser considerado um gato (bonito)?<\/strong><\/p>\n\n\n\n<p>Fico entre Quintero e Figueiredo.<\/p>\n\n\n\n<p><strong>Receber um bom sal\u00e1rio e n\u00e3o corresponder dentro de campo, pode ser considerado uma cachorrada por parte de alguns atletas?<\/strong><\/p>\n\n\n\n<p>Claro, al\u00e9m de desrespeito com a torcida.<\/p>\n\n\n\n<p><strong>As vezes \u00e9 necess\u00e1rio engolir sapo no mundo da bola?<\/strong><\/p>\n\n\n\n<p>Na minha posi\u00e7\u00e3o como mulher, digo que \u00e9 complicado, ainda \u00e9 um mundo bem machista, ainda h\u00e1 a descren\u00e7a de que mulher pode gostar e entender sobre futebol, por isso, muitos acreditam que dever\u00edamos engolir sapo, mesmo assim, deve haver nosso posicionamento.<\/p>\n\n\n\n<p><strong>O treinadorJorginho pode ser considerado um burro?<\/strong><\/p>\n\n\n\n<p>Na minha opini\u00e3o, n\u00e3o, ele tem jogado conforme as cartas oferecidas, e tem se mostrado com interesse em evolu\u00e7\u00e3o e mudan\u00e7a. Mas erros acontecem.<\/p>\n\n\n\n<p><strong>Com a chegada da Empresa 777, na SAF do Vasco, o Gigante da Colina voltar\u00e1 ser o Rei da Selva, ou seja, A Majestade do Futebol?<\/strong><\/p>\n\n\n\n<p>\u00c9 o que espero e acredito, uma grande oportunidade que nosso time est\u00e1 tendo de voltar ao grande patamar.<\/p>\n\n\n\n<p><strong>A defesa vasca\u00edna est\u00e1 lenta como o Bicho Pregui\u00e7a?<\/strong><\/p>\n\n\n\n<p>Sim, est\u00e1 faltando um g\u00e1s e uma reorganiza\u00e7\u00e3o.<\/p>\n\n\n\n<p><strong>O que falta para o Cruzmaltino voltar a cantar de Galo?<\/strong><\/p>\n\n\n\n<p>Falta realinhamento do time e mais vontade.<\/p>\n\n\n\n<p><strong><u>FOTOGRAFIAS &nbsp;FORNECIDAS PELO ARQUIVO PESSOAL DA ENTREVISTADA.<\/u><\/strong><\/p>\n\n\n\n<figure class=\"wp-block-gallery columns-3 is-cropped wp-block-gallery-1 is-layout-flex wp-block-gallery-is-layout-flex\"><ul class=\"blocks-gallery-grid\"><li class=\"blocks-gallery-item\"><figure><a href=\"https:\/\/webvasco.com\/artigos\/wp-content\/uploads\/2022\/10\/WhatsApp-Image-2022-10-26-at-16.17.11.jpeg\"><img loading=\"lazy\" decoding=\"async\" width=\"1012\" height=\"1024\" src=\"https:\/\/webvasco.com\/artigos\/wp-content\/uploads\/2022\/10\/WhatsApp-Image-2022-10-26-at-16.17.11-1012x1024.jpeg\" alt=\"\" data-id=\"9336\" data-full-url=\"https:\/\/webvasco.com\/artigos\/wp-content\/uploads\/2022\/10\/WhatsApp-Image-2022-10-26-at-16.17.11.jpeg\" data-link=\"https:\/\/webvasco.com\/artigos\/?attachment_id=9336\" class=\"wp-image-9336\" srcset=\"https:\/\/webvasco.com\/artigos\/wp-content\/uploads\/2022\/10\/WhatsApp-Image-2022-10-26-at-16.17.11-1012x1024.jpeg 1012w, https:\/\/webvasco.com\/artigos\/wp-content\/uploads\/2022\/10\/WhatsApp-Image-2022-10-26-at-16.17.11-297x300.jpeg 297w, https:\/\/webvasco.com\/artigos\/wp-content\/uploads\/2022\/10\/WhatsApp-Image-2022-10-26-at-16.17.11-148x150.jpeg 148w, https:\/\/webvasco.com\/artigos\/wp-content\/uploads\/2022\/10\/WhatsApp-Image-2022-10-26-at-16.17.11-768x777.jpeg 768w, https:\/\/webvasco.com\/artigos\/wp-content\/uploads\/2022\/10\/WhatsApp-Image-2022-10-26-at-16.17.11-1519x1536.jpeg 1519w, https:\/\/webvasco.com\/artigos\/wp-content\/uploads\/2022\/10\/WhatsApp-Image-2022-10-26-at-16.17.11-1024x1036.jpeg 1024w, https:\/\/webvasco.com\/artigos\/wp-content\/uploads\/2022\/10\/WhatsApp-Image-2022-10-26-at-16.17.11.jpeg 1582w\" sizes=\"auto, (max-width: 1012px) 100vw, 1012px\" \/><\/a><\/figure><\/li><li class=\"blocks-gallery-item\"><figure><a href=\"https:\/\/webvasco.com\/artigos\/wp-content\/uploads\/2022\/10\/WhatsApp-Image-2022-10-26-at-16.17.13.jpeg\"><img loading=\"lazy\" decoding=\"async\" width=\"526\" height=\"1024\" src=\"https:\/\/webvasco.com\/artigos\/wp-content\/uploads\/2022\/10\/WhatsApp-Image-2022-10-26-at-16.17.13-526x1024.jpeg\" alt=\"\" data-id=\"9337\" data-full-url=\"https:\/\/webvasco.com\/artigos\/wp-content\/uploads\/2022\/10\/WhatsApp-Image-2022-10-26-at-16.17.13.jpeg\" data-link=\"https:\/\/webvasco.com\/artigos\/?attachment_id=9337\" class=\"wp-image-9337\" srcset=\"https:\/\/webvasco.com\/artigos\/wp-content\/uploads\/2022\/10\/WhatsApp-Image-2022-10-26-at-16.17.13-526x1024.jpeg 526w, https:\/\/webvasco.com\/artigos\/wp-content\/uploads\/2022\/10\/WhatsApp-Image-2022-10-26-at-16.17.13-154x300.jpeg 154w, https:\/\/webvasco.com\/artigos\/wp-content\/uploads\/2022\/10\/WhatsApp-Image-2022-10-26-at-16.17.13-77x150.jpeg 77w, https:\/\/webvasco.com\/artigos\/wp-content\/uploads\/2022\/10\/WhatsApp-Image-2022-10-26-at-16.17.13-768x1495.jpeg 768w, https:\/\/webvasco.com\/artigos\/wp-content\/uploads\/2022\/10\/WhatsApp-Image-2022-10-26-at-16.17.13-789x1536.jpeg 789w, https:\/\/webvasco.com\/artigos\/wp-content\/uploads\/2022\/10\/WhatsApp-Image-2022-10-26-at-16.17.13.jpeg 822w\" sizes=\"auto, (max-width: 526px) 100vw, 526px\" \/><\/a><\/figure><\/li><li class=\"blocks-gallery-item\"><figure><a href=\"https:\/\/webvasco.com\/artigos\/wp-content\/uploads\/2022\/10\/WhatsApp-Image-2022-10-26-at-16.17.14-1.jpeg\"><img loading=\"lazy\" decoding=\"async\" width=\"576\" height=\"1024\" src=\"https:\/\/webvasco.com\/artigos\/wp-content\/uploads\/2022\/10\/WhatsApp-Image-2022-10-26-at-16.17.14-1-576x1024.jpeg\" alt=\"\" data-id=\"9338\" data-full-url=\"https:\/\/webvasco.com\/artigos\/wp-content\/uploads\/2022\/10\/WhatsApp-Image-2022-10-26-at-16.17.14-1.jpeg\" data-link=\"https:\/\/webvasco.com\/artigos\/?attachment_id=9338\" class=\"wp-image-9338\" srcset=\"https:\/\/webvasco.com\/artigos\/wp-content\/uploads\/2022\/10\/WhatsApp-Image-2022-10-26-at-16.17.14-1-576x1024.jpeg 576w, https:\/\/webvasco.com\/artigos\/wp-content\/uploads\/2022\/10\/WhatsApp-Image-2022-10-26-at-16.17.14-1-169x300.jpeg 169w, https:\/\/webvasco.com\/artigos\/wp-content\/uploads\/2022\/10\/WhatsApp-Image-2022-10-26-at-16.17.14-1-84x150.jpeg 84w, https:\/\/webvasco.com\/artigos\/wp-content\/uploads\/2022\/10\/WhatsApp-Image-2022-10-26-at-16.17.14-1-768x1365.jpeg 768w, https:\/\/webvasco.com\/artigos\/wp-content\/uploads\/2022\/10\/WhatsApp-Image-2022-10-26-at-16.17.14-1-864x1536.jpeg 864w, https:\/\/webvasco.com\/artigos\/wp-content\/uploads\/2022\/10\/WhatsApp-Image-2022-10-26-at-16.17.14-1.jpeg 900w\" sizes=\"auto, (max-width: 576px) 100vw, 576px\" \/><\/a><\/figure><\/li><li class=\"blocks-gallery-item\"><figure><a href=\"https:\/\/webvasco.com\/artigos\/wp-content\/uploads\/2022\/10\/WhatsApp-Image-2022-10-26-at-16.17.16.jpeg\"><img loading=\"lazy\" decoding=\"async\" width=\"498\" height=\"1024\" src=\"https:\/\/webvasco.com\/artigos\/wp-content\/uploads\/2022\/10\/WhatsApp-Image-2022-10-26-at-16.17.16-498x1024.jpeg\" alt=\"\" data-id=\"9339\" data-full-url=\"https:\/\/webvasco.com\/artigos\/wp-content\/uploads\/2022\/10\/WhatsApp-Image-2022-10-26-at-16.17.16.jpeg\" data-link=\"https:\/\/webvasco.com\/artigos\/?attachment_id=9339\" class=\"wp-image-9339\" srcset=\"https:\/\/webvasco.com\/artigos\/wp-content\/uploads\/2022\/10\/WhatsApp-Image-2022-10-26-at-16.17.16-498x1024.jpeg 498w, https:\/\/webvasco.com\/artigos\/wp-content\/uploads\/2022\/10\/WhatsApp-Image-2022-10-26-at-16.17.16-146x300.jpeg 146w, https:\/\/webvasco.com\/artigos\/wp-content\/uploads\/2022\/10\/WhatsApp-Image-2022-10-26-at-16.17.16-73x150.jpeg 73w, https:\/\/webvasco.com\/artigos\/wp-content\/uploads\/2022\/10\/WhatsApp-Image-2022-10-26-at-16.17.16-768x1579.jpeg 768w, https:\/\/webvasco.com\/artigos\/wp-content\/uploads\/2022\/10\/WhatsApp-Image-2022-10-26-at-16.17.16-747x1536.jpeg 747w, https:\/\/webvasco.com\/artigos\/wp-content\/uploads\/2022\/10\/WhatsApp-Image-2022-10-26-at-16.17.16.jpeg 778w\" sizes=\"auto, (max-width: 498px) 100vw, 498px\" \/><\/a><\/figure><\/li><li class=\"blocks-gallery-item\"><figure><a href=\"https:\/\/webvasco.com\/artigos\/wp-content\/uploads\/2022\/10\/WhatsApp-Image-2022-10-26-at-16.17.17.jpeg\"><img loading=\"lazy\" decoding=\"async\" width=\"498\" height=\"1024\" src=\"https:\/\/webvasco.com\/artigos\/wp-content\/uploads\/2022\/10\/WhatsApp-Image-2022-10-26-at-16.17.17-498x1024.jpeg\" alt=\"\" data-id=\"9340\" data-full-url=\"https:\/\/webvasco.com\/artigos\/wp-content\/uploads\/2022\/10\/WhatsApp-Image-2022-10-26-at-16.17.17.jpeg\" data-link=\"https:\/\/webvasco.com\/artigos\/?attachment_id=9340\" class=\"wp-image-9340\" srcset=\"https:\/\/webvasco.com\/artigos\/wp-content\/uploads\/2022\/10\/WhatsApp-Image-2022-10-26-at-16.17.17-498x1024.jpeg 498w, https:\/\/webvasco.com\/artigos\/wp-content\/uploads\/2022\/10\/WhatsApp-Image-2022-10-26-at-16.17.17-146x300.jpeg 146w, https:\/\/webvasco.com\/artigos\/wp-content\/uploads\/2022\/10\/WhatsApp-Image-2022-10-26-at-16.17.17-73x150.jpeg 73w, https:\/\/webvasco.com\/artigos\/wp-content\/uploads\/2022\/10\/WhatsApp-Image-2022-10-26-at-16.17.17-768x1579.jpeg 768w, https:\/\/webvasco.com\/artigos\/wp-content\/uploads\/2022\/10\/WhatsApp-Image-2022-10-26-at-16.17.17-747x1536.jpeg 747w, https:\/\/webvasco.com\/artigos\/wp-content\/uploads\/2022\/10\/WhatsApp-Image-2022-10-26-at-16.17.17.jpeg 778w\" sizes=\"auto, (max-width: 498px) 100vw, 498px\" \/><\/a><\/figure><\/li><\/ul><\/figure>\n","protected":false},"excerpt":{"rendered":"<p>ELAS &amp; O PROFESSOR POR LUIZ CARLOS ROCHA A entrevista de outubro de 2022, com&#8230;<\/p>\n","protected":false},"author":7,"featured_media":9337,"comment_status":"open","ping_status":"closed","sticky":false,"template":"","format":"standard","meta":{"footnotes":""},"categories":[27],"tags":[],"class_list":["post-9333","post","type-post","status-publish","format-standard","has-post-thumbnail","hentry","category-elas-e-o-professor"],"_links":{"self":[{"href":"https:\/\/webvasco.com\/artigos\/wp-json\/wp\/v2\/posts\/9333","targetHints":{"allow":["GET"]}}],"collection":[{"href":"https:\/\/webvasco.com\/artigos\/wp-json\/wp\/v2\/posts"}],"about":[{"href":"https:\/\/webvasco.com\/artigos\/wp-json\/wp\/v2\/types\/post"}],"author":[{"embeddable":true,"href":"https:\/\/webvasco.com\/artigos\/wp-json\/wp\/v2\/users\/7"}],"replies":[{"embeddable":true,"href":"https:\/\/webvasco.com\/artigos\/wp-json\/wp\/v2\/comments?post=9333"}],"version-history":[{"count":2,"href":"https:\/\/webvasco.com\/artigos\/wp-json\/wp\/v2\/posts\/9333\/revisions"}],"predecessor-version":[{"id":9341,"href":"https:\/\/webvasco.com\/artigos\/wp-json\/wp\/v2\/posts\/9333\/revisions\/9341"}],"wp:featuredmedia":[{"embeddable":true,"href":"https:\/\/webvasco.com\/artigos\/wp-json\/wp\/v2\/media\/9337"}],"wp:attachment":[{"href":"https:\/\/webvasco.com\/artigos\/wp-json\/wp\/v2\/media?parent=9333"}],"wp:term":[{"taxonomy":"category","embeddable":true,"href":"https:\/\/webvasco.com\/artigos\/wp-json\/wp\/v2\/categories?post=9333"},{"taxonomy":"post_tag","embeddable":true,"href":"https:\/\/webvasco.com\/artigos\/wp-json\/wp\/v2\/tags?post=9333"}],"curies":[{"name":"wp","href":"https:\/\/api.w.org\/{rel}","templated":true}]}}