{"id":9343,"date":"2022-11-28T18:32:26","date_gmt":"2022-11-28T21:32:26","guid":{"rendered":"https:\/\/webvasco.com\/artigos\/?p=9343"},"modified":"2022-11-28T18:33:56","modified_gmt":"2022-11-28T21:33:56","slug":"elas-o-professor-jade","status":"publish","type":"post","link":"https:\/\/webvasco.com\/artigos\/colunistas\/elas-o-professor-jade\/","title":{"rendered":"ELAS &#038; O PROFESSOR \u2013 JADE"},"content":{"rendered":"\n<p><strong><u>ELAS &amp; O PROFESSOR<\/u><\/strong><\/p>\n\n\n\n<p><strong>POR LUIZ CARLOS ROCHA<\/strong><\/p>\n\n\n\n<p>A entrevista de novembro de 2022, com Jadira Peixoto de Almeida&nbsp; \u00e9 dedicada \u00e0 uma vasca\u00edna muito especial, que al\u00e9m de linda, \u00e9 a minha maior fonte de inspira\u00e7\u00e3o e motiva\u00e7\u00e3o: \u00darsulla Rocha, meu amor infinito, minha vida, meu mundo!<\/p>\n\n\n\n<p><strong>JADE, <\/strong>apelido que um ex-namorado colocou e ficou at\u00e9 hoje entre os amigos que conhecem essa vasca\u00edna, masna fam\u00edla ela \u00e9 chamada de Dandinha. Segundo ela, o nome Jadira s\u00f3 usa para quest\u00f5es burocr\u00e1ticas. Formada em letras e psicologia, vi\u00fava, 49 anos, m\u00e3e do Yago, do signo de Peixes, moradora do bairro de Campo Grande\/RJ. Nas horas vagas gosta de viajar, ir&nbsp; praia, tomar uma cerveja&nbsp; com os amigos, ler algum livro Kardecista. Sua Escola de Samba do cora\u00e7\u00e3o \u00e9 a Beija Flor de&nbsp; Nil\u00f3polis. Na gastronomia gosta de massas, de todos os tipos e sabores.<\/p>\n\n\n\n<p><strong>O Vasco da Gama retornou a S\u00e9rie A, do Campeonato Brasileiro por sorte ou compet\u00eancia?<\/strong><\/p>\n\n\n\n<p>Acredito que um pouco dos dois. O Vasco teve um bom desempenho dentro de casa, conseguimos algumas invencibilidades, e a torcida cruzmaltina fez toda a diferen\u00e7a no que diz respeito ao m\u00e9rito. Por\u00e9m, acredito que a sorte tamb\u00e9m fez parte da nossa trajet\u00f3ria, principalmente na reta final onde precis\u00e1vamos ter feito a nossa parte para chegar com mais tranquilidade na reta complementar do campeonato.<\/p>\n\n\n\n<p><strong>Voc\u00ea acredita que o trabalho da SAF come\u00e7ar\u00e1 a dar bons frutos em 2023 ou ainda ser\u00e1 mais para frente?<\/strong><\/p>\n\n\n\n<p>Acho que podemos olhar com mais tranquilidade pro futuro. Creio que n\u00e3o ser\u00e1 de uma hora para outra que iremos voltar a estar brigando por t\u00edtulos, mas pela grandeza que o Vasco t\u00eam, pela hist\u00f3ria que t\u00eam no futebol e por se tratar de uma das maiores torcidas do mundo, acho que podemos nos encher de expectativas para os anos seguintes com esse novo modelo de gest\u00e3o.<\/p>\n\n\n\n<p><strong>A torcida teme que o Cruzmaltino volte um dia para a Segunda&nbsp; Divis\u00e3o do Campeonato Brasileiro?<\/strong><\/p>\n\n\n\n<p>Devido aos anos anteriores, acredito que ainda vai demorar para nos esquecermos do temido rebaixamento. Tivemos 4 quedas na nossa hist\u00f3ria e permanecemos por 2 anos na \u00faltima. Com o passar do tempo devido \u00e0 expectativa que estamos com a SAF , talvez isso n\u00e3o nos preocupe mais. Contudo, pelo tempo em que ficamos na Segunda Divis\u00e3o acho que isso ainda ir\u00e1 nos assombrar por um bom tempo, at\u00e9 pelo menos que consigamos nos firmar.<\/p>\n\n\n\n<p><strong>Voc\u00ea acha que o treinador Jorginho merece permanecer?<\/strong><\/p>\n\n\n\n<p>Sim, acredito que Jorginho deva ficar no Vasco devido \u00e0 identifica\u00e7\u00e3o que ele tem com a torcida Vasca\u00edna.<\/p>\n\n\n\n<p><strong>A Comiss\u00e3o T\u00e9cnica vasca\u00edna merece a nossa confian\u00e7a?<\/strong><\/p>\n\n\n\n<p>Merece sim, afinal, foi essencial para o nosso retorno \u00e0 Primeira Divis\u00e3o.<\/p>\n\n\n\n<p><strong>O papel de um grande t\u00e9cnico inclui tamb\u00e9m ser um pouco psic\u00f3logo?<\/strong><\/p>\n\n\n\n<p>Eu n\u00e3o diria exatamente um &#8220;pouco psic\u00f3logo&#8221;, at\u00e9 porque, todo grande time como Vasco, tem em seu Staff um suporte em v\u00e1rias \u00e1reas como: fisioterapia, medicina, psicologia entre outras. Por\u00e9m, eu citarei aqui uma frase de Carl Jung, fundador da psicologia anal\u00edtica, para responder essa pergunta: &#8220;Conhe\u00e7a todas as teorias, domine todas as t\u00e9cnicas, mas ao tocar uma alma humana, seja apenas outra alma humana&#8221;. Na minha vis\u00e3o, um grande t\u00e9cnico tem que ter &#8220;feeling&#8221;, para que mesmo conhecendo todas as t\u00e9cnicas e teorias, saiba que est\u00e1 lidando com sua equipe, seus jogadores, superiores, sua torcida e todos s\u00e3o almas humanas assim como ele tamb\u00e9m \u00e9.<\/p>\n\n\n\n<p><strong>O Gigante da Colina precisa buscar um treinador internacional, ou h\u00e1 algum brasileiro d\u00edgno de comandar a equipe?<\/strong><\/p>\n\n\n\n<p>Caso o Jorginho n\u00e3o continue, acho v\u00e1lido buscar nomes estrangeiros para assumir o Vasco. Os treinadores brasileiros dessa nova gera\u00e7\u00e3o, ao meu ver, ainda est\u00e3o em evolu\u00e7\u00e3o para chegar em um n\u00edvel como chegaram grandes nomes como Felip\u00e3o, Tel\u00ea Santana, Emerson Le\u00e3o e outros treinadores de grande import\u00e2ncia na hist\u00f3ria do futebol. Entretanto, no momento em que o Vasco est\u00e1, acho v\u00e1lido explorar o mercado exterior em busca de um bom treinador.<\/p>\n\n\n\n<p><strong>Com o retorno para a Elite do Futebol, o Vasco atrair\u00e1 novos investidores?<\/strong><\/p>\n\n\n\n<p>Creio que sim, se tratando de uma das maiores torcidas deste pa\u00eds e com um novo modelo de gest\u00e3o, o Vasco pode ser atrativo para poss\u00edveis novos investidores. N\u00e3o deve ser um desafio t\u00e3o grande para a gest\u00e3o vasca\u00edna conseguir.<\/p>\n\n\n\n<p><strong>Em quanto tempo (anos ou meses) o Vasc\u00e3o estar\u00e1 novamente entre os melhores times do Brasil?<\/strong><\/p>\n\n\n\n<p>Dentro de dois anos acho que o Vasco vai estar nesse n\u00edvel,&nbsp; em 2023&nbsp; acredito que os investidores ir\u00e3o colocar a casa em ordem e no ano seguinte estaremos com expectativas maiores para o clube.<\/p>\n\n\n\n<p><strong>Qual \u00eddolo voc\u00ea gostaria de ver vestindo a camisa do Vasco na pr\u00f3xima temporada (considerando a realidade do clube)?<\/strong><\/p>\n\n\n\n<p>Paulinho do Bayer Leverkusen. Nosso cria, tem tido poucas oportunidades no exterior e acredito que, por ainda ser jovem e promissor, j\u00e1 com uma certa experi\u00eancia na europa e com um ouro ol\u00edmpico, agregaria muito ao Vasco nessa fase de transi\u00e7\u00e3o.<\/p>\n\n\n\n<p><strong>Voc\u00ea acha que o Cruzmaltino t\u00eam a hist\u00f3ria futebol\u00edstica mais bonita do pa\u00eds?<\/strong><\/p>\n\n\n\n<p>Com toda certeza! Nessa \u00e9poca de diversidade em que vivemos, tendo a luta contra o racismo como carro chefe dessa busca por igualdades, ser um time que foi o primeiro a aceitar jogadores negros e usar a &#8220;Resposta Hist\u00f3rica&#8221; em sua defesa, ter um est\u00e1dio constru\u00eddo com seus pr\u00f3prios recursos por amor mesmo,&nbsp; ser o time que recebeu o primeiro t\u00edtulo de Campe\u00e3o Carioca no ano de inaugura\u00e7\u00e3o do Maracan\u00e3, ser hist\u00f3ria com o famoso Expresso da Vit\u00f3ria,&nbsp; que na \u00e9poca foi a base da sele\u00e7\u00e3o brasileira entre 1944 e 1953 , ter t\u00edtulo de time da virada no ano de 2000 na virada do s\u00e9culo devido a revira-volta na partida de 3 a 0 para 4 a 3,&nbsp; ter o rei do futebol Pel\u00e9 aos 16 anos jogando com a camisa cruzmaltina e entre outros exemplos&#8230; S\u00e3o tantos fatos bonitos, emocionantes e acontecimentos hist\u00f3ricos que tornam certamente o Vasco como o time que tem a hist\u00f3ria mais bonita do nosso pa\u00eds!<\/p>\n\n\n\n<p><strong>Quem jamais poder\u00e1 vestir o manto sagrado vasca\u00edno?<\/strong><\/p>\n\n\n\n<p>Essa pergunta, para mim, tem um toque pessoal. Sempre que fui confrontada por amigos que torciam por times advers\u00e1rios, justamente pela hist\u00f3ria do Vasco, pelo amor da torcida, eu sempre disse que o Vasco estava em outro patamar. At\u00e9 que um dia, o jogador Bruno Henrique usou o termo que eu uso enaltecendo minha Cruz de Malta e isso me incomodou profundamente. Eu n\u00e3o admitiria nunca ele usar o manto sagrado vasca\u00edno, nunca!<\/p>\n\n\n\n<p><strong>FOTOGRAFIAS&nbsp;&nbsp;FORNECIDAS PELO ARQUIVO PESSOAL DA ENTREVISTADA.<\/strong><\/p>\n\n\n\n<figure class=\"wp-block-gallery columns-3 is-cropped wp-block-gallery-1 is-layout-flex wp-block-gallery-is-layout-flex\"><ul class=\"blocks-gallery-grid\"><li class=\"blocks-gallery-item\"><figure><a href=\"https:\/\/webvasco.com\/artigos\/wp-content\/uploads\/2022\/11\/20141122_181926-scaled.jpg\"><img loading=\"lazy\" decoding=\"async\" width=\"576\" height=\"1024\" src=\"https:\/\/webvasco.com\/artigos\/wp-content\/uploads\/2022\/11\/20141122_181926-576x1024.jpg\" alt=\"\" data-id=\"9344\" data-full-url=\"https:\/\/webvasco.com\/artigos\/wp-content\/uploads\/2022\/11\/20141122_181926-scaled.jpg\" data-link=\"https:\/\/webvasco.com\/artigos\/?attachment_id=9344\" class=\"wp-image-9344\" srcset=\"https:\/\/webvasco.com\/artigos\/wp-content\/uploads\/2022\/11\/20141122_181926-576x1024.jpg 576w, https:\/\/webvasco.com\/artigos\/wp-content\/uploads\/2022\/11\/20141122_181926-169x300.jpg 169w, https:\/\/webvasco.com\/artigos\/wp-content\/uploads\/2022\/11\/20141122_181926-84x150.jpg 84w, https:\/\/webvasco.com\/artigos\/wp-content\/uploads\/2022\/11\/20141122_181926-768x1365.jpg 768w, https:\/\/webvasco.com\/artigos\/wp-content\/uploads\/2022\/11\/20141122_181926-864x1536.jpg 864w, https:\/\/webvasco.com\/artigos\/wp-content\/uploads\/2022\/11\/20141122_181926-1152x2048.jpg 1152w, https:\/\/webvasco.com\/artigos\/wp-content\/uploads\/2022\/11\/20141122_181926-1024x1820.jpg 1024w, https:\/\/webvasco.com\/artigos\/wp-content\/uploads\/2022\/11\/20141122_181926-scaled.jpg 1440w\" sizes=\"auto, (max-width: 576px) 100vw, 576px\" \/><\/a><\/figure><\/li><li class=\"blocks-gallery-item\"><figure><a href=\"https:\/\/webvasco.com\/artigos\/wp-content\/uploads\/2022\/11\/20200821_102005-scaled.jpg\"><img loading=\"lazy\" decoding=\"async\" width=\"768\" height=\"1024\" src=\"https:\/\/webvasco.com\/artigos\/wp-content\/uploads\/2022\/11\/20200821_102005-768x1024.jpg\" alt=\"\" data-id=\"9345\" data-full-url=\"https:\/\/webvasco.com\/artigos\/wp-content\/uploads\/2022\/11\/20200821_102005-scaled.jpg\" data-link=\"https:\/\/webvasco.com\/artigos\/?attachment_id=9345\" class=\"wp-image-9345\" srcset=\"https:\/\/webvasco.com\/artigos\/wp-content\/uploads\/2022\/11\/20200821_102005-768x1024.jpg 768w, https:\/\/webvasco.com\/artigos\/wp-content\/uploads\/2022\/11\/20200821_102005-225x300.jpg 225w, https:\/\/webvasco.com\/artigos\/wp-content\/uploads\/2022\/11\/20200821_102005-113x150.jpg 113w, https:\/\/webvasco.com\/artigos\/wp-content\/uploads\/2022\/11\/20200821_102005-1152x1536.jpg 1152w, https:\/\/webvasco.com\/artigos\/wp-content\/uploads\/2022\/11\/20200821_102005-1536x2048.jpg 1536w, https:\/\/webvasco.com\/artigos\/wp-content\/uploads\/2022\/11\/20200821_102005-1024x1365.jpg 1024w, https:\/\/webvasco.com\/artigos\/wp-content\/uploads\/2022\/11\/20200821_102005-scaled.jpg 1920w\" sizes=\"auto, (max-width: 768px) 100vw, 768px\" \/><\/a><\/figure><\/li><li class=\"blocks-gallery-item\"><figure><a href=\"https:\/\/webvasco.com\/artigos\/wp-content\/uploads\/2022\/11\/20200821_102211-scaled.jpg\"><img loading=\"lazy\" decoding=\"async\" width=\"768\" height=\"1024\" src=\"https:\/\/webvasco.com\/artigos\/wp-content\/uploads\/2022\/11\/20200821_102211-768x1024.jpg\" alt=\"\" data-id=\"9346\" data-full-url=\"https:\/\/webvasco.com\/artigos\/wp-content\/uploads\/2022\/11\/20200821_102211-scaled.jpg\" data-link=\"https:\/\/webvasco.com\/artigos\/?attachment_id=9346\" class=\"wp-image-9346\" srcset=\"https:\/\/webvasco.com\/artigos\/wp-content\/uploads\/2022\/11\/20200821_102211-768x1024.jpg 768w, https:\/\/webvasco.com\/artigos\/wp-content\/uploads\/2022\/11\/20200821_102211-225x300.jpg 225w, https:\/\/webvasco.com\/artigos\/wp-content\/uploads\/2022\/11\/20200821_102211-113x150.jpg 113w, https:\/\/webvasco.com\/artigos\/wp-content\/uploads\/2022\/11\/20200821_102211-1152x1536.jpg 1152w, https:\/\/webvasco.com\/artigos\/wp-content\/uploads\/2022\/11\/20200821_102211-1536x2048.jpg 1536w, https:\/\/webvasco.com\/artigos\/wp-content\/uploads\/2022\/11\/20200821_102211-1024x1365.jpg 1024w, https:\/\/webvasco.com\/artigos\/wp-content\/uploads\/2022\/11\/20200821_102211-scaled.jpg 1920w\" sizes=\"auto, (max-width: 768px) 100vw, 768px\" \/><\/a><\/figure><\/li><li class=\"blocks-gallery-item\"><figure><a href=\"https:\/\/webvasco.com\/artigos\/wp-content\/uploads\/2022\/11\/20140531_004615.jpg\"><img loading=\"lazy\" decoding=\"async\" width=\"576\" height=\"1024\" src=\"https:\/\/webvasco.com\/artigos\/wp-content\/uploads\/2022\/11\/20140531_004615-576x1024.jpg\" alt=\"\" data-id=\"9347\" data-full-url=\"https:\/\/webvasco.com\/artigos\/wp-content\/uploads\/2022\/11\/20140531_004615.jpg\" data-link=\"https:\/\/webvasco.com\/artigos\/?attachment_id=9347\" class=\"wp-image-9347\" srcset=\"https:\/\/webvasco.com\/artigos\/wp-content\/uploads\/2022\/11\/20140531_004615-576x1024.jpg 576w, https:\/\/webvasco.com\/artigos\/wp-content\/uploads\/2022\/11\/20140531_004615-169x300.jpg 169w, https:\/\/webvasco.com\/artigos\/wp-content\/uploads\/2022\/11\/20140531_004615-84x150.jpg 84w, https:\/\/webvasco.com\/artigos\/wp-content\/uploads\/2022\/11\/20140531_004615-768x1365.jpg 768w, https:\/\/webvasco.com\/artigos\/wp-content\/uploads\/2022\/11\/20140531_004615-864x1536.jpg 864w, https:\/\/webvasco.com\/artigos\/wp-content\/uploads\/2022\/11\/20140531_004615-1024x1820.jpg 1024w, https:\/\/webvasco.com\/artigos\/wp-content\/uploads\/2022\/11\/20140531_004615.jpg 1080w\" sizes=\"auto, (max-width: 576px) 100vw, 576px\" \/><\/a><\/figure><\/li><li class=\"blocks-gallery-item\"><figure><a href=\"https:\/\/webvasco.com\/artigos\/wp-content\/uploads\/2022\/11\/20141122_181921-scaled.jpg\"><img loading=\"lazy\" decoding=\"async\" width=\"576\" height=\"1024\" src=\"https:\/\/webvasco.com\/artigos\/wp-content\/uploads\/2022\/11\/20141122_181921-576x1024.jpg\" alt=\"\" data-id=\"9348\" data-full-url=\"https:\/\/webvasco.com\/artigos\/wp-content\/uploads\/2022\/11\/20141122_181921-scaled.jpg\" data-link=\"https:\/\/webvasco.com\/artigos\/?attachment_id=9348\" class=\"wp-image-9348\" srcset=\"https:\/\/webvasco.com\/artigos\/wp-content\/uploads\/2022\/11\/20141122_181921-576x1024.jpg 576w, https:\/\/webvasco.com\/artigos\/wp-content\/uploads\/2022\/11\/20141122_181921-169x300.jpg 169w, https:\/\/webvasco.com\/artigos\/wp-content\/uploads\/2022\/11\/20141122_181921-84x150.jpg 84w, https:\/\/webvasco.com\/artigos\/wp-content\/uploads\/2022\/11\/20141122_181921-768x1365.jpg 768w, https:\/\/webvasco.com\/artigos\/wp-content\/uploads\/2022\/11\/20141122_181921-864x1536.jpg 864w, https:\/\/webvasco.com\/artigos\/wp-content\/uploads\/2022\/11\/20141122_181921-1152x2048.jpg 1152w, https:\/\/webvasco.com\/artigos\/wp-content\/uploads\/2022\/11\/20141122_181921-1024x1820.jpg 1024w, https:\/\/webvasco.com\/artigos\/wp-content\/uploads\/2022\/11\/20141122_181921-scaled.jpg 1440w\" sizes=\"auto, (max-width: 576px) 100vw, 576px\" \/><\/a><\/figure><\/li><\/ul><\/figure>\n","protected":false},"excerpt":{"rendered":"<p>ELAS &amp; O PROFESSOR POR LUIZ CARLOS ROCHA A entrevista de novembro de 2022, com&#8230;<\/p>\n","protected":false},"author":7,"featured_media":9345,"comment_status":"open","ping_status":"closed","sticky":false,"template":"","format":"standard","meta":{"footnotes":""},"categories":[3,27],"tags":[],"class_list":["post-9343","post","type-post","status-publish","format-standard","has-post-thumbnail","hentry","category-colunistas","category-elas-e-o-professor"],"_links":{"self":[{"href":"https:\/\/webvasco.com\/artigos\/wp-json\/wp\/v2\/posts\/9343","targetHints":{"allow":["GET"]}}],"collection":[{"href":"https:\/\/webvasco.com\/artigos\/wp-json\/wp\/v2\/posts"}],"about":[{"href":"https:\/\/webvasco.com\/artigos\/wp-json\/wp\/v2\/types\/post"}],"author":[{"embeddable":true,"href":"https:\/\/webvasco.com\/artigos\/wp-json\/wp\/v2\/users\/7"}],"replies":[{"embeddable":true,"href":"https:\/\/webvasco.com\/artigos\/wp-json\/wp\/v2\/comments?post=9343"}],"version-history":[{"count":2,"href":"https:\/\/webvasco.com\/artigos\/wp-json\/wp\/v2\/posts\/9343\/revisions"}],"predecessor-version":[{"id":9350,"href":"https:\/\/webvasco.com\/artigos\/wp-json\/wp\/v2\/posts\/9343\/revisions\/9350"}],"wp:featuredmedia":[{"embeddable":true,"href":"https:\/\/webvasco.com\/artigos\/wp-json\/wp\/v2\/media\/9345"}],"wp:attachment":[{"href":"https:\/\/webvasco.com\/artigos\/wp-json\/wp\/v2\/media?parent=9343"}],"wp:term":[{"taxonomy":"category","embeddable":true,"href":"https:\/\/webvasco.com\/artigos\/wp-json\/wp\/v2\/categories?post=9343"},{"taxonomy":"post_tag","embeddable":true,"href":"https:\/\/webvasco.com\/artigos\/wp-json\/wp\/v2\/tags?post=9343"}],"curies":[{"name":"wp","href":"https:\/\/api.w.org\/{rel}","templated":true}]}}