{"id":935,"date":"2014-09-10T15:55:12","date_gmt":"2014-09-10T18:55:12","guid":{"rendered":"http:\/\/webvasco.com\/artigos\/?p=935"},"modified":"2014-09-10T15:56:32","modified_gmt":"2014-09-10T18:56:32","slug":"com-biometria-vasco-pode-lanar-recadastramento-ainda-nesta-quarta","status":"publish","type":"post","link":"https:\/\/webvasco.com\/artigos\/colunistas\/marcus-simonini\/com-biometria-vasco-pode-lanar-recadastramento-ainda-nesta-quarta\/","title":{"rendered":"Com biometria, Vasco pode lan&ccedil;ar recadastramento ainda nesta quarta"},"content":{"rendered":"<div>\n<div dir='ltr'><strong>&nbsp;Com biometria, Vasco pode lan\u00e7ar  recadastramento ainda nesta quarta<\/strong><\/p>\n<div>\n<div align=\"justify\" class=\"ecxglb-conteudo ecxconteudo-megabanner\">\n<div class=\"ecxglb-bloco\">\n<div class=\"ecxglb-grid-8\">\n<div class=\"ecxhfeed ecxhentry\" id=\"ecxglb-materia\">\n<div class=\"ecxmateria-titulo\">\n<h2><font color=\"#808080\">Clube finaliza regras para  convoca\u00e7\u00e3o de s\u00f3cios, que v\u00e3o levar documentos pessoais, tirar foto e deixar  impress\u00e3o digital para renovar banco de dados de S\u00e3o Janu\u00e1rio<\/font><\/h2>\n<\/p><\/div>\n<div class=\"ecxmateria-assinatura-letra\">\n<div class=\"ecxmateria-assinatura\">\n<p class=\"ecxvcard ecxauthor\"><strong><font color=\"#0000ff\">Por Raphael  Zarko | <span class=\"ecxadr\"><span class=\"ecxlocality\">Rio de  Janeiro<\/span><\/span><\/font><\/strong><\/p>\n<\/div>\n<\/div>\n<div class=\"ecxmateria-conteudo ecxentry-content\" id=\"ecxmateria-letra\">\n<div class=\"ecxcorpo-conteudo\">\n<div class=\"ecxfoto ecxcomponente-conteudo\" id=\"ecx654067ac-6bbe-f38b-a252-0af958319a8c\" style=\"width: 300px;\"><img loading=\"lazy\" decoding=\"async\" width=\"300\" height=\"441\" title=\"ficha vasco (Foto: arte esporte)\" alt=\"ficha vasco (Foto: arte esporte)\" src=\"http&#58;\/\/s2.glbimg.com\/zC_s-1Axg-MVcX9sKlrO2O2p3bY&#61;\/0x0&#58;620x912\/300x441\/s.glbimg.com\/es\/ge\/f\/original\/2013\/10\/08\/ficha.jpg\"\/><font color=\"#800000\">ficha vasco (Foto: arte  esporte)<\/font><\/div>\n<p> Quase um m\u00eas depois do an\u00fancio em entrevista coletiva, o Vasco prepara  finalmente a convoca\u00e7\u00e3o dos associados para fazerem o recadastramento no clube.  Depois de algumas reuni\u00f5es nas \u00faltimas semanas e at\u00e9 da troca da Comiss\u00e3o de  Auditoria e Recadastramento, a ideia \u00e9 colocar no site oficial at\u00e9 o fim desta  quarta-feira todas as regras e explica\u00e7\u00f5es do processo, que pode come\u00e7ar na  semana que vem. A Microtag, empresa que j\u00e1 presta servi\u00e7o ao clube e vai  auxiliar o Vasco nesse servi\u00e7o, vai fornecer tecnologia para o s\u00f3cio gravar sua  impress\u00e3o digital e renovar seu v\u00ednculo no banco de dados de S\u00e3o Janu\u00e1rio.  <\/p>\n<p> O planejamento do clube \u00e9 conseguir, at\u00e9 30 dias antes das elei\u00e7\u00f5es, fazer  todo o recadastramento dos s\u00f3cios habilitados para a vota\u00e7\u00e3o de 11 de novembro.  Estes ser\u00e3o prioridade nesse momento. Depois, com mais tempo, todo o quadro  associativo pode ser recadastrado at\u00e9 o fim do ano. Quem n\u00e3o fizer o  recadastramento n\u00e3o ter\u00e1 direito a voto no pleito de sucess\u00e3o de Roberto  Dinamite.<\/p>\n<p> Al\u00e9m da biometria, o s\u00f3cio vai tirar uma foto na hora do recadastramento e  ter\u00e1 que fornecer dados pessoais, como carteira de identidade, comprovante de  resid\u00eancia e CPF.&nbsp;<\/p>\n<p> A comiss\u00e3o foi reformulada nos \u00faltimos dias depois que o vice-presidente  geral e de comunica\u00e7\u00f5es do clube, Ant\u00f4nio Peralta, pediu afastamento de suas  fun\u00e7\u00f5es na secretaria. Outro vice-presidente, Jayme Lisboa Alves, que  pertenceria \u00e0 comiss\u00e3o, tamb\u00e9m ficou fora do processo.&nbsp;A diretoria pretende  convocar representantes de todas as chapas para acompanharem o trabalho.<br \/> <strong><font color=\"#800000\">FONTE:<\/font><\/strong> <a href=\"http:\/\/globoesporte.globo.com\/futebol\/times\/vasco\/noticia\/2014\/09\/com-biometria-vasco-pode-lancar-recadastramento-ainda-nesta-quarta.html\" target=\"_blank\"><\/a><a href=\"http:\/\/globoesporte.globo.com\/futebol\/times\/vasco\/noticia\/2014\/09\/com-biometria-vasco-pode-lancar-recadastramento-ainda-nesta-quarta.html\" >http:\/\/globoesporte.globo.com\/futebol\/times\/vasco\/noticia\/2014\/09\/com-biometria-vasco-pode-lancar-recadastramento-ainda-nesta-quarta.html<\/a><\/p>\n<\/div>\n<\/div>\n<\/div>\n<\/div>\n<\/div>\n<\/div>\n<\/div><\/div>\n<\/div>\n<p><\/p>\n","protected":false},"excerpt":{"rendered":"<p>&nbsp;Com biometria, Vasco pode lan\u00e7ar recadastramento ainda nesta quarta Clube finaliza regras para convoca\u00e7\u00e3o de&#8230;<\/p>\n","protected":false},"author":8,"featured_media":261,"comment_status":"open","ping_status":"closed","sticky":false,"template":"","format":"standard","meta":{"footnotes":""},"categories":[6],"tags":[],"class_list":["post-935","post","type-post","status-publish","format-standard","has-post-thumbnail","hentry","category-marcus-simonini"],"_links":{"self":[{"href":"https:\/\/webvasco.com\/artigos\/wp-json\/wp\/v2\/posts\/935","targetHints":{"allow":["GET"]}}],"collection":[{"href":"https:\/\/webvasco.com\/artigos\/wp-json\/wp\/v2\/posts"}],"about":[{"href":"https:\/\/webvasco.com\/artigos\/wp-json\/wp\/v2\/types\/post"}],"author":[{"embeddable":true,"href":"https:\/\/webvasco.com\/artigos\/wp-json\/wp\/v2\/users\/8"}],"replies":[{"embeddable":true,"href":"https:\/\/webvasco.com\/artigos\/wp-json\/wp\/v2\/comments?post=935"}],"version-history":[{"count":0,"href":"https:\/\/webvasco.com\/artigos\/wp-json\/wp\/v2\/posts\/935\/revisions"}],"wp:featuredmedia":[{"embeddable":true,"href":"https:\/\/webvasco.com\/artigos\/wp-json\/wp\/v2\/media\/261"}],"wp:attachment":[{"href":"https:\/\/webvasco.com\/artigos\/wp-json\/wp\/v2\/media?parent=935"}],"wp:term":[{"taxonomy":"category","embeddable":true,"href":"https:\/\/webvasco.com\/artigos\/wp-json\/wp\/v2\/categories?post=935"},{"taxonomy":"post_tag","embeddable":true,"href":"https:\/\/webvasco.com\/artigos\/wp-json\/wp\/v2\/tags?post=935"}],"curies":[{"name":"wp","href":"https:\/\/api.w.org\/{rel}","templated":true}]}}