{"id":9352,"date":"2022-12-27T08:47:09","date_gmt":"2022-12-27T11:47:09","guid":{"rendered":"https:\/\/webvasco.com\/artigos\/?p=9352"},"modified":"2022-12-27T08:47:10","modified_gmt":"2022-12-27T11:47:10","slug":"elas-o-professor-marta","status":"publish","type":"post","link":"https:\/\/webvasco.com\/artigos\/temas\/elas-e-o-professor\/elas-o-professor-marta\/","title":{"rendered":"ELAS &#038; O PROFESSOR \u2013 MARTA"},"content":{"rendered":"\n<p><strong><u>ELAS &amp; O PROFESSOR<\/u><\/strong><\/p>\n\n\n\n<p><strong>POR LUIZ CARLOS ROCHA<\/strong><\/p>\n\n\n\n<p>A entrevista de dezembro de 2022, com Marta Farias e Silva \u00e9 dedicada \u00e0 vasca\u00edna que mais amo no mundo: \u00darsulla Rocha, que \u00e9 o meu amor infinito, minha fonte de inspira\u00e7\u00e3o e sobretudo, toda a minha dedica\u00e7\u00e3o de bondade e paix\u00e3o.<\/p>\n\n\n\n<p><strong>MARTA, <\/strong>casada com Eliane, 49 anos<strong>, <\/strong>farmac\u00eautica<strong>, <\/strong>do signo de Peixes, suas Escolas de Samba do cora\u00e7\u00e3o s\u00e3o a Mocidade Alegre (SP) e Salgueiro (RJ). Moradora de S\u00e3o Bernardo do Campo\/SP. Seu prato predileto \u2013 como boa brasileira \u2013 \u00e9 o churrasco com tudo que t\u00eam direito. Nas horas vagas ela gosta de viajar com a esposa (quando pode, porque farmac\u00eautica geralmente trabalha arduamente), para conhecer lugares novos, j\u00e1 que sua \u00fanica enteada \u00a0\u00e9 crescida (formada em Direito). Vale ressaltar, que seu AMOR pelo Vasco n\u00e3o \u00e9 s\u00f3 porque Marta nasceu em 01 de mar\u00e7o (anivers\u00e1rio do Munic\u00edpio do Rio de Janeiro), ou porque morou na Cidade Maravilhosa dos 08 aos 15 anos, mas tamb\u00e9m, porque segundo a pr\u00f3pria entrevistada, carrega consigo as melhores recorda\u00e7\u00f5es de inf\u00e2ncia, juventude e um amor incondicional com carinho das partidas de futebol. Tanto que aprendeu desde cedo torcer pelo Cruzmaltino, mas n\u00e3o deixa de ser S\u00e3o Paulina, na Terra da Garoa.<\/p>\n\n\n\n<p><strong>Os sal\u00e1rios de funcion\u00e1rios e atletas est\u00e3o em dia, e fechar\u00e3o a temporada 2022 tudo ok, como h\u00e1 muito n\u00e3o se via. Isso j\u00e1 \u00e9 fruto da SAF (Sociedade An\u00f4nima do Futebol)?<\/strong><\/p>\n\n\n\n<p>Com certeza. Esse modelo no meu ponto de vista faz com que tudo fique mais definido, controlado e gerando transpar\u00eancia, ou seja , toda despesa \u00e9 minimamente justificada, acompanhada e s\u00f3 \u00e9 realizada em caso da certeza de poder honrar tal compromisso. E os lucros al\u00e9m de serem batalhados, s\u00e3o repassados igualitariamente.<\/p>\n\n\n\n<p><strong>O Vasco da Gama ter\u00e1 um time realmente competitivo em 2023, ou bem depois disso?<\/strong><\/p>\n\n\n\n<p>Ele est\u00e1 de volta e vai precisar se ambientar porque&nbsp; esse Brasileir\u00e3o de 2023 vai pegar fogo com os chamados 12 grandes,(onde as 12 maiores torcidas do Brasil ir\u00e3o se juntar novamente num campeonato, o que n\u00e3o acontece desde de quando o Cruzeiro caiu pra s\u00e9rie B) O time vai ter de estar focado, coeso, e muito unido para ir buscar os resultados, sempre abatendo um le\u00e3o por vez.<\/p>\n\n\n\n<p><strong>Na sua opini\u00e3o a SAF deveria ter 100 % do Futebol ou 70 % j\u00e1 s\u00e3o suficientes para o time voltar a dias de gl\u00f3ria?<\/strong><\/p>\n\n\n\n<p>Acho que no m\u00e1ximo 80 %, porque sen\u00e3o tamb\u00e9m vira uma empresa e perde a alma do clube ,a hist\u00f3ria, e a nostalgia.<\/p>\n\n\n\n<p><strong>O melhor rem\u00e9dio para o time quando atua mal \u00e9 a Imensa Torcida Bem Feliz?<\/strong><\/p>\n\n\n\n<p>Diria que n\u00e3o s\u00f3, mas reavaliar os pontos a melhorar, aparar poss\u00edveis arestas internas, para que n\u00e3o se repita essa atua\u00e7\u00e3o, no pr\u00f3ximo confronto,<\/p>\n\n\n\n<p><strong>Maur\u00edcio Barbieri \u00e9 um treinador gen\u00e9rico?<\/strong><\/p>\n\n\n\n<p>N\u00e3o, diria que ele \u00e9 bem BIOEQUIVALENTE aos grandes t\u00e9cnicos de nome\/refer\u00eancia, por possuir caracter\u00edsticas bem pertinentes como competitividade, futebol com caracter\u00edsticas ofensivas e experi\u00eancia em trabalhar com jogadores novos. Vide o hist\u00f3rico dele no RED BULLS aqui de S\u00e3o Paulo, pois nos campeonatos que esteve presente deram um trabalh\u00e3o aos advers\u00e1rios<\/p>\n\n\n\n<p><strong>O torcedor precisar\u00e1 comprar paracetamol para assistir as partidas na pr\u00f3xima temporada?<\/strong><\/p>\n\n\n\n<p>Acredito que n\u00e3o. O Vasco sim, vai dar muita dor de cabe\u00e7a aos advers\u00e1rios, visto os refor\u00e7os que j\u00e1 est\u00e3o sendo confirmados para temporada 2023, L\u00e9o(SPFC), Pedro Raul e De Lucca.<\/p>\n\n\n\n<p><strong>A SAF \u00e9 uma inje\u00e7\u00e3o de \u00e2nimo futebol\u00edstico?<\/strong><\/p>\n\n\n\n<p>Sim, porque restabelece a ordem econ\u00f4mica no clube, fazendo com que todos mantenham sua sa\u00fade mental, podendo dessa forma focar no objetivo de entrega ao clube, onde cada um exerce o seu papel de forma dedicada. Diretoria, executivos, atletas e etc. Tamb\u00e9m favorece os investimentos, entre eles forma\u00e7\u00e3o de parcerias como por exemplo a firmada&nbsp; recentemente com com a OUTLIER FC, que reverte em lucro pra empresa novamente.<\/p>\n\n\n\n<p><strong>O futebol para obter resultados \u00e9 como a Homeopatia, que precisamos de pequenas doses (atos administrativos, jur\u00eddicos e financeiros) todos os dias para colher frutos sempre?<\/strong><\/p>\n\n\n\n<p>Sim, a parceria mencionada&nbsp; anteriormente, com a&nbsp; OUTLIER FC , e um desses exemplos.<\/p>\n\n\n\n<p><strong>O polivitaminico \u00e9 ver 11 titulares renomados de qualidade na equipe vasca\u00edna?<\/strong><\/p>\n\n\n\n<p>N\u00e3o. Renomados n\u00e3o, mas de qualidade sempre. Investir nas categorias de base e procurar ter recurso para manter jovens talentos na equipe durante muito tempo \u00e9 importante.<\/p>\n\n\n\n<p><strong>Diante de 22 anos de m\u00e1 gest\u00e3o do clube, por administradores \u201camadores\u201d, abriram feridas financeiras enormes. A SAF saber\u00e1 cicatrizar rapidamente essa fase ruim sem precisar usar Nebacetin, tampouco Kollagenase?<\/strong><\/p>\n\n\n\n<p>Com certeza, de forma organizada, equilibrada e transparente. Mantendo a sa\u00fade fiscal do Vasco. Para que possamos voltar a crescer de forma avassaladora.<\/p>\n\n\n\n<p><strong>Voc\u00ea acha que o falecido Dener merecia uma est\u00e1tua em S\u00e3o Janu\u00e1rio?<\/strong><\/p>\n\n\n\n<p>Eu diria que o Dener foi at\u00e9 hoje o jogador mais emblem\u00e1tico da na\u00e7\u00e3o vasca\u00edna. Sua partida repentina deixou-nos uma lacuna impreench\u00edvel. Acredito que merece uma est\u00e1tua na sala de trof\u00e9us, como forma de reconhecimento a tudo que ele desempenhou no Vasco.<\/p>\n\n\n\n<p><strong>Quais as suas expectativas para a pr\u00f3xima temporada?<\/strong><\/p>\n\n\n\n<p>Claro que torcedor(a) voa alto. E o fato de estar de volta \u00e0 s\u00e9rie A, \u00e9 gratificante. Mas, espero um time mais competitivo, ofensivo e trabalhando com foco e humildade, respeitando cada advers\u00e1rio, mostrando que o GIGANTE DA COLINA est\u00e1 de volta com garra\u00a0e sede de t\u00edtulos.<\/p>\n\n\n\n<p><strong><u>FOTOGRAFIAS \u00a0FORNECIDAS PELO ARQUIVO PESSOAL DA ENTREVISTADA.<\/u><\/strong><\/p>\n\n\n\n<figure class=\"wp-block-gallery columns-2 is-cropped wp-block-gallery-1 is-layout-flex wp-block-gallery-is-layout-flex\"><ul class=\"blocks-gallery-grid\"><li class=\"blocks-gallery-item\"><figure><a href=\"https:\/\/webvasco.com\/artigos\/wp-content\/uploads\/2022\/12\/marta-1.jpeg\"><img loading=\"lazy\" decoding=\"async\" width=\"576\" height=\"1024\" src=\"https:\/\/webvasco.com\/artigos\/wp-content\/uploads\/2022\/12\/marta-1-576x1024.jpeg\" alt=\"\" data-id=\"9353\" data-full-url=\"https:\/\/webvasco.com\/artigos\/wp-content\/uploads\/2022\/12\/marta-1.jpeg\" data-link=\"https:\/\/webvasco.com\/artigos\/?attachment_id=9353\" class=\"wp-image-9353\" srcset=\"https:\/\/webvasco.com\/artigos\/wp-content\/uploads\/2022\/12\/marta-1-576x1024.jpeg 576w, https:\/\/webvasco.com\/artigos\/wp-content\/uploads\/2022\/12\/marta-1-169x300.jpeg 169w, https:\/\/webvasco.com\/artigos\/wp-content\/uploads\/2022\/12\/marta-1-84x150.jpeg 84w, https:\/\/webvasco.com\/artigos\/wp-content\/uploads\/2022\/12\/marta-1.jpeg 648w\" sizes=\"auto, (max-width: 576px) 100vw, 576px\" \/><\/a><\/figure><\/li><li class=\"blocks-gallery-item\"><figure><a href=\"https:\/\/webvasco.com\/artigos\/wp-content\/uploads\/2022\/12\/marta-2.png\"><img loading=\"lazy\" decoding=\"async\" width=\"576\" height=\"1024\" src=\"https:\/\/webvasco.com\/artigos\/wp-content\/uploads\/2022\/12\/marta-2-576x1024.png\" alt=\"\" data-id=\"9354\" data-full-url=\"https:\/\/webvasco.com\/artigos\/wp-content\/uploads\/2022\/12\/marta-2.png\" data-link=\"https:\/\/webvasco.com\/artigos\/?attachment_id=9354\" class=\"wp-image-9354\" srcset=\"https:\/\/webvasco.com\/artigos\/wp-content\/uploads\/2022\/12\/marta-2-576x1024.png 576w, https:\/\/webvasco.com\/artigos\/wp-content\/uploads\/2022\/12\/marta-2-169x300.png 169w, https:\/\/webvasco.com\/artigos\/wp-content\/uploads\/2022\/12\/marta-2-84x150.png 84w, https:\/\/webvasco.com\/artigos\/wp-content\/uploads\/2022\/12\/marta-2.png 648w\" sizes=\"auto, (max-width: 576px) 100vw, 576px\" \/><\/a><\/figure><\/li><\/ul><\/figure>\n","protected":false},"excerpt":{"rendered":"<p>ELAS &amp; O PROFESSOR POR LUIZ CARLOS ROCHA A entrevista de dezembro de 2022, com&#8230;<\/p>\n","protected":false},"author":7,"featured_media":9353,"comment_status":"open","ping_status":"closed","sticky":false,"template":"","format":"standard","meta":{"footnotes":""},"categories":[27],"tags":[],"class_list":["post-9352","post","type-post","status-publish","format-standard","has-post-thumbnail","hentry","category-elas-e-o-professor"],"_links":{"self":[{"href":"https:\/\/webvasco.com\/artigos\/wp-json\/wp\/v2\/posts\/9352","targetHints":{"allow":["GET"]}}],"collection":[{"href":"https:\/\/webvasco.com\/artigos\/wp-json\/wp\/v2\/posts"}],"about":[{"href":"https:\/\/webvasco.com\/artigos\/wp-json\/wp\/v2\/types\/post"}],"author":[{"embeddable":true,"href":"https:\/\/webvasco.com\/artigos\/wp-json\/wp\/v2\/users\/7"}],"replies":[{"embeddable":true,"href":"https:\/\/webvasco.com\/artigos\/wp-json\/wp\/v2\/comments?post=9352"}],"version-history":[{"count":1,"href":"https:\/\/webvasco.com\/artigos\/wp-json\/wp\/v2\/posts\/9352\/revisions"}],"predecessor-version":[{"id":9355,"href":"https:\/\/webvasco.com\/artigos\/wp-json\/wp\/v2\/posts\/9352\/revisions\/9355"}],"wp:featuredmedia":[{"embeddable":true,"href":"https:\/\/webvasco.com\/artigos\/wp-json\/wp\/v2\/media\/9353"}],"wp:attachment":[{"href":"https:\/\/webvasco.com\/artigos\/wp-json\/wp\/v2\/media?parent=9352"}],"wp:term":[{"taxonomy":"category","embeddable":true,"href":"https:\/\/webvasco.com\/artigos\/wp-json\/wp\/v2\/categories?post=9352"},{"taxonomy":"post_tag","embeddable":true,"href":"https:\/\/webvasco.com\/artigos\/wp-json\/wp\/v2\/tags?post=9352"}],"curies":[{"name":"wp","href":"https:\/\/api.w.org\/{rel}","templated":true}]}}