{"id":936,"date":"2014-09-11T15:53:59","date_gmt":"2014-09-11T18:53:59","guid":{"rendered":"http:\/\/webvasco.com\/artigos\/?p=936"},"modified":"2014-09-11T16:26:02","modified_gmt":"2014-09-11T19:26:02","slug":"tnel-do-tempo-vgl-2001-voc-no-quer-isso-de-volta-n","status":"publish","type":"post","link":"https:\/\/webvasco.com\/artigos\/colunistas\/marcus-simonini\/tnel-do-tempo-vgl-2001-voc-no-quer-isso-de-volta-n\/","title":{"rendered":"T&uacute;nel do tempo &#8211; VGL 2001: Voc&ecirc; n&atilde;o quer isso de volta, n&eacute;?!"},"content":{"rendered":"<div>\n<div dir='ltr'><strong><font color=\"#989667\" size=\"4\">FUTEBOL &#8211;&nbsp;<\/font><\/strong><b>Banco norte-americano, ex-parceiro do Vasco, n\u00e3o aceita fim de acordo<\/b><\/p>\n<p><font size=\"5\"><b> Empresa pede indeniza\u00e7\u00e3o  de R$ 50 milh\u00f5es por danos<\/b><\/font><br \/><font size=\"5\"><\/font><font size=\"3\">Veja a not\u00edcia do link a seguir: <\/font><a href=\"http:\/\/www1.folha.uol.com.br\/fsp\/esporte\/fk1502200103.htm\"><font size=\"3\"><a href=\"http:\/\/www1.folha.uol.com.br\/fsp\/esporte\/fk1502200103.htm\" >http:\/\/www1.folha.uol.com.br\/fsp\/esporte\/fk1502200103.htm<\/a><\/font><\/a><strong>&nbsp; <\/strong><br \/><strong><font size=\"5\">&nbsp;<\/font><\/strong><br \/>&nbsp;  <\/p>\n<div>\n<div dir=\"ltr\">\u00c9 para isso que querem que ele volte?! Volta Eurico,&nbsp;nada! O PVC, da ESPN Brasil, foi muito claro&nbsp;neste \u00faltimo&nbsp;final de semana (07\/09\/2014), no programa Bate-Bola 2\u00aa Edi\u00e7\u00e3o (domingo): <strong>&#8220;Se o Vasco n\u00e3o se profissionalizar logo vai ficar para tr\u00e1s! Depois, quando entrar um presidente querendo arrumar o clube pode ser tarde. Se n\u00e3o for agora, n\u00e3o vai acompanhar as transforma\u00e7\u00f5es que j\u00e1 est\u00e3o&nbsp;ocorrendo no futebol mundial. Se deixar para depois pode n\u00e3o&nbsp;dar tempo.&#8221;<\/strong><br \/>&nbsp;<br \/>Vamos pensar com a raz\u00e3o, vamos colocar unicamente o Vasco, em primeiro lugar. O Eurico n\u00e3o tem mais condi\u00e7\u00f5es de ser presidente do Vasco. Nem f\u00edsicas, muito menos de gest\u00e3o. Ele j\u00e1 teve o tempo dele. Como VP de Futebol teve desempenho muito bom, de fato, mas como Presidente s\u00f3 ganhou um Carioca e perdeu decis\u00f5es e v\u00e1rias partidas para o flamengo, al\u00e9m de n\u00e3o conseguir montar bons times e lutar para n\u00e3o cair, como em 2004. Acumulou d\u00edvidas como por exemplo da do link acima. Olha no que deu. Veio o&nbsp;Dinamite e agravou ainda mais&nbsp;a crise financeira&nbsp;do clube.&nbsp;O patrim\u00f4nio do&nbsp;Vasco, hoje, est\u00e1&nbsp;em ru\u00ednas! O clube est\u00e1 praticamente falido e na s\u00e9rie B penando para subir!&nbsp;<br \/>&nbsp;<br \/>Chega de mais pol\u00edticos no Vasco! N\u00e3o podemos dar voto, tamb\u00e9m, a quem pensa em ser candidato daqui a 2 anos,&nbsp;que n\u00e3o tem propostas consistentes, nem nunca foi gestor em alguma empresa de grande porte, e tem como escola uma Casa Legislativa. J\u00e1 vimos o que acontece, n\u00e9?!&nbsp;Agora \u00e9 a vez de um empres\u00e1rio bem sucedido, s\u00e9rio e capaz&nbsp;tomar&nbsp;o leme da Nau e levar o Vasco a \u00e1guas seguras!<br \/>&nbsp;<br \/>Agora tem que dar a vez ao profissionalismo, a quem pode captar recursos, atrair investidores e dar in\u00edcio \u00e0 retomada do CRVG. N\u00e3o h\u00e1 mais tempo a perder. Se deixarmos passar mais 3 a 6 anos, o Vasco vai ser o Leeds United, aqui no Brasil. Vai ser um velho gigante&nbsp;do&nbsp;passado, adormecido e rebaixado de status. <br \/>&nbsp;<br \/>Interromper este processo depende de n\u00f3s! Vamos nos mobilizar, comparecer ao recadastramento, e no dia da elei\u00e7\u00e3o, dar&nbsp;nosso voto ao Julio Brant. Sem rancores, vamos reconhecer que&nbsp;Julio tem a capacidade de gest\u00e3o necess\u00e1ria&nbsp;para reverter o quadro atual. Vamos junto com ele mudar o futuro negro que muitos na m\u00eddia marrom querem para o Vasco!<br \/>&nbsp;<br \/>Pessoal, nem pensar em n\u00e3o ir a S\u00e3o Janu\u00e1rio no dia 11\/11! N\u00e3o falte! Voc\u00ea tem que ir para votar no Julio Brant!<br \/>&nbsp;<br \/>JULIO BRANT! RENOVA\u00c7\u00c3O, ABNEGA\u00c7\u00c3O, E MUITO TRABALHO!&nbsp;&nbsp;<br \/>&nbsp;<br \/>SV!<br \/>&nbsp;<br \/>Marcus Simonini Ferreira<\/p>\n<p>&nbsp;<br \/>&nbsp;&nbsp;<br \/>********************************************************************************************&nbsp;<br \/>&nbsp;<br \/>&nbsp;<br \/>O Caso VGL x CRVG e a CPI do Futebol:<br \/>&nbsp;<\/p>\n<p>&nbsp;<\/p>\n<table border=\"0\" cellspacing=\"0\" cellpadding=\"0\">\n<tbody>\n<tr>\n<td valign=\"top\">\n<div><a href=\"http:\/\/www1.folha.uol.com.br\/fsp\/esporte\/fk1502200103.htm\" >http:\/\/www1.folha.uol.com.br\/fsp\/esporte\/fk1502200103.htm<\/a><\/p>\n<p>FUTEBOL<\/p>\n<p>Banco norte-americano, ex-parceiro do Vasco, n\u00e3o aceita fim de acordo<\/p>\n<p>Empresa pede indeniza\u00e7\u00e3o de R$ 50 milh\u00f5es por danos<br \/>DA SUCURSAL DO RIO <\/p>\n<p>A VGL (Vasco da Gama Licenciamentos S\/A) entrou ontem com uma contranotifica\u00e7\u00e3o no Tribunal de Justi\u00e7a do Rio pedindo a manuten\u00e7\u00e3o do contrato com o clube carioca.<br \/>No documento, os advogados Marcelo Ferro e Luiz Gomide alegam que a VGL tamb\u00e9m quer receber uma indeniza\u00e7\u00e3o por perdas e danos. De acordo com Ferro, a indeniza\u00e7\u00e3o dever\u00e1 chegar a cerca de R$ 50 milh\u00f5es.<br \/>&#8220;&#8221;Foi uma decis\u00e3o unilateral. N\u00f3s queremos continuar exercendo os nossos direitos at\u00e9 o final do contrato&#8221;, disse Ferro.<br \/>&#8220;&#8221;Uma pessoa n\u00e3o pode receber cerca de R$ 200  milh\u00f5es em tr\u00eas anos e dizer que n\u00e3o quer mais trabalhar com a gente. Agora, vamos na Justi\u00e7a garantir o nosso direito&#8221;, acrescentou o advogado.<br \/>De acordo com Ferro, a VGL n\u00e3o \u00e9 inadimplente com o clube carioca, acusa\u00e7\u00e3o feita pelos dirigentes vasca\u00ednos. Segundo o advogado, o Vasco recebeu desde 1998, ano em que o contrato foi assinado, R$ 193.603.084,78.<br \/>&#8220;&#8221;Como o Vasco estava gastando dinheiro demais, qualquer um quebrava&#8221;, disse o advogado.<br \/>O Vasco est\u00e1 com sal\u00e1rios atrasados no time de futebol e tamb\u00e9m nas modalidades de seu projeto ol\u00edmpico.<br \/>Ferro contou que, inicialmente, o contrato dava \u00e0 Vasco da Gama Licenciamentos S\/A apenas poderes para negociar a marca do clube durante dez anos. Na \u00e9poca do acordo, a empresa pagou ao clube R$ 34 milh\u00f5es.<br \/>Em seguida, um contrato de publicidade est\u00e1tica em todas as depend\u00eancias do clube foi assinado com a VGL, que pagou R$ 17,5 milh\u00f5es. Desde ent\u00e3o, v\u00e1rios  aditamentos foram feitos nos contratos, o que ampliou a parceria at\u00e9 2024. Em 1999, a empresa pagou cerca de R$ 15 milh\u00f5es ao Vasco para garantir a transfer\u00eancia do atacante Edmundo.<br \/>Com dinheiro em caixa, os dirigentes vasca\u00ednos gastavam muito, o que deu in\u00edcio a crise de relacionamento entre o clube e a empresa. Somente em 1999, o Vasco gastou cerca de R$ 18 milh\u00f5es nos esportes ol\u00edmpicos.<br \/>Para frear os gastos do clube, a diretoria da VGL chegou a mudar o sistema de repasse dos recursos ao Vasco. Inicialmente, o clube recebia diretamente. Depois, a VGL estipulou um or\u00e7amento.<br \/>Com a verba controlada, os dirigentes do Vasco decidiram desrespeitar o contrato e pegar dinheiro direto dos credores.<br \/>Agora, segundo Fernando Gon\u00e7alves, principal executivo da VGL, a disputa ser\u00e1 na Justi\u00e7a.<br \/>&#8220;Toda a express\u00e3o p\u00fablica de opini\u00e3o ficar\u00e1 a cargo de nossos advogados&#8221;, disse Gon\u00e7alves, que sempre afirmou ser ex-atleta do clube  e vasca\u00edno.<br \/>A empresa quer que Eurico Miranda, presidente do clube e deputado federal pelo PPB-RJ, preste contas do que foi com o dinheiro injetado pela VGL.<br \/>Os neg\u00f3cios do deputado s\u00e3o alvo da CPI do Futebol, instalada no Senado. A comiss\u00e3o investiga duas empresas e uma casa, em um condom\u00ednio de luxo, que seriam de Eurico Miranda.<br \/>A suspeita dos senadores \u00e9 de evas\u00e3o de divisas e crime fiscal. Na C\u00e2mara, Eurico Miranda integra a CPI da CBF\/Nike, mas pode ser cassado com base em um requerimento do deputado federal Pedro Celso (PT-DF).<br \/>Conforme revelou a Folha anteontem, o Vasco tem uma d\u00edvida de US$ 19 milh\u00f5es (cerca de R$ 37 milh\u00f5es) com a Globo Esportes, bra\u00e7o da Rede Globo que negocia direitos de transmiss\u00e3o de partidas na televis\u00e3o.<br \/>Por conta da d\u00edvida, a Globo n\u00e3o est\u00e1 pagando ao clube pelo Estadual do Rio, ainda em andamento. O Vasco tamb\u00e9m n\u00e3o recebeu da emissora pelo torneio Rio-S\u00e3o Paulo.<br \/>Em  nota divulgada ontem, o Vasco informou que vai interpelar judicialmente o diretor da Globo Esportes, Marcelo de Campos Pinto. Segundo o clube, o executivo deu declara\u00e7\u00f5es &#8220;caluniosas&#8221;, que foram publicadas nos jornais de ontem, sobre a situa\u00e7\u00e3o financeira do clube.<br \/>A Folha n\u00e3o conseguiu falar ontem com a Globo Esportes.<\/p>\n<p>Texto Anterior: Vasco, em crise, rompe com parceiro milion\u00e1rio <br \/>Pr\u00f3ximo Texto: Uni\u00e3o de clube com investidor foi pioneira <br \/>\u00cdndice<\/p>\n<\/div>\n<\/td>\n<\/tr>\n<\/tbody>\n<\/table>\n<p> \t\t \t   \t\t  <\/div>\n<\/div><\/div>\n<\/div>\n<p><\/p>\n","protected":false},"excerpt":{"rendered":"<p>FUTEBOL &#8211;&nbsp;Banco norte-americano, ex-parceiro do Vasco, n\u00e3o aceita fim de acordo Empresa pede indeniza\u00e7\u00e3o de&#8230;<\/p>\n","protected":false},"author":8,"featured_media":261,"comment_status":"open","ping_status":"closed","sticky":false,"template":"","format":"standard","meta":{"footnotes":""},"categories":[6],"tags":[],"class_list":["post-936","post","type-post","status-publish","format-standard","has-post-thumbnail","hentry","category-marcus-simonini"],"_links":{"self":[{"href":"https:\/\/webvasco.com\/artigos\/wp-json\/wp\/v2\/posts\/936","targetHints":{"allow":["GET"]}}],"collection":[{"href":"https:\/\/webvasco.com\/artigos\/wp-json\/wp\/v2\/posts"}],"about":[{"href":"https:\/\/webvasco.com\/artigos\/wp-json\/wp\/v2\/types\/post"}],"author":[{"embeddable":true,"href":"https:\/\/webvasco.com\/artigos\/wp-json\/wp\/v2\/users\/8"}],"replies":[{"embeddable":true,"href":"https:\/\/webvasco.com\/artigos\/wp-json\/wp\/v2\/comments?post=936"}],"version-history":[{"count":0,"href":"https:\/\/webvasco.com\/artigos\/wp-json\/wp\/v2\/posts\/936\/revisions"}],"wp:featuredmedia":[{"embeddable":true,"href":"https:\/\/webvasco.com\/artigos\/wp-json\/wp\/v2\/media\/261"}],"wp:attachment":[{"href":"https:\/\/webvasco.com\/artigos\/wp-json\/wp\/v2\/media?parent=936"}],"wp:term":[{"taxonomy":"category","embeddable":true,"href":"https:\/\/webvasco.com\/artigos\/wp-json\/wp\/v2\/categories?post=936"},{"taxonomy":"post_tag","embeddable":true,"href":"https:\/\/webvasco.com\/artigos\/wp-json\/wp\/v2\/tags?post=936"}],"curies":[{"name":"wp","href":"https:\/\/api.w.org\/{rel}","templated":true}]}}