{"id":9372,"date":"2023-01-28T17:10:09","date_gmt":"2023-01-28T20:10:09","guid":{"rendered":"https:\/\/webvasco.com\/artigos\/?p=9372"},"modified":"2023-01-28T17:10:10","modified_gmt":"2023-01-28T20:10:10","slug":"elas-o-professor-cris-2","status":"publish","type":"post","link":"https:\/\/webvasco.com\/artigos\/temas\/elas-e-o-professor\/elas-o-professor-cris-2\/","title":{"rendered":"ELAS &#038; O PROFESSOR \u2013 CRIS"},"content":{"rendered":"\n<p><strong><u>ELAS &amp; O PROFESSOR<\/u><\/strong><\/p>\n\n\n\n<p><strong>POR LUIZ CARLOS ROCHA<\/strong><\/p>\n\n\n\n<p>A entrevista de janeiro de 2023, com Cristina Chaves&nbsp; \u00e9 dedicada ao grande amor da minha vida! Uma vasca\u00edna linda e especial, que \u00e9 toda a minha fonte de inspira\u00e7\u00e3o e motiva\u00e7\u00e3o: \u00darsulla Rocha, minha filha, minha vida, meu mundo!<\/p>\n\n\n\n<p><strong>CRIS, <\/strong>secret\u00e1ria<strong>, <\/strong>casada, 60 anos, mam\u00e3e de um filho, do signo de Aries, cat\u00f3lica, moradora do bairro de Campo Grande\/RJ. Nas horas vagas gosta de encontrar com os amigos para papear, mas tamb\u00e9m n\u00e3o dispensa um bom seriado de TV. Sua Escola de Samba do cora\u00e7\u00e3o \u00e9 a Mocidade Independente de Padre Miguel. Quanto \u00e0 culin\u00e1ria, ela curte um strogonoff.<\/p>\n\n\n\n<p><strong>&nbsp;&nbsp;&nbsp; At\u00e9 que ponto voc\u00ea sentiu a morte do Roberto Dinamite?<\/strong><\/p>\n\n\n\n<p>Como vascaina, ele foi o maior \u00eddolo da hist\u00f3ria do Vasco. N\u00e3o tem como falar do Vasco, sem lembrar do Roberto Dinamite.<\/p>\n\n\n\n<p><strong>&nbsp;&nbsp;&nbsp; Foi justa a homenagem da Prefeitura do Rio de Janeiro em trocar o endere\u00e7o do Vasco da Gama de Rua General Alm\u00e9rio de Moura 131 para Avenida Roberto Dinamite 10?<\/strong><\/p>\n\n\n\n<p>Sim, \u00e9 o m\u00ednimo que fizeram para homenagear um jogador que trouxe v\u00e1rias alegrias para a torcida cruzmaltina.<\/p>\n\n\n\n<p><strong>&nbsp;&nbsp;&nbsp; Roberto Dinamite era um \u00eddolo do Cruzmaltino ou do Futebol Carioca?<\/strong><\/p>\n\n\n\n<p>Com certeza, uma bela homenagem ao \u00eddolo do Vasco, que chegou a ser presidente do clube.<\/p>\n\n\n\n<p><strong>&nbsp;&nbsp;&nbsp; Por que \u00eddolos do rival, como Zico e Leovegildo J\u00fanior ultrapassaram a barreira de advers\u00e1rios e estavam presentes no vel\u00f3rio de Bob?<\/strong><\/p>\n\n\n\n<p>Antigamente eles eram rivais dentro de campo,&nbsp; mas fora de campo eram amigos e tinham respeito. Eram realmente dedicados aos seus clubes, coisas que nao existem mais.<\/p>\n\n\n\n<p><strong>&nbsp;&nbsp;&nbsp; Rodrigo Dinamite (filho de Roberto) t\u00eam o mesmo carisma do pai?<\/strong><\/p>\n\n\n\n<p>As vezes que li a respeito do filho, ele n\u00e3o&nbsp; conseguiu seguir os passos do pai.<\/p>\n\n\n\n<p><strong>&nbsp;&nbsp;&nbsp; Quais as homenagens ainda faltam para a Fam\u00edlia Dinamite?<\/strong><\/p>\n\n\n\n<p>Respeitar a mem\u00f3ria de um \u00eddolo que fez tanto pela nossa torcida.<\/p>\n\n\n\n<p><strong>&nbsp;&nbsp;&nbsp; O que voc\u00ea espera do time para a temporada 2023?<\/strong><\/p>\n\n\n\n<p>Acompanhei os jogos no exterior e percebi falta de entrosamento.<\/p>\n\n\n\n<p><strong>&nbsp;&nbsp;&nbsp; O plantel que o Vasco est\u00e1 montando \u00e9 satisfat\u00f3rio?<\/strong><\/p>\n\n\n\n<p>Pelo que vi nos jogos do exterior ainda falta entrosamento entre alguns setores, como defesa, ataque e meio de campo.<\/p>\n\n\n\n<p><strong>&nbsp;&nbsp;&nbsp; Qual o setor dentro de campo de maior car\u00eancia?<\/strong><\/p>\n\n\n\n<p>Defesa e ataque. Nos \u00faltimos jogos percebi uma falta de entrosamento. Acredito que seja pelas novas contrata\u00e7\u00f5es.<\/p>\n\n\n\n<p><strong>&nbsp;&nbsp;&nbsp; No in\u00edcio das carreiras, Roberto Dinamite pelo Vasco e J\u00fanior e Zico pelo Clube que n\u00e3o merece ser nomeado, j\u00e1 eram amigos, &nbsp;e Bob \u2013 ainda nas categorias de base \u2013 convidou ambos para ingressarem em S\u00e3o Janu\u00e1rio. Se tivesse acontecido, como seria a dimens\u00e3o futebol\u00edstica?<\/strong><\/p>\n\n\n\n<p>Se tiv\u00e9ssemos esses grandes \u00edcones&nbsp; juntos no Vasco, n\u00e3o sei o que seria dos outros clubes. Pois cada um deles realizariam sua carreira de forma gloriosa.<\/p>\n\n\n\n<p><strong>&nbsp;&nbsp;&nbsp; O Terceiro Uniforme do Vasco, foi eleito a camisa de futebol mais bonita do mundo. Voc\u00ea concorda?<\/strong><\/p>\n\n\n\n<p>Sim concordo.<\/p>\n\n\n\n<p><strong>&nbsp;&nbsp;&nbsp; Lugar de mulher \u00e9 no Est\u00e1dio de Futebol?<\/strong><\/p>\n\n\n\n<p>Acredito que \u00e9 nosso lugar sim, pois torcemos, gostamos e sofremos por nosso time nesse universo do futebol.<\/p>\n\n\n\n<p><\/p>\n\n\n\n<p><strong><u>FOTOGRAFIAS \u00a0FORNECIDAS PELO ARQUIVO PESSOAL DA ENTREVISTADA.<\/u><\/strong><\/p>\n\n\n\n<figure class=\"wp-block-gallery columns-2 is-cropped wp-block-gallery-1 is-layout-flex wp-block-gallery-is-layout-flex\"><ul class=\"blocks-gallery-grid\"><li class=\"blocks-gallery-item\"><figure><a href=\"https:\/\/webvasco.com\/artigos\/wp-content\/uploads\/2023\/01\/IMG-20230125-WA0186.jpg\"><img loading=\"lazy\" decoding=\"async\" width=\"768\" height=\"1024\" src=\"https:\/\/webvasco.com\/artigos\/wp-content\/uploads\/2023\/01\/IMG-20230125-WA0186-768x1024.jpg\" alt=\"\" data-id=\"9373\" data-full-url=\"https:\/\/webvasco.com\/artigos\/wp-content\/uploads\/2023\/01\/IMG-20230125-WA0186.jpg\" data-link=\"https:\/\/webvasco.com\/artigos\/?attachment_id=9373\" class=\"wp-image-9373\" srcset=\"https:\/\/webvasco.com\/artigos\/wp-content\/uploads\/2023\/01\/IMG-20230125-WA0186-768x1024.jpg 768w, https:\/\/webvasco.com\/artigos\/wp-content\/uploads\/2023\/01\/IMG-20230125-WA0186-225x300.jpg 225w, https:\/\/webvasco.com\/artigos\/wp-content\/uploads\/2023\/01\/IMG-20230125-WA0186-113x150.jpg 113w, https:\/\/webvasco.com\/artigos\/wp-content\/uploads\/2023\/01\/IMG-20230125-WA0186-1152x1536.jpg 1152w, https:\/\/webvasco.com\/artigos\/wp-content\/uploads\/2023\/01\/IMG-20230125-WA0186-1024x1365.jpg 1024w, https:\/\/webvasco.com\/artigos\/wp-content\/uploads\/2023\/01\/IMG-20230125-WA0186.jpg 1200w\" sizes=\"auto, (max-width: 768px) 100vw, 768px\" \/><\/a><\/figure><\/li><li class=\"blocks-gallery-item\"><figure><a href=\"https:\/\/webvasco.com\/artigos\/wp-content\/uploads\/2023\/01\/IMG-20230125-WA0187.jpg\"><img loading=\"lazy\" decoding=\"async\" width=\"768\" height=\"1024\" src=\"https:\/\/webvasco.com\/artigos\/wp-content\/uploads\/2023\/01\/IMG-20230125-WA0187-768x1024.jpg\" alt=\"\" data-id=\"9374\" data-full-url=\"https:\/\/webvasco.com\/artigos\/wp-content\/uploads\/2023\/01\/IMG-20230125-WA0187.jpg\" data-link=\"https:\/\/webvasco.com\/artigos\/?attachment_id=9374\" class=\"wp-image-9374\" srcset=\"https:\/\/webvasco.com\/artigos\/wp-content\/uploads\/2023\/01\/IMG-20230125-WA0187-768x1024.jpg 768w, https:\/\/webvasco.com\/artigos\/wp-content\/uploads\/2023\/01\/IMG-20230125-WA0187-225x300.jpg 225w, https:\/\/webvasco.com\/artigos\/wp-content\/uploads\/2023\/01\/IMG-20230125-WA0187-113x150.jpg 113w, https:\/\/webvasco.com\/artigos\/wp-content\/uploads\/2023\/01\/IMG-20230125-WA0187-1024x1365.jpg 1024w, https:\/\/webvasco.com\/artigos\/wp-content\/uploads\/2023\/01\/IMG-20230125-WA0187.jpg 1104w\" sizes=\"auto, (max-width: 768px) 100vw, 768px\" \/><\/a><\/figure><\/li><\/ul><\/figure>\n","protected":false},"excerpt":{"rendered":"<p>ELAS &amp; O PROFESSOR POR LUIZ CARLOS ROCHA A entrevista de janeiro de 2023, com&#8230;<\/p>\n","protected":false},"author":7,"featured_media":9373,"comment_status":"open","ping_status":"closed","sticky":false,"template":"","format":"standard","meta":{"footnotes":""},"categories":[27],"tags":[],"class_list":["post-9372","post","type-post","status-publish","format-standard","has-post-thumbnail","hentry","category-elas-e-o-professor"],"_links":{"self":[{"href":"https:\/\/webvasco.com\/artigos\/wp-json\/wp\/v2\/posts\/9372","targetHints":{"allow":["GET"]}}],"collection":[{"href":"https:\/\/webvasco.com\/artigos\/wp-json\/wp\/v2\/posts"}],"about":[{"href":"https:\/\/webvasco.com\/artigos\/wp-json\/wp\/v2\/types\/post"}],"author":[{"embeddable":true,"href":"https:\/\/webvasco.com\/artigos\/wp-json\/wp\/v2\/users\/7"}],"replies":[{"embeddable":true,"href":"https:\/\/webvasco.com\/artigos\/wp-json\/wp\/v2\/comments?post=9372"}],"version-history":[{"count":1,"href":"https:\/\/webvasco.com\/artigos\/wp-json\/wp\/v2\/posts\/9372\/revisions"}],"predecessor-version":[{"id":9375,"href":"https:\/\/webvasco.com\/artigos\/wp-json\/wp\/v2\/posts\/9372\/revisions\/9375"}],"wp:featuredmedia":[{"embeddable":true,"href":"https:\/\/webvasco.com\/artigos\/wp-json\/wp\/v2\/media\/9373"}],"wp:attachment":[{"href":"https:\/\/webvasco.com\/artigos\/wp-json\/wp\/v2\/media?parent=9372"}],"wp:term":[{"taxonomy":"category","embeddable":true,"href":"https:\/\/webvasco.com\/artigos\/wp-json\/wp\/v2\/categories?post=9372"},{"taxonomy":"post_tag","embeddable":true,"href":"https:\/\/webvasco.com\/artigos\/wp-json\/wp\/v2\/tags?post=9372"}],"curies":[{"name":"wp","href":"https:\/\/api.w.org\/{rel}","templated":true}]}}