{"id":9376,"date":"2023-01-30T17:17:41","date_gmt":"2023-01-30T20:17:41","guid":{"rendered":"https:\/\/webvasco.com\/artigos\/?p=9376"},"modified":"2023-01-30T17:17:42","modified_gmt":"2023-01-30T20:17:42","slug":"dinamite-o-maior-de-todos","status":"publish","type":"post","link":"https:\/\/webvasco.com\/artigos\/temas\/futbatom\/dinamite-o-maior-de-todos\/","title":{"rendered":"DINAMITE, O MAIOR DE TODOS"},"content":{"rendered":"\n<p>Eu sou Jana\u00edna de Melo Dom\u00e9quis, tenho 50 anos, m\u00e3e do Gabriel, super vasca\u00edno assim como eu, fui convidada pelos amigos Dr. Luiz Carlos Rocha e Andr\u00e9 Pedro a escrever esta coluna, e com imensa alegria e carinho aceitei o desafio, e te convido a acompanhar esta coluna mensal, expressando sempre a vis\u00e3o feminina do futebol do Vasco.<br \/>E para come\u00e7ar, n\u00e3o consegui enxergar uma outra homenagem que n\u00e3o fosse ao nosso \u00eddolo MAIOR, Roberto Dinamite.<\/p>\n\n\n\n<p><br \/>Falar do maior artilheiro do Vasco, do Campeonato Carioca, do Campeonato Brasileiro e dos cl\u00e1ssicos (regionais), n\u00e3o \u00e9 nada f\u00e1cil, isso porque terei que resumir, com perfei\u00e7\u00e3o, o perfeito artilheiro, porque ele, Roberto Dinamite, foi simplesmente perfeito.<\/p>\n\n\n\n<p><br \/>O Dinamite \u00e9 o Vasco e o Vasco \u00e9 o Dinamite, um \u00e9 a extens\u00e3o do outro, uma uni\u00e3o perfeita, de d\u00e9cadas vitoriosas e abundantes para esta torcida t\u00e3o apaixonada, e posso afirmar, com conhecimento de causa que, a nossa paix\u00e3o \u00e9 algo a ser estudado.<br \/><\/p>\n\n\n\n<p>Dinamite fez esta paix\u00e3o multiplicar in\u00fameras vezes, e ainda colhemos frutos desta multiplica\u00e7\u00e3o, onde conseguimos passar \u00e0s novas gera\u00e7\u00f5es toda essa heran\u00e7a de amor deixada pelo \u00eddolo.<\/p>\n\n\n\n<p><br \/>Dinamite foi inigual\u00e1vel e inesquec\u00edvel, e duvido muito que algum jogador, nos dias atuais, possa superar ou substituir tamanha grandeza marcada em nossa hist\u00f3ria.<br \/><\/p>\n\n\n\n<p>Ainda lembro, emocionada, quando o conheci pessoalmente. Era um jogo de entrega das faixas do Campe\u00e3o da Ta\u00e7a Guanabara, e sendo levada pelo saudoso tio Fernando, \u00e0 entrada social da nossa casa (ou pode chamar de est\u00e1dio \ud83c\udfdf), onde uma multid\u00e3o esperava pelo Bob. Meu tio o chamou e, mostrando a pequena vasca\u00edna, meio assustada com a cena, incr\u00e9dula, apaixonada e, dizendo ser a sua maior f\u00e3, e aos prantos, ele, Roberto, me pegou no colo, deu-me um beijo, autografou minha camisa, e com o largo sorriso, que era costumeiro deu aquele abra\u00e7o de super her\u00f3i. Dali em diante jurei nunca mais lavar o rosto. (Rsrsrs)<\/p>\n\n\n\n<p><br \/>Depois deste epis\u00f3dio, o encontrei in\u00fameras vezes, e a simpatia, a gentileza e o sorriso permaneciam iguais, e eu, incansavelmente pedia mais um aut\u00f3grafo, e ele escrevia: Com carinho do amigo Roberto Dinamite.<\/p>\n\n\n\n<p><br \/>Ele soube, como poucos, entender e aceitar quando se aproximava do fim de sua carreira, e assim foi se adaptando e dando espa\u00e7o para a nova gera\u00e7\u00e3o de craques do Vasco.<br \/><\/p>\n\n\n\n<p>E em sua despedida, \u00e9 claro que eu estava l\u00e1 num Maracan\u00e3 lotado, pude perceber e entender o tamanho do \u00eddolo, sendo homenageado de todas as formas e por todos os clubes, e at\u00e9 idolos dos rivais.<\/p>\n\n\n\n<p><br \/>Hoje, fica a saudade e o agradecimento ao Eterno \u00cddolo Roberto Dinamite.<\/p>\n\n\n\n<p><\/p>\n\n\n\n<p>O meu muito obrigada!!<\/p>\n\n\n\n<p>Com carinho, Jana Dom\u00e9quis.<\/p>\n","protected":false},"excerpt":{"rendered":"<p>Eu sou Jana\u00edna de Melo Dom\u00e9quis, tenho 50 anos, m\u00e3e do Gabriel, super vasca\u00edno assim&#8230;<\/p>\n","protected":false},"author":16,"featured_media":9377,"comment_status":"open","ping_status":"closed","sticky":false,"template":"","format":"standard","meta":{"footnotes":""},"categories":[31],"tags":[],"class_list":["post-9376","post","type-post","status-publish","format-standard","has-post-thumbnail","hentry","category-futbatom"],"_links":{"self":[{"href":"https:\/\/webvasco.com\/artigos\/wp-json\/wp\/v2\/posts\/9376","targetHints":{"allow":["GET"]}}],"collection":[{"href":"https:\/\/webvasco.com\/artigos\/wp-json\/wp\/v2\/posts"}],"about":[{"href":"https:\/\/webvasco.com\/artigos\/wp-json\/wp\/v2\/types\/post"}],"author":[{"embeddable":true,"href":"https:\/\/webvasco.com\/artigos\/wp-json\/wp\/v2\/users\/16"}],"replies":[{"embeddable":true,"href":"https:\/\/webvasco.com\/artigos\/wp-json\/wp\/v2\/comments?post=9376"}],"version-history":[{"count":1,"href":"https:\/\/webvasco.com\/artigos\/wp-json\/wp\/v2\/posts\/9376\/revisions"}],"predecessor-version":[{"id":9378,"href":"https:\/\/webvasco.com\/artigos\/wp-json\/wp\/v2\/posts\/9376\/revisions\/9378"}],"wp:featuredmedia":[{"embeddable":true,"href":"https:\/\/webvasco.com\/artigos\/wp-json\/wp\/v2\/media\/9377"}],"wp:attachment":[{"href":"https:\/\/webvasco.com\/artigos\/wp-json\/wp\/v2\/media?parent=9376"}],"wp:term":[{"taxonomy":"category","embeddable":true,"href":"https:\/\/webvasco.com\/artigos\/wp-json\/wp\/v2\/categories?post=9376"},{"taxonomy":"post_tag","embeddable":true,"href":"https:\/\/webvasco.com\/artigos\/wp-json\/wp\/v2\/tags?post=9376"}],"curies":[{"name":"wp","href":"https:\/\/api.w.org\/{rel}","templated":true}]}}