{"id":9382,"date":"2023-02-28T20:53:27","date_gmt":"2023-02-28T23:53:27","guid":{"rendered":"https:\/\/webvasco.com\/artigos\/?p=9382"},"modified":"2023-02-28T20:59:01","modified_gmt":"2023-02-28T23:59:01","slug":"elas-o-professor-cris-3","status":"publish","type":"post","link":"https:\/\/webvasco.com\/artigos\/temas\/elas-e-o-professor\/elas-o-professor-cris-3\/","title":{"rendered":"ELAS &#038; O PROFESSOR \u2013 GLEICE"},"content":{"rendered":"\n<p><strong><u>ELAS &amp; O PROFESSOR<\/u><\/strong><\/p>\n\n\n\n<p><strong>POR LUIZ CARLOS ROCHA<\/strong><\/p>\n\n\n\n<p>A entrevista de fevereiro de 2023, com Gleice Pinho da Rocha Guberman \u00e9 dedicada ao grande amor da minha vida! Uma pequena-grande vasca\u00edna que al\u00e9m de linda e especial, \u00e9 toda a minha fonte de inspira\u00e7\u00e3o e motiva\u00e7\u00e3o: \u00darsulla Rocha, minha filha, minha vida, meu mundo!<\/p>\n\n\n\n<p><strong>GLEICE, <\/strong>Biom\u00e9dica Esteta, casada, 43 anos, mam\u00e3e da J\u00falia e do Leonardo, do signo de Le\u00e3o, cat\u00f3lica, moradora do bairro de Campo Grande\/RJ. Nas horas vagas gosta de estar sempre com a fam\u00edlia em passeios, mas n\u00e3o abre m\u00e3o de uma boa corrida de rua com as amigas. Sua Escola de Samba do cora\u00e7\u00e3o \u00e9 a Mocidade Independente de Padre Miguel. Quanto \u00e0 culin\u00e1ria, ela aprecia aquele velho e bom churrasco devidamente acompanhado da cervejinha estupidamente gelada. Mas confessou ter tamb\u00e9m uma boa queda pelas massas. Curte um strogonoff. Apaixonad\u00edssima pelo esporte, Gleice nos revelou que quando era adolescente arriscou a pr\u00e1tica, na modalidade do futebol feminino, em Campeonato Estudantil.<\/p>\n\n\n\n<p><strong>&nbsp;&nbsp;&nbsp; A est\u00e9tica do Vasco da Gama melhorou depois da entrada da 777 Partners no futebol do clube?<\/strong><\/p>\n\n\n\n<p>Melhorou muito, afinal de contas quem n\u00e3o fica mais atrativo com um bom investimento financeiro<\/p>\n\n\n\n<p><strong>&nbsp;&nbsp;&nbsp; Botox \u00e9 a solu\u00e7\u00e3o para o empres\u00e1rio cara de pau que ainda n\u00e3o acredita na reconstru\u00e7\u00e3o vasca\u00edna?<\/strong><\/p>\n\n\n\n<p>Infelizmente n\u00e3o seria a solu\u00e7\u00e3o, nesse caso eu indicaria um bom tratamento a base de bom senso .<\/p>\n\n\n\n<p><strong>&nbsp;&nbsp;&nbsp; A defesa vasca\u00edna ainda precisa de um preenchimento?<\/strong><\/p>\n\n\n\n<p>Quem n\u00e3o precisa? Assim como a nossa pele perde estruturas e precisa de recursos extras, com a defesa do nosso time n\u00e3o seria diferente, \u00e9 necess\u00e1rio investir sempre nos bons \u201cpreenchedores\u201d dispon\u00edveis no mercado.<\/p>\n\n\n\n<p><strong>&nbsp;&nbsp;&nbsp; O Cruzmaltino precisa de uma rinoplastia para sentir melhor o cheirinho do t\u00edtulo do Campeonato Carioca, vers\u00e3o 2023?<\/strong><\/p>\n\n\n\n<p>Negativo, esse procedimento pode ocasionar uma obstru\u00e7\u00e3o nasal e precisa de recupera\u00e7\u00e3o. Estamos mais do que recuperados e preparados para o t\u00edtulo Carioca. Digo mais, j\u00e1 sinto o cheiro de outros t\u00edtulos.<\/p>\n\n\n\n<p><strong>&nbsp;&nbsp;&nbsp; O or\u00e7amento do clube ainda \u00e9 uma espinha fora da puberdade?<\/strong><\/p>\n\n\n\n<p>Sim, mas no momento controlada .<\/p>\n\n\n\n<p><strong>&nbsp;&nbsp;&nbsp; Manter o Nen\u00ea no time titular \u00e9 ter a certeza que o Vasco precisar\u00e1 ter uma pr\u00f3tese para saber que est\u00e1 tudo bem?<\/strong><\/p>\n\n\n\n<p>N\u00e3o vejo dessa forma. Nen\u00ea \u00e9 um atleta importante para a equipe devido a sua experi\u00eancia, \u00e9 um l\u00edder e tem um carinho rec\u00edproco com a torcida do Vasco.<\/p>\n\n\n\n<p><strong>&nbsp;&nbsp;&nbsp; Maur\u00edcio Barbieri para inovar os procedimentos de t\u00e1tica e t\u00e9cnica precisar\u00e1 peeling futebol\u00edstico?<\/strong><\/p>\n\n\n\n<p>Uma renova\u00e7\u00e3o \u00e9 sempre bem vinda, principalmente onde precisamos mostrar mais resultados.<\/p>\n\n\n\n<p><strong>&nbsp;&nbsp;&nbsp; Roseli Siqueira (Esteticista das estrelas) deixaria esse time do Vasco mais bonito ou somente t\u00edtulos t\u00eam esse poder?<\/strong><\/p>\n\n\n\n<p>Mesmo apreciando muito o trabalho da Roseli, n\u00e3o h\u00e1 tratamento est\u00e9tico melhor do que t\u00edtulos para elevar a autoestima do nosso Vasco.<\/p>\n\n\n\n<p><strong>&nbsp;&nbsp;&nbsp; Voc\u00ea acredita que o time ser\u00e1 competitivo ainda nesta temporada?<\/strong><\/p>\n\n\n\n<p>Acredito na competitividade do time, temos potencial.<\/p>\n\n\n\n<p><strong>&nbsp;&nbsp;&nbsp; Os gols de Roberto Dinamite ficar\u00e3o para sempre na mem\u00f3ria do torcedor?<\/strong><\/p>\n\n\n\n<p>Claro, Dinamite \u00e9 o nosso grande e eterno \u00eddolo. Seu feito pelo Vasco ser\u00e1 lembrado eternamente.<\/p>\n\n\n\n<p><strong>&nbsp;&nbsp;&nbsp; Como voc\u00ea analisa a SAF do Vasco em termos de evolu\u00e7\u00e3o do futebol?<\/strong><\/p>\n\n\n\n<p>Acredito que para o primeiro ano de SAF o Vasco tem feito boas contrata\u00e7\u00f5es para os seus objetivos, partindo do princ\u00edpio que o Vasco n\u00e3o se tornar\u00e1 um multicampe\u00e3o do dia para a noite. \u00c9 um projeto que requer cuidado e paci\u00eancia para que, os acertos sejam maiores do que os erros.<\/p>\n\n\n\n<p><strong>&nbsp;&nbsp;&nbsp; Gostou das contrata\u00e7\u00f5es dos atletas para 2023?<\/strong><\/p>\n\n\n\n<p>Gostei sim, o time est\u00e1 muito mais est\u00e9tico profissionalmente e isso causa uma seguran\u00e7a nos jogos.<\/p>\n\n\n\n<p><\/p>\n\n\n\n<p><strong><u>FOTOGRAFIAS \u00a0FORNECIDAS PELO ARQUIVO PESSOAL DA ENTREVISTADA.<\/u><\/strong><\/p>\n\n\n\n<figure class=\"wp-block-gallery columns-3 is-cropped wp-block-gallery-1 is-layout-flex wp-block-gallery-is-layout-flex\"><ul class=\"blocks-gallery-grid\"><li class=\"blocks-gallery-item\"><figure><a href=\"https:\/\/webvasco.com\/artigos\/wp-content\/uploads\/2023\/02\/WhatsApp-Image-2023-02-22-at-13.48.48.jpeg\"><img loading=\"lazy\" decoding=\"async\" width=\"768\" height=\"1024\" src=\"https:\/\/webvasco.com\/artigos\/wp-content\/uploads\/2023\/02\/WhatsApp-Image-2023-02-22-at-13.48.48.jpeg\" alt=\"\" data-id=\"9383\" data-full-url=\"https:\/\/webvasco.com\/artigos\/wp-content\/uploads\/2023\/02\/WhatsApp-Image-2023-02-22-at-13.48.48.jpeg\" data-link=\"https:\/\/webvasco.com\/artigos\/?attachment_id=9383\" class=\"wp-image-9383\" srcset=\"https:\/\/webvasco.com\/artigos\/wp-content\/uploads\/2023\/02\/WhatsApp-Image-2023-02-22-at-13.48.48.jpeg 768w, https:\/\/webvasco.com\/artigos\/wp-content\/uploads\/2023\/02\/WhatsApp-Image-2023-02-22-at-13.48.48-225x300.jpeg 225w, https:\/\/webvasco.com\/artigos\/wp-content\/uploads\/2023\/02\/WhatsApp-Image-2023-02-22-at-13.48.48-113x150.jpeg 113w\" sizes=\"auto, (max-width: 768px) 100vw, 768px\" \/><\/a><\/figure><\/li><li class=\"blocks-gallery-item\"><figure><a href=\"https:\/\/webvasco.com\/artigos\/wp-content\/uploads\/2023\/02\/WhatsApp-Image-2023-02-22-at-13.48.49-1.jpeg\"><img loading=\"lazy\" decoding=\"async\" width=\"768\" height=\"1024\" src=\"https:\/\/webvasco.com\/artigos\/wp-content\/uploads\/2023\/02\/WhatsApp-Image-2023-02-22-at-13.48.49-1-768x1024.jpeg\" alt=\"\" data-id=\"9384\" data-full-url=\"https:\/\/webvasco.com\/artigos\/wp-content\/uploads\/2023\/02\/WhatsApp-Image-2023-02-22-at-13.48.49-1.jpeg\" data-link=\"https:\/\/webvasco.com\/artigos\/?attachment_id=9384\" class=\"wp-image-9384\" srcset=\"https:\/\/webvasco.com\/artigos\/wp-content\/uploads\/2023\/02\/WhatsApp-Image-2023-02-22-at-13.48.49-1-768x1024.jpeg 768w, https:\/\/webvasco.com\/artigos\/wp-content\/uploads\/2023\/02\/WhatsApp-Image-2023-02-22-at-13.48.49-1-225x300.jpeg 225w, https:\/\/webvasco.com\/artigos\/wp-content\/uploads\/2023\/02\/WhatsApp-Image-2023-02-22-at-13.48.49-1-113x150.jpeg 113w, https:\/\/webvasco.com\/artigos\/wp-content\/uploads\/2023\/02\/WhatsApp-Image-2023-02-22-at-13.48.49-1-1152x1536.jpeg 1152w, https:\/\/webvasco.com\/artigos\/wp-content\/uploads\/2023\/02\/WhatsApp-Image-2023-02-22-at-13.48.49-1-1024x1365.jpeg 1024w, https:\/\/webvasco.com\/artigos\/wp-content\/uploads\/2023\/02\/WhatsApp-Image-2023-02-22-at-13.48.49-1.jpeg 1200w\" sizes=\"auto, (max-width: 768px) 100vw, 768px\" \/><\/a><\/figure><\/li><li class=\"blocks-gallery-item\"><figure><a href=\"https:\/\/webvasco.com\/artigos\/wp-content\/uploads\/2023\/02\/WhatsApp-Image-2023-02-22-at-13.48.49-2.jpeg\"><img loading=\"lazy\" decoding=\"async\" width=\"768\" height=\"1024\" src=\"https:\/\/webvasco.com\/artigos\/wp-content\/uploads\/2023\/02\/WhatsApp-Image-2023-02-22-at-13.48.49-2.jpeg\" alt=\"\" data-id=\"9385\" data-full-url=\"https:\/\/webvasco.com\/artigos\/wp-content\/uploads\/2023\/02\/WhatsApp-Image-2023-02-22-at-13.48.49-2.jpeg\" data-link=\"https:\/\/webvasco.com\/artigos\/?attachment_id=9385\" class=\"wp-image-9385\" srcset=\"https:\/\/webvasco.com\/artigos\/wp-content\/uploads\/2023\/02\/WhatsApp-Image-2023-02-22-at-13.48.49-2.jpeg 768w, https:\/\/webvasco.com\/artigos\/wp-content\/uploads\/2023\/02\/WhatsApp-Image-2023-02-22-at-13.48.49-2-225x300.jpeg 225w, https:\/\/webvasco.com\/artigos\/wp-content\/uploads\/2023\/02\/WhatsApp-Image-2023-02-22-at-13.48.49-2-113x150.jpeg 113w\" sizes=\"auto, (max-width: 768px) 100vw, 768px\" \/><\/a><\/figure><\/li><li class=\"blocks-gallery-item\"><figure><a href=\"https:\/\/webvasco.com\/artigos\/wp-content\/uploads\/2023\/02\/WhatsApp-Image-2023-02-22-at-13.48.49-3.jpeg\"><img loading=\"lazy\" decoding=\"async\" width=\"768\" height=\"1024\" src=\"https:\/\/webvasco.com\/artigos\/wp-content\/uploads\/2023\/02\/WhatsApp-Image-2023-02-22-at-13.48.49-3.jpeg\" alt=\"\" data-id=\"9386\" data-full-url=\"https:\/\/webvasco.com\/artigos\/wp-content\/uploads\/2023\/02\/WhatsApp-Image-2023-02-22-at-13.48.49-3.jpeg\" data-link=\"https:\/\/webvasco.com\/artigos\/?attachment_id=9386\" class=\"wp-image-9386\" srcset=\"https:\/\/webvasco.com\/artigos\/wp-content\/uploads\/2023\/02\/WhatsApp-Image-2023-02-22-at-13.48.49-3.jpeg 768w, https:\/\/webvasco.com\/artigos\/wp-content\/uploads\/2023\/02\/WhatsApp-Image-2023-02-22-at-13.48.49-3-225x300.jpeg 225w, https:\/\/webvasco.com\/artigos\/wp-content\/uploads\/2023\/02\/WhatsApp-Image-2023-02-22-at-13.48.49-3-113x150.jpeg 113w\" sizes=\"auto, (max-width: 768px) 100vw, 768px\" \/><\/a><\/figure><\/li><li class=\"blocks-gallery-item\"><figure><a href=\"https:\/\/webvasco.com\/artigos\/wp-content\/uploads\/2023\/02\/WhatsApp-Image-2023-02-22-at-13.48.49.jpeg\"><img loading=\"lazy\" decoding=\"async\" width=\"768\" height=\"1024\" src=\"https:\/\/webvasco.com\/artigos\/wp-content\/uploads\/2023\/02\/WhatsApp-Image-2023-02-22-at-13.48.49-768x1024.jpeg\" alt=\"\" data-id=\"9387\" data-full-url=\"https:\/\/webvasco.com\/artigos\/wp-content\/uploads\/2023\/02\/WhatsApp-Image-2023-02-22-at-13.48.49.jpeg\" data-link=\"https:\/\/webvasco.com\/artigos\/?attachment_id=9387\" class=\"wp-image-9387\" srcset=\"https:\/\/webvasco.com\/artigos\/wp-content\/uploads\/2023\/02\/WhatsApp-Image-2023-02-22-at-13.48.49-768x1024.jpeg 768w, https:\/\/webvasco.com\/artigos\/wp-content\/uploads\/2023\/02\/WhatsApp-Image-2023-02-22-at-13.48.49-225x300.jpeg 225w, https:\/\/webvasco.com\/artigos\/wp-content\/uploads\/2023\/02\/WhatsApp-Image-2023-02-22-at-13.48.49-113x150.jpeg 113w, https:\/\/webvasco.com\/artigos\/wp-content\/uploads\/2023\/02\/WhatsApp-Image-2023-02-22-at-13.48.49-1152x1536.jpeg 1152w, https:\/\/webvasco.com\/artigos\/wp-content\/uploads\/2023\/02\/WhatsApp-Image-2023-02-22-at-13.48.49-1024x1365.jpeg 1024w, https:\/\/webvasco.com\/artigos\/wp-content\/uploads\/2023\/02\/WhatsApp-Image-2023-02-22-at-13.48.49.jpeg 1200w\" sizes=\"auto, (max-width: 768px) 100vw, 768px\" \/><\/a><\/figure><\/li><\/ul><\/figure>\n","protected":false},"excerpt":{"rendered":"<p>ELAS &amp; O PROFESSOR POR LUIZ CARLOS ROCHA A entrevista de fevereiro de 2023, com&#8230;<\/p>\n","protected":false},"author":7,"featured_media":9384,"comment_status":"open","ping_status":"closed","sticky":false,"template":"","format":"standard","meta":{"footnotes":""},"categories":[27],"tags":[],"class_list":["post-9382","post","type-post","status-publish","format-standard","has-post-thumbnail","hentry","category-elas-e-o-professor"],"_links":{"self":[{"href":"https:\/\/webvasco.com\/artigos\/wp-json\/wp\/v2\/posts\/9382","targetHints":{"allow":["GET"]}}],"collection":[{"href":"https:\/\/webvasco.com\/artigos\/wp-json\/wp\/v2\/posts"}],"about":[{"href":"https:\/\/webvasco.com\/artigos\/wp-json\/wp\/v2\/types\/post"}],"author":[{"embeddable":true,"href":"https:\/\/webvasco.com\/artigos\/wp-json\/wp\/v2\/users\/7"}],"replies":[{"embeddable":true,"href":"https:\/\/webvasco.com\/artigos\/wp-json\/wp\/v2\/comments?post=9382"}],"version-history":[{"count":2,"href":"https:\/\/webvasco.com\/artigos\/wp-json\/wp\/v2\/posts\/9382\/revisions"}],"predecessor-version":[{"id":9389,"href":"https:\/\/webvasco.com\/artigos\/wp-json\/wp\/v2\/posts\/9382\/revisions\/9389"}],"wp:featuredmedia":[{"embeddable":true,"href":"https:\/\/webvasco.com\/artigos\/wp-json\/wp\/v2\/media\/9384"}],"wp:attachment":[{"href":"https:\/\/webvasco.com\/artigos\/wp-json\/wp\/v2\/media?parent=9382"}],"wp:term":[{"taxonomy":"category","embeddable":true,"href":"https:\/\/webvasco.com\/artigos\/wp-json\/wp\/v2\/categories?post=9382"},{"taxonomy":"post_tag","embeddable":true,"href":"https:\/\/webvasco.com\/artigos\/wp-json\/wp\/v2\/tags?post=9382"}],"curies":[{"name":"wp","href":"https:\/\/api.w.org\/{rel}","templated":true}]}}