{"id":939,"date":"2014-09-19T13:49:02","date_gmt":"2014-09-19T16:49:02","guid":{"rendered":"http:\/\/webvasco.com\/artigos\/?p=939"},"modified":"2014-09-19T13:50:18","modified_gmt":"2014-09-19T16:50:18","slug":"futebol-brasileiro-quem-disse-que-no-pode-ter-mais-emoo-e-estdios-cheios","status":"publish","type":"post","link":"https:\/\/webvasco.com\/artigos\/colunistas\/marcus-simonini\/futebol-brasileiro-quem-disse-que-no-pode-ter-mais-emoo-e-estdios-cheios\/","title":{"rendered":"FUTEBOL BRASILEIRO: QUEM DISSE QUE N&Atilde;O PODE TER MAIS EMO&Ccedil;&Atilde;O E EST&Aacute;DIOS CHEIOS?!"},"content":{"rendered":"<div>\n<div dir='ltr'>\n<p align=\"center\">&nbsp;<\/p>\n<div class=\"wp-caption aligncenter\" id=\"attachment_2390\" style=\"width: 310px;\"><a href=\"http:\/\/incondicionalmentevasco.files.wordpress.com\/2013\/03\/futebol-negc3b3cio.gif\"><img loading=\"lazy\" decoding=\"async\" width=\"300\" height=\"240\" class=\"size-medium wp-image-2390\" alt=\"Futebol neg\u00f3cio \" src=\"http:\/\/incondicionalmentevasco.files.wordpress.com\/2013\/03\/futebol-negc3b3cio.gif?w=300&amp;h=240\"\/><\/a><\/p>\n<p align=\"center\" class=\"wp-caption-text\">Futebol neg\u00f3cio<\/p>\n<\/div>\n<p>&nbsp;<br \/>&nbsp;<br \/>A atitude de Emerson Sheik, na partida entre Botafogo e Bahia, no Maracan\u00e3, na noite de 17\/09\/2014, pelo depressivo campeonato brasileiro pode at\u00e9 ter sido fora de ocasi\u00e3o, mas n\u00e3o deixa de ser uma Voz de Desabafo de grande parcela dos torcedores brasileiros que n\u00e3o aceitam mais as coisas como est\u00e3o sendo tocadas pela CBF, um grande p\u00fablico que n\u00e3o aceita esse produto que Globo, PFC,&nbsp;CBF e Federa\u00e7\u00f5es querem empurrar goela abaixo dos f\u00e3s de futebol.<br \/>&nbsp;<br \/>Emerson Sheik&nbsp;exteriorizou toda a revolta do Bom Senso FC, todo o sentimento de nojo dos torcedores do&nbsp;Botafogo, do Vasco, do Palmeiras, do Santos, do Gr\u00eamio, do&nbsp;Inter, do Cruzeiro, do Atl\u00e9tico&nbsp;Mineiro, do Fluminense e parcela de ex-dirigentes do S\u00e3o Paulo FC, mais especificamente o l\u00facido Juvenal Juv\u00eancio, tra\u00eddo por Carlos Miguel Aidar.&nbsp;Aidar traiu a linha pol\u00edtica do S\u00e3o Paulo de&nbsp;luta e combate \u00e0 \u201cespanholiza\u00e7\u00e3o\u201d do futebol brasileiro, promovida pela Globo, com a&nbsp;chancela da CBF, quando defendeu &nbsp;a entidade, que nos levou ao 7 x 1 para a&nbsp;Alemanha, no escandaloso caso da Portuguesa.<br \/>&nbsp;<br \/>Nesse imbr\u00f3glio todo o Vasco tem papel p\u00edfio limitando-se a se indignar sempre depois que \u00e9 prejudicado, mas n\u00e3o se fazendo representar e se impor perante a FFERJ, CBF e a Globo.<br \/>&nbsp;<br \/>A&nbsp;Globo, como&nbsp;detentora exclusiva das cotas de TV,&nbsp;tem papel essencial em tudo&nbsp;o que est\u00e1 acontecendo no futebol brasileiro, pois continua a estimular as velhas pr\u00e1ticas da CBF e das Federa\u00e7\u00f5es,&nbsp;quando&nbsp;deveria se aliar \u00e0s reinvindica\u00e7\u00f5es do Bom Senso FC, que pugna por um&nbsp;calend\u00e1rio melhor para todos os clubes (pequenos, m\u00e9dios e grandes).<br \/>&nbsp;<br \/>A sa\u00edda para o futebol brasileiro&nbsp;\u00e9 a cria\u00e7\u00e3o das Ligas A e&nbsp;B, totalmente independentes, com a&nbsp;CBF ficando&nbsp;encarregada de cuidar&nbsp;das s\u00e9ries C e D, e&nbsp;da Sele\u00e7\u00e3o, que, ali\u00e1s depois do 7 x 1 e do 3 x 0, precisa de muita aten\u00e7\u00e3o, sen\u00e3o n\u00e3o iremos \u00e0 R\u00fassia, ou se formos, depois de passar por uma repescagem,&nbsp;jogaremos apenas 3&nbsp;partidas da&nbsp;fase de grupos.&nbsp;O n\u00edvel da Arbitragem s\u00f3 melhorar\u00e1 com a&nbsp;profissionaliza\u00e7\u00e3o&nbsp;e&nbsp;o aumento do n\u00edvel de exig\u00eancia, tendo como consequ\u00eancia o afastamento at\u00e9 mesmo definitivo por mau desempenho e erros gritantes. Numa Liga onde todos se fazem representar n\u00e3o h\u00e1 espa\u00e7o para favorecimento a determinados times, em fun\u00e7\u00e3o da necessidade de cont\u00ednuo sucesso para render mais audi\u00eancia.<br \/>&nbsp;<br \/>Na realidade que o futebol brasileiro precisaria abra\u00e7ar as ligas negociariam os direitos comerciais de TV, naming rights das competi\u00e7\u00f5es, pacth na manga das camisas, e definiriam um calend\u00e1rio melhor, inclusive com pausa para excurs\u00e3o \u00e0 Europa, \u00c1sia e Am\u00e9rica do Norte, para&nbsp;internacionalizarem suas marcas, e os pr\u00f3prios campeonatos nacionais que disputam.<br \/>&nbsp;<br \/>Os crit\u00e9rios seriam parecidos com os da Premier League Inglesa ou da Bundesliga. Exemplo: Dos&nbsp;100% das cotas de TV,&nbsp;50% seriam divididos pelos&nbsp;20 clubes; Dos outros 50%, seriam destinados&nbsp;25%&nbsp; ao&nbsp;m\u00e9rito\/desempenho na competi\u00e7\u00e3o (ordem de classifica\u00e7\u00e3o na tabela define o percentual a que&nbsp;cada clube tem direito), e 25% seriam&nbsp;distribu\u00eddos&nbsp;considerando audi\u00eancia, e a\u00ed Flamengo e Corinthians teriam que comprovar pontua\u00e7\u00e3o de audi\u00eancia superior aos demais para receberem as maiores cotas, e n\u00e3o como \u00e9 hoje.<br \/>&nbsp;<br \/>Com pagamento de cotas considerando o m\u00e9rito poder\u00edamos ter motiva\u00e7\u00e3o at\u00e9 o final do campeonato, pois um clube em 13\u00ba lugar, dependendo da combina\u00e7\u00e3o de resultados,&nbsp;poderia&nbsp;chegar ao 8\u00ba lugar&nbsp;caso vencesse seu&nbsp;jogo final,&nbsp;e assim aumentaria o seu percentual de receita, e pr\u00eamio aos seus jogadores. Imaginem se a vit\u00f3ria viesse sobre o l\u00edder do campeonato ou definisse um rebaixamento?! Agora acrescentem a isso o retorno das vagas para a&nbsp;Copa&nbsp;Sul-Americana!&nbsp;Ter\u00edamos um campeonato interessante, equilibrado, e de motiva\u00e7\u00e3o at\u00e9 os acr\u00e9scimos finais&nbsp;dos jogos da \u00faltima rodada, em todas as partidas, pois todos estariam brigando por algo (t\u00edtulo, m\u00e9rito, audi\u00eancia), e&nbsp;ningu\u00e9m estaria cumprindo tabela.&nbsp;E os est\u00e1dios estariam bem mais ocupados pelas torcidas! Isso \u00e9 competi\u00e7\u00e3o vi\u00e1vel, isso traz retorno financeiro e&nbsp;atrai mais investidores, inclusive de fora! Oferta de&nbsp;bons contratos de publicidade e produto com credibilidade atraem melhores investidores.<br \/>&nbsp;<br \/>Com essas mudan\u00e7as, e mais uma reforma da Lei Pel\u00e9 que promova e estimule, novamente, o investimento&nbsp;em categorias de base, livre da a\u00e7\u00e3o predat\u00f3ria de empres\u00e1rios&nbsp;inescrupulosos,&nbsp;nossos clubes voltariam a revelar novos camisas #10, novos camisas #9, #7, excelentes meias, e ainda atrairiam melhores jogadores sul-americanos,&nbsp;mexicanos e at\u00e9 europeus.<br \/>&nbsp;<br \/>Com esse investimento todo aquecendo os campeonatos o p\u00fablico volta, t\u00e9cnicos novos, com&nbsp;curso,&nbsp;surgir\u00e3o trazendo novos conceitos. Seria o recome\u00e7o&nbsp;do futebol brasileiro, o surgimento de um novo ciclo vitorioso, justamente o&nbsp;oposto ao do 7 x 1 e da mesmice de mais de 90% do estilo&nbsp;superado em que jogam os times brasileiros.<br \/>&nbsp;<br \/>Podem acreditar que d\u00e1 certo, porque no&nbsp;Futsal j\u00e1&nbsp;\u00e9 um sucesso. A Liga Futsal Brasil \u00e9 um exemplo de competi\u00e7\u00e3o que mant\u00e9m a Sele\u00e7\u00e3o Brasileira de Futsal no topo do ranking mundial h\u00e1 anos!<br \/>&nbsp;<br \/>O que falta ent\u00e3o?! Falta a TV&nbsp;Globo, os&nbsp;clubes e seus dirigentes, o Governo Federal e o Congresso aprovarem a Lei de Responsabilidade Fiscal, o&nbsp;Bom Senso FC,&nbsp;e a CBF se reunirem para conversar e compor seus interesses partindo da premissa que do jeito que est\u00e1 n\u00e3o pode ficar ou a galinha dos ovos de ouro&nbsp;vai morrer! E, em 10 a 20 anos novos \u201cAm\u00e9ricas\u201d surgir\u00e3o no&nbsp;futebol brasileiro se nada&nbsp;for feito agora! As Ligas Nacionais e Regionais s\u00e3o imprescind\u00edveis para a evolu\u00e7\u00e3o do futebol brasileiro.<br \/>&nbsp;<br \/>Ah, voc\u00ea deve estar pensando:&nbsp;Ele esqueceu da Justi\u00e7a Desportiva! Esqueci n\u00e3o! Esses Tribunais s\u00e3o Templos da Vaidade exacerbada de&nbsp;seus Auditores, que produzem julgamentos pol\u00edticos, e se acham Magistrados Togados. Ocorre que quando h\u00e1 uma Liga, h\u00e1 tamb\u00e9m um regulamento bem mais claro e bem elaborado, e esses Tribunais funcionam bem melhor porque a conversa se d\u00e1 com os dirigentes da Liga e n\u00e3o mais com a CBF e as Federa\u00e7\u00f5es.<br \/>&nbsp;<br \/>O Futebol brasileiro est\u00e1 muito chato e previs\u00edvel, deficit\u00e1rio e decadente! A Hora de mudan\u00e7as \u00e9 agora! M\u00e3os \u00e0 obra!<br \/>&nbsp;<br \/>Marcus Simonini Ferreira<br \/>Editor do Blog Incondicionalmente Vasco! \t\t \t   \t\t  <\/div>\n<\/div>\n<p><\/p>\n","protected":false},"excerpt":{"rendered":"<p>&nbsp; Futebol neg\u00f3cio &nbsp;&nbsp;A atitude de Emerson Sheik, na partida entre Botafogo e Bahia, no&#8230;<\/p>\n","protected":false},"author":8,"featured_media":2390,"comment_status":"open","ping_status":"closed","sticky":false,"template":"","format":"standard","meta":{"footnotes":""},"categories":[6],"tags":[],"class_list":["post-939","post","type-post","status-publish","format-standard","has-post-thumbnail","hentry","category-marcus-simonini"],"_links":{"self":[{"href":"https:\/\/webvasco.com\/artigos\/wp-json\/wp\/v2\/posts\/939","targetHints":{"allow":["GET"]}}],"collection":[{"href":"https:\/\/webvasco.com\/artigos\/wp-json\/wp\/v2\/posts"}],"about":[{"href":"https:\/\/webvasco.com\/artigos\/wp-json\/wp\/v2\/types\/post"}],"author":[{"embeddable":true,"href":"https:\/\/webvasco.com\/artigos\/wp-json\/wp\/v2\/users\/8"}],"replies":[{"embeddable":true,"href":"https:\/\/webvasco.com\/artigos\/wp-json\/wp\/v2\/comments?post=939"}],"version-history":[{"count":0,"href":"https:\/\/webvasco.com\/artigos\/wp-json\/wp\/v2\/posts\/939\/revisions"}],"wp:featuredmedia":[{"embeddable":true,"href":"https:\/\/webvasco.com\/artigos\/wp-json\/wp\/v2\/media\/2390"}],"wp:attachment":[{"href":"https:\/\/webvasco.com\/artigos\/wp-json\/wp\/v2\/media?parent=939"}],"wp:term":[{"taxonomy":"category","embeddable":true,"href":"https:\/\/webvasco.com\/artigos\/wp-json\/wp\/v2\/categories?post=939"},{"taxonomy":"post_tag","embeddable":true,"href":"https:\/\/webvasco.com\/artigos\/wp-json\/wp\/v2\/tags?post=939"}],"curies":[{"name":"wp","href":"https:\/\/api.w.org\/{rel}","templated":true}]}}