{"id":9405,"date":"2023-03-20T15:53:37","date_gmt":"2023-03-20T18:53:37","guid":{"rendered":"https:\/\/webvasco.com\/artigos\/?p=9405"},"modified":"2023-03-20T15:59:25","modified_gmt":"2023-03-20T18:59:25","slug":"aqui-e-vasco","status":"publish","type":"post","link":"https:\/\/webvasco.com\/artigos\/colunistas\/andrepedro\/aqui-e-vasco\/","title":{"rendered":"Aqui \u00e9 Vasco!"},"content":{"rendered":"\n<p>Para quem est\u00e1 de cabe\u00e7a quente, sugiro um minuto de pondera\u00e7\u00e3o. Jogamos ontem contra um dos melhores elencos n\u00e3o do Brasil, nem das Am\u00e9ricas, mas do Mundo. Um time que est\u00e1 h\u00e1 anos em forma\u00e7\u00e3o.<\/p>\n\n\n\n<p><br \/>Do nosso lado, passamos mais de uma d\u00e9cada por p\u00e9ssimas administra\u00e7\u00f5es que nos apequenaram e constru\u00edram times cada vez mais rid\u00edculos, gastando muito e entregando pouco. Muito dinheiro foi gasto para enriquecer interesses que n\u00e3o os do Vasco.<\/p>\n\n\n\n<p><br \/>Gostemos ou n\u00e3o da SAF, e isso \u00e9 outra discuss\u00e3o, estamos em um processo de reconstru\u00e7\u00e3o. E temos pouco mais de 3 meses nesse processo. Tudo \u00e9 novo! O pr\u00f3prio time ainda est\u00e1 sendo constru\u00eddo. Novos nomes est\u00e3o surgindo e contrata\u00e7\u00f5es acontecendo.<\/p>\n\n\n\n<p><br \/>E excetuando os pessimistas de plant\u00e3o com suas cr\u00edticas perenes, o que vimos no segundo tempo foi nosso time (em constru\u00e7\u00e3o) encurralando um time (formado) que acabou de disputar um mundial de clubes. Mesmo assim, eles s\u00f3 nos venceram por erros individuais e pontuais. N\u00e3o foi porque temos um time ruim ou porque jogamos mal coletivamente.<\/p>\n\n\n\n<p><br \/>Esque\u00e7am a arbitragem! At\u00e9 quando iremos ficar de mimimi com isso? Acaso n\u00e3o sabemos que a arbitragem sempre ir\u00e1 ajudar o Flamengo, seja nas d\u00favidas, seja nas certezas? Quem \u00e9 grande assimila a porrada, se recupera e parte para cima. A vida \u00e9 assim!<br \/><\/p>\n\n\n\n<p>Sobrevive quem \u00e9 mais resiliente! E isso mostramos que somos, pois a nossa torcida conseguiu a fa\u00e7anha de crescer durante a pior fase de nossa institui\u00e7\u00e3o! Somos foda! (me desculpem, mas \u00e9 a melhor frase para expressar quem somos de fato)<\/p>\n\n\n\n<p><br \/>Ent\u00e3o vamos parar de choro e &#8220;se lixar&#8221; para quem est\u00e1 tentando nos diminuir! Jogamos bem ontem! Estamos em reconstru\u00e7\u00e3o. Esse rival a\u00ed levou anos nesse processo e at\u00e9 hoje amarga o r\u00f3tulo de &#8220;cheirinho&#8221; por causa dos trope\u00e7os do processo.<\/p>\n\n\n\n<p><br \/>Iremos trope\u00e7ar muito ainda! Mas agora estamos num caminho correto, com um t\u00e9cnico que pode n\u00e3o ser de ponta, mas n\u00e3o \u00e9 caro, tem potencial e aprende com os erros! Isso \u00e9 \u00f3timo para quem est\u00e1 num processo de reconstru\u00e7\u00e3o!<\/p>\n\n\n\n<p><br \/>Aqui \u00e9 Vasco! N\u00e3o somos torcida Nutella que se esconde nas derrotas como nosso rival! Damos a cara a tapa porque somos fortes! O caminho est\u00e1 tra\u00e7ado! Bola pra frente, pois iremos retornar ao protagonismo do futebol, n\u00e3o apenas no Brasil, mas no mundo! Esse \u00e9 nosso destino!<\/p>\n","protected":false},"excerpt":{"rendered":"<p>Para quem est\u00e1 de cabe\u00e7a quente, sugiro um minuto de pondera\u00e7\u00e3o. Jogamos ontem contra um&#8230;<\/p>\n","protected":false},"author":5,"featured_media":9406,"comment_status":"open","ping_status":"closed","sticky":false,"template":"","format":"standard","meta":{"footnotes":""},"categories":[2],"tags":[],"class_list":["post-9405","post","type-post","status-publish","format-standard","has-post-thumbnail","hentry","category-andrepedro"],"_links":{"self":[{"href":"https:\/\/webvasco.com\/artigos\/wp-json\/wp\/v2\/posts\/9405","targetHints":{"allow":["GET"]}}],"collection":[{"href":"https:\/\/webvasco.com\/artigos\/wp-json\/wp\/v2\/posts"}],"about":[{"href":"https:\/\/webvasco.com\/artigos\/wp-json\/wp\/v2\/types\/post"}],"author":[{"embeddable":true,"href":"https:\/\/webvasco.com\/artigos\/wp-json\/wp\/v2\/users\/5"}],"replies":[{"embeddable":true,"href":"https:\/\/webvasco.com\/artigos\/wp-json\/wp\/v2\/comments?post=9405"}],"version-history":[{"count":2,"href":"https:\/\/webvasco.com\/artigos\/wp-json\/wp\/v2\/posts\/9405\/revisions"}],"predecessor-version":[{"id":9408,"href":"https:\/\/webvasco.com\/artigos\/wp-json\/wp\/v2\/posts\/9405\/revisions\/9408"}],"wp:featuredmedia":[{"embeddable":true,"href":"https:\/\/webvasco.com\/artigos\/wp-json\/wp\/v2\/media\/9406"}],"wp:attachment":[{"href":"https:\/\/webvasco.com\/artigos\/wp-json\/wp\/v2\/media?parent=9405"}],"wp:term":[{"taxonomy":"category","embeddable":true,"href":"https:\/\/webvasco.com\/artigos\/wp-json\/wp\/v2\/categories?post=9405"},{"taxonomy":"post_tag","embeddable":true,"href":"https:\/\/webvasco.com\/artigos\/wp-json\/wp\/v2\/tags?post=9405"}],"curies":[{"name":"wp","href":"https:\/\/api.w.org\/{rel}","templated":true}]}}