{"id":941,"date":"2014-09-24T12:14:17","date_gmt":"2014-09-24T15:14:17","guid":{"rendered":"http:\/\/webvasco.com\/artigos\/?p=941"},"modified":"2014-09-24T12:22:51","modified_gmt":"2014-09-24T15:22:51","slug":"vilo-no-goleiro-regular","status":"publish","type":"post","link":"https:\/\/webvasco.com\/artigos\/colunistas\/luizcarlosrocha\/vilo-no-goleiro-regular\/","title":{"rendered":"VIL&Atilde;O N&Atilde;O, GOLEIRO REGULAR!"},"content":{"rendered":"<div>\n<div style=\"color:#000; background-color:#fff; font-family:HelveticaNeue, Helvetica Neue, Helvetica, Arial, Lucida Grande, sans-serif;font-size:8px\">\n<div class=\"\" style=\"text-align:justify;tab-stops:111.0pt\"><span style=\"font-size:16.0pt;line-height:115%;font-family:&quot;Arial&quot;,&quot;sans-serif&quot;\" class=\"\">&nbsp; &nbsp;Na noite de ontem o arqueiro Mart\u00edn Silva deu rebote nos dois gols do time advers\u00e1rio, sendo o protagonista pela igualdade do placar. &nbsp;O Vasco empatou por 2 a 2 com o Sampaio Corr\u00eaa, no Castel\u00e3o, em S\u00e3o Lu\u00eds\/MA. Pelo carioca marcaram Douglas e seu xar\u00e1 Douglas Silva. Para os donos da casa Edmar e Willian. Com o pontinho conquistado, o Cruzmaltino soma 44 na tabela e continua na quarta posi\u00e7\u00e3o do Campeonato Brasileiro, da S\u00e9rie B.<o:p class=\"\" style=\"\"><\/o:p><\/span><\/div>\n<div class=\"\" style=\"text-align: justify;\"><span style=\"font-size:16.0pt;font-family:&quot;Arial&quot;,&quot;sans-serif&quot;\" class=\"\">&nbsp;&nbsp;&nbsp; O pr\u00f3ximo desafio do Gigante da Colina ser\u00e1 na pr\u00f3xima sexta-feira, dia 26 de setembro, \u00e0s 21h50m, em S\u00e3o Janu\u00e1rio, diante do Joinville. Em casa n\u00e3o h\u00e1 outro resultado aceit\u00e1vel que n\u00e3o seja a vit\u00f3ria. Nem que seja por meio a zero! \u00c9 inadmiss\u00edvel ver um clube com as tradi\u00e7\u00f5es futebol\u00edsticas como o Vasco da Gama na situa\u00e7\u00e3o vexat\u00f3ria em que se encontra!<o:p class=\"\" style=\"\"><\/o:p><\/span><\/div>\n<div class=\"\" style=\"text-align: justify;\"><span style=\"font-size:16.0pt;font-family:&quot;Arial&quot;,&quot;sans-serif&quot;\" class=\"\">&nbsp;&nbsp;&nbsp; Est\u00e1 tudo errado. Quando o Mart\u00edn Silva chegou a grande maioria da torcida o colocou como salvador da p\u00e1tria. Como um goleira\u00e7o. Eu escrevi naquele tempo em minhas cr\u00f4nicas que ele era infinitamente melhor do que os goleiros que passaram pelo time nos \u00faltimos cinco anos ou mais um pouco. S\u00f3 vi lixo! Quando chegou um mediano melhorou muito.<o:p class=\"\" style=\"\"><\/o:p><\/span><\/div>\n<div class=\"\" style=\"text-align: justify;\"><span style=\"font-size:16.0pt;font-family:&quot;Arial&quot;,&quot;sans-serif&quot;\" class=\"\">&nbsp;&nbsp;&nbsp; O Uruguai \u00e9 um pa\u00eds razo\u00e1vel no cen\u00e1rio do futebol. Tem times comuns. O \u00fanico t\u00edtulo em Copa do Mundo (1950), em cima do Brasil n\u00e3o conta. A Sele\u00e7\u00e3o Canarinho \u00e9 especialista em vexames, vide 1982 com a elimina\u00e7\u00e3o para a It\u00e1lia e a recente Copa, justamente em casa a lavada que ganhamos da Alemanha. Portanto, o arqueiro ser uruguaio n\u00e3o soma em nada! <o:p class=\"\" style=\"\"><\/o:p><\/span><\/div>\n<div class=\"\" style=\"text-align: justify;\"><span style=\"font-size:16.0pt;font-family:&quot;Arial&quot;,&quot;sans-serif&quot;\" class=\"\">&nbsp;&nbsp;&nbsp; Ademais, vi goleiros de verdade passarem pelo Vasco, tais como Ac\u00e1cio, Carlos Germano, H\u00e9lton e F\u00e1bio. Fora os que assisti em v\u00eddeo. Tamb\u00e9m tive o desprazer \u2013 pela situa\u00e7\u00e3o em si \u2013 e o prazer \u2013 pelo amor \u00e0 camisa \u2013 de ver inclusive o atacante Edmundo ser um her\u00f3i na busca pelo salvamento! Agora tenho de me contentar com a razoabilidade de Mart\u00edn. Lastim\u00e1vel!<o:p class=\"\" style=\"\"><\/o:p><\/span><\/div>\n<div class=\"\" style=\"text-align: justify;\"><span style=\"font-size:16.0pt;font-family:&quot;Arial&quot;,&quot;sans-serif&quot;\" class=\"\">&nbsp;&nbsp;&nbsp; Muita coisa est\u00e1 errada. Do esquema t\u00e1tico, passando pela parte t\u00e9cnica e indo at\u00e9 a administra\u00e7\u00e3o. \u00c9 preciso medidas urgente no que tange ao conserto. Caso n\u00e3o seja tomada nenhuma atitude, dentro de poucos anos o Vasco ser\u00e1 um Am\u00e9rica\/RJ da vida. Aos poucos est\u00e1 se apequenando e ningu\u00e9m faz nada! Conselheiros inoperantes, mandat\u00e1rios incompetentes, atletas p\u00edfios, e torcida fraca! Assim \u00e9 o Vasco da Gama de hoje! Precisamos de mudan\u00e7as urgentes e radicais. A Imensa Torcida Bem (IN) Feliz pode come\u00e7ar fazendo a sua parte protestando de maneira s\u00e9ria e eficaz!<o:p class=\"\" style=\"\"><\/o:p><\/span><\/div>\n<div class=\"\" style=\"text-align:justify;tab-stops:111.0pt\"><span style=\"font-size:16.0pt;line-height:115%;font-family:&quot;Arial&quot;,&quot;sans-serif&quot;\" class=\"\"><o:p class=\"\" style=\"\">&nbsp;<\/o:p><\/span><\/div>\n<div class=\"\" style=\"text-align:justify;tab-stops:111.0pt\"><span style=\"font-size:16.0pt;line-height:115%;font-family:&quot;Arial&quot;,&quot;sans-serif&quot;\" class=\"\">&nbsp;&nbsp;&nbsp;&nbsp;&nbsp;&nbsp;&nbsp;&nbsp;&nbsp;&nbsp;&nbsp;&nbsp;&nbsp;&nbsp;&nbsp;&nbsp;&nbsp;&nbsp;&nbsp;&nbsp;&nbsp;&nbsp;&nbsp;&nbsp; <o:p class=\"\" style=\"\"><\/o:p><\/span><\/div>\n<div class=\"\" style=\"text-align:justify;tab-stops:79.5pt\"><b class=\"\" style=\"\"><u class=\"\" style=\"\"><span style=\"font-size:16.0pt; line-height:115%;font-family:&quot;Arial&quot;,&quot;sans-serif&quot;\" class=\"\">COVARDIA:<\/span><\/u><\/b><span style=\"font-size:16.0pt;line-height:115%;font-family:&quot;Arial&quot;,&quot;sans-serif&quot;\" class=\"\"> GOSTARIA DE PEDIR A TODOS OS MEUS AMIGOS E LEITORES QUE TIRASSE UM TEMPINHO PARA LER A PETI\u00c7\u00c3O P\u00daBLICA, AO QUAL SEGUE ABAIXO O LINK. TAL DOCUMENTO REFERE-SE A UM ATO DE COVARDIA POR PARTE DA VOLKSWAGEN DO BRASIL EM COAUTORIA DA ABOLI\u00c7\u00c3O VE\u00cdCULOS (GRUPO AB) CONTRA ESTE VELHO JORNALISTA. A REFERIDA CONCESSION\u00c1RIA EST\u00c1 ME LESANDO DESDE FEVEREIRO DE 2013. MEU CARRO FOI BATIDO DENTRO DA OFICINA, FURTARAM ACESS\u00d3RIOS, TEM PROBLEMAS CAUSADOS POR ELES, AL\u00c9M DE DEFEITOS DE FABRICA\u00c7\u00c3O. O CARRO 0 KM COMPRADO POR MIM HOJE SE ENCONTRA NA OFICINA DA ABOLI\u00c7\u00c3O VE\u00cdCULOS (CENTRO DE NITER\u00d3I) <b class=\"\" style=\"\"><u class=\"\" style=\"\">DESDE 10 DE JUNHO DE 2013<\/u><\/b>, OU SEJA, H\u00c1 14 MESES. <b class=\"\" style=\"\"><u class=\"\" style=\"\">TEM APENAS 703 KM RODADOS<\/u><\/b> PARA COMPROVAR O CALV\u00c1RIO TENHO DOCUMENTOS, GRAVA\u00c7\u00d5ES DE AUDIO E V\u00cdDEO, MAIS DE 400 FOTOGRAFIAS E E-MAILS TROCADOS COM FUNCION\u00c1RIOS DO BAIXO, M\u00c9DIO E ALTO ESCAL\u00c3O DA EMPRESA. POR FAVOR, ASSINEM O DOCUMENTO PARA QUE OUTROS CONSUMIDORES N\u00c3O SEJAM LESADOS POR EMPRESAS DESTE N\u00cdVEL.&nbsp; <\/span><a href=\"https:\/\/secure.avaaz.org\/po\/petition\/Aos_Orgaos_de_Defesa_do_Consumidor_e_ao_Poder_Judiciario_JUSTICA_CONTRA_UMA_MARCA_E_SUA_REVENDERORA_QUE_DESCUMPREM_A_LEI\/?lJEcNfb&amp;pv=0\" class=\"\" style=\"\"><span style=\"font-size:16.0pt;line-height:115%;font-family:&quot;Arial&quot;,&quot;sans-serif&quot;\" class=\"\"><a href=\"https:\/\/secure.avaaz.org\/po\/petition\/Aos_Orgaos_de_Defesa_do_Consumidor_e_ao_Poder_Judiciario_JUSTICA_CONTRA_UMA_MARCA_E_SUA_REVENDERORA_QUE_DESCUMPREM_A_LEI\/?lJEcNfb&amp;pv=0\" >https:\/\/secure.avaaz.org\/po\/petition\/Aos_Orgaos_de_Defesa_do_Consumidor_e_ao_Poder_Judiciario_JUSTICA_CONTRA_UMA_MARCA_E_SUA_REVENDERORA_QUE_DESCUMPREM_A_LEI\/?lJEcNfb&amp;pv=0<\/a><\/span><\/a><span style=\"font-size:16.0pt;line-height:115%;font-family:&quot;Arial&quot;,&quot;sans-serif&quot;\" class=\"\"><o:p class=\"\" style=\"\"><\/o:p><\/span><\/div>\n<div class=\"\" style=\"text-align:justify;tab-stops:111.0pt\"><span style=\"font-size:16.0pt;line-height:115%;font-family:&quot;Arial&quot;,&quot;sans-serif&quot;\" class=\"\"><o:p class=\"\" style=\"\">&nbsp;<\/o:p><\/span><\/div>\n<div class=\"\" style=\"text-align:justify;tab-stops:111.0pt\"><b class=\"\"   style=\"\"><span style=\"font-size:16.0pt;line-height: 115%;font-family:&quot;Arial&quot;,&quot;sans-serif&quot;\" class=\"\">&nbsp;&nbsp;&nbsp;&nbsp;&nbsp;&nbsp;&nbsp;&nbsp;&nbsp;&nbsp;&nbsp;&nbsp;&nbsp;&nbsp;&nbsp;&nbsp;&nbsp;&nbsp;&nbsp;&nbsp;&nbsp;&nbsp;&nbsp;&nbsp; &nbsp;&nbsp;&nbsp;&nbsp;&nbsp;&nbsp; <o:p class=\"\" style=\"\"><\/o:p><\/span><\/b><\/div>\n<div class=\"\" style=\"\"><span class=\"\" style=\"\">                      <\/span><\/div>\n<div class=\"\" style=\"text-align:justify\"><b class=\"\" style=\"\"><span style=\"font-size:14.0pt;line-height:115%;font-family:&quot;Arial&quot;,&quot;sans-serif&quot;\" class=\"\">AP\u00d3S AS TODAS AS PARTIDAS DO VASC\u00c3O EM MEU PERFIL DO FACEBOOK (QUEM QUISER RECEBER AS CR\u00d4NICAS DE PRIMEIRA M\u00c3O \u00c9 S\u00d3 ME ADICIONAR), E NOS SITES WEBVASCO (www.webvasco.com), E VASCA\u00cdNOS UNIDOS (www.vascainosunidos.com.br) TEM A OPINI\u00c3O DO JORNALISTA LUIZ CARLOS ROCHA. LEIAM! COMPARTILHEM E CURTAM! VASCA\u00cdNOS UNIDOS JAMAIS SER\u00c3O VENCIDOS.<o:p class=\"\" style=\"\"><\/o:p><\/span><\/b><\/div>\n<div style=\"color: rgb(0, 0, 0); font-size: 8px; font-family: HelveticaNeue, 'Helvetica Neue', Helvetica, Arial, 'Lucida Grande', sans-serif; background-color: transparent; font-style: normal;\" class=\"\"><span class=\"\" style=\"\"><br class=\"\" style=\"\"\/><\/span><\/div>\n<div style=\"color: rgb(0, 0, 0); font-size: 8px; font-family: HelveticaNeue, 'Helvetica Neue', Helvetica, Arial, 'Lucida Grande', sans-serif; background-color: transparent; font-style: normal;\" class=\"\"><span class=\"\" style=\"\"><br class=\"\" style=\"\"\/><\/span><\/div>\n<div class=\"\" style=\"\"><\/div>\n<div class=\"\" style=\"\">&nbsp;<\/div>\n<div id=\"RTEContent\" class=\"\" style=\"\">\n<div class=\"\" style=\"\">\n<div class=\"\" style=\"\">\n<div class=\"\" style=\"\">\n<div align=\"center\" class=\"\" style=\"\"><br class=\"\" style=\"\"\/><\/div>\n<\/div>\n<\/div>\n<\/div>\n<\/div>\n<\/div>\n<\/div>\n<p><\/p>\n","protected":false},"excerpt":{"rendered":"<p>&nbsp; &nbsp;Na noite de ontem o arqueiro Mart\u00edn Silva deu rebote nos dois gols do&#8230;<\/p>\n","protected":false},"author":7,"featured_media":58,"comment_status":"open","ping_status":"closed","sticky":false,"template":"","format":"standard","meta":{"footnotes":""},"categories":[4],"tags":[],"class_list":["post-941","post","type-post","status-publish","format-standard","has-post-thumbnail","hentry","category-luizcarlosrocha"],"_links":{"self":[{"href":"https:\/\/webvasco.com\/artigos\/wp-json\/wp\/v2\/posts\/941","targetHints":{"allow":["GET"]}}],"collection":[{"href":"https:\/\/webvasco.com\/artigos\/wp-json\/wp\/v2\/posts"}],"about":[{"href":"https:\/\/webvasco.com\/artigos\/wp-json\/wp\/v2\/types\/post"}],"author":[{"embeddable":true,"href":"https:\/\/webvasco.com\/artigos\/wp-json\/wp\/v2\/users\/7"}],"replies":[{"embeddable":true,"href":"https:\/\/webvasco.com\/artigos\/wp-json\/wp\/v2\/comments?post=941"}],"version-history":[{"count":0,"href":"https:\/\/webvasco.com\/artigos\/wp-json\/wp\/v2\/posts\/941\/revisions"}],"wp:featuredmedia":[{"embeddable":true,"href":"https:\/\/webvasco.com\/artigos\/wp-json\/wp\/v2\/media\/58"}],"wp:attachment":[{"href":"https:\/\/webvasco.com\/artigos\/wp-json\/wp\/v2\/media?parent=941"}],"wp:term":[{"taxonomy":"category","embeddable":true,"href":"https:\/\/webvasco.com\/artigos\/wp-json\/wp\/v2\/categories?post=941"},{"taxonomy":"post_tag","embeddable":true,"href":"https:\/\/webvasco.com\/artigos\/wp-json\/wp\/v2\/tags?post=941"}],"curies":[{"name":"wp","href":"https:\/\/api.w.org\/{rel}","templated":true}]}}