{"id":9410,"date":"2023-04-23T12:21:31","date_gmt":"2023-04-23T15:21:31","guid":{"rendered":"https:\/\/webvasco.com\/artigos\/?p=9410"},"modified":"2023-04-23T12:21:32","modified_gmt":"2023-04-23T15:21:32","slug":"elas-o-professor-ruth","status":"publish","type":"post","link":"https:\/\/webvasco.com\/artigos\/temas\/elas-e-o-professor\/elas-o-professor-ruth\/","title":{"rendered":"ELAS &#038; O PROFESSOR \u2013 RUTH"},"content":{"rendered":"\n<p><strong><u>ELAS &amp; O PROFESSOR<\/u><\/strong><\/p>\n\n\n\n<p><strong>POR LUIZ CARLOS ROCHA<\/strong><\/p>\n\n\n\n<p>A entrevista de abril de 2023, com &nbsp;Ruth Kawane da Rocha Lima \u00e9 dedicada ao grande amor da minha vida, \u00darsulla Rocha. Filha amada. Minha raz\u00e3o de viver. Minha maior fonte de inspira\u00e7\u00e3o.<\/p>\n\n\n\n<p><strong>&nbsp;&nbsp;&nbsp; RUTH, <\/strong>Jovem Aprendiz na Empresa Expresso Recreio, solteira, por\u00e9m namorando, 20 anos, do signo de Peixes, esp\u00edrita, moradora do bairro de Campo Grande\/RJ. Sua Escola de Samba do cora\u00e7\u00e3o \u00e9 a Beija-Flor de Nil\u00f3polis. Nas horas vagas: gosta de ficar com a fam\u00edlia, sair pra jogar conversa fora com pessoas especiais, comer e beber. Como boa carioca gosta de uma cervejinha bem gelada. No que diz respeito \u00e0 culin\u00e1ria a jovem afirmou que t\u00eam muitos pratos que aprecia, mas um fricass\u00ea de frango com bastante batata palha \u00e9 o seu predileto.<\/p>\n\n\n\n<p><strong>&nbsp;&nbsp;&nbsp; O Vasco da Gama come\u00e7ou bem o Campeonato Brasileiro de 2023 derrotando o Atl\u00e9tico Mineiro, em casa por 2 a 1 ou foi pura sorte?<\/strong><\/p>\n\n\n\n<p>Foi por compet\u00eancia do time.<\/p>\n\n\n\n<p><strong>&nbsp;&nbsp;&nbsp; A 777 Partners depois que assumiu a SAF (Sociedade An\u00f4nima do Futebol) do Cruzmaltino realmente apresentou melhoras?<\/strong><\/p>\n\n\n\n<p>Apresentou. Estruturou o Vasco e parou as disputas jur\u00eddicas de alguns pretendentes a dire\u00e7\u00e3o do clube.<\/p>\n\n\n\n<p><strong>&nbsp;&nbsp;&nbsp; Podemos dizer que este \u00e9 o elenco ideal ou ainda faltam refor\u00e7os para o time?<\/strong><\/p>\n\n\n\n<p>Faltam refor\u00e7os pois o Vasco precisa de um meia, um atacante que atue pelo meio tamb\u00e9m e de um centroavante.<\/p>\n\n\n\n<p><strong>&nbsp;&nbsp;&nbsp; Pedro Raul \u00e9 realmente um matador (artilheiro com faro de gol) ou apenas encantador dos cora\u00e7\u00f5es femininos da torcida vasca\u00edna?<\/strong><\/p>\n\n\n\n<p>Est\u00e1 mais para um encantador dos cora\u00e7\u00f5es femininos da torcida vasca\u00edna.<\/p>\n\n\n\n<p><strong>&nbsp;&nbsp;&nbsp; No atual plantel t\u00eam algum jogador que pode ser considerado titular absoluto?<\/strong><\/p>\n\n\n\n<p>Sim. O Puma Rodrigues, Leo, Lucas Piton, Jair, Gabriel Pec e Alex Teixeira.<\/p>\n\n\n\n<p><strong>&nbsp;&nbsp;&nbsp; Para conquistar o Brasileir\u00e3o 2023 ou pelo menos ficar com uma vaga na Libertadores 2024 o Vasco precisar\u00e1 atuar mais de forma ofensiva ou defensiva?<\/strong><\/p>\n\n\n\n<p>Ofensiva, porque a melhor defesa \u00e9 o ataque.<\/p>\n\n\n\n<p><strong>&nbsp;&nbsp;&nbsp; Qual o ponto fraco do time?<\/strong><\/p>\n\n\n\n<p>\u00c9 n\u00e3o ter um camisa 10, e um centroavante mais respeitado.<\/p>\n\n\n\n<p><strong>&nbsp;&nbsp;&nbsp; Qual atleta forma a melhor dupla de ataque com Pedro Raul?<\/strong><\/p>\n\n\n\n<p>Alex Teixeira<\/p>\n\n\n\n<p><strong>&nbsp;&nbsp;&nbsp; Dos quatro t\u00edtulos do Campeonato Brasileiro que o Vasco conquistou (1974\/1989\/1997\/2000) qual o mais expressivo?<\/strong><\/p>\n\n\n\n<p>&nbsp;O de 1974, pois foi o primeiro e ainda por cima tinha o Roberto dinamite na equipe.<\/p>\n\n\n\n<p><strong>&nbsp;&nbsp;&nbsp; Qual partida do Mach\u00e3o da Gama mais lhe marcou at\u00e9 hoje? <\/strong>Vasco x Palmeiras (ganhamos por 4 a 3, de virada).<\/p>\n\n\n\n<p><strong>&nbsp;&nbsp;&nbsp; Voc\u00ea j\u00e1 se imaginou transportando o time do Vasco em carro aberto ap\u00f3s ser campe\u00e3o?<\/strong><\/p>\n\n\n\n<p>&nbsp;Sim, seria um sonho.<\/p>\n\n\n\n<p><strong>&nbsp;&nbsp;&nbsp; Por que o Vasc\u00e3o esteve durante muitos anos na contra-m\u00e3o do sucesso?<\/strong><\/p>\n\n\n\n<p>Por conta de um senhor chamado Eurico Miranda.<\/p>\n\n\n\n<p><strong>&nbsp;&nbsp;&nbsp; Se voc\u00ea tivesse de entregar uma placa de tr\u00e2nsito para o time do Vasco qual seria?<\/strong><\/p>\n\n\n\n<p>&nbsp;Siga.<\/p>\n\n\n\n<p><strong><u>FOTOGRAFIAS \u00a0FORNECIDAS PELO ARQUIVO PESSOAL DA ENTREVISTADA.<\/u><\/strong><\/p>\n\n\n\n<figure class=\"wp-block-gallery columns-3 is-cropped wp-block-gallery-1 is-layout-flex wp-block-gallery-is-layout-flex\"><ul class=\"blocks-gallery-grid\"><li class=\"blocks-gallery-item\"><figure><a href=\"https:\/\/webvasco.com\/artigos\/wp-content\/uploads\/2023\/04\/WhatsApp-Image-2023-04-21-at-21.39.48.jpeg\"><img loading=\"lazy\" decoding=\"async\" width=\"461\" height=\"1024\" src=\"https:\/\/webvasco.com\/artigos\/wp-content\/uploads\/2023\/04\/WhatsApp-Image-2023-04-21-at-21.39.48-461x1024.jpeg\" alt=\"\" data-id=\"9411\" data-full-url=\"https:\/\/webvasco.com\/artigos\/wp-content\/uploads\/2023\/04\/WhatsApp-Image-2023-04-21-at-21.39.48.jpeg\" data-link=\"https:\/\/webvasco.com\/artigos\/?attachment_id=9411\" class=\"wp-image-9411\" srcset=\"https:\/\/webvasco.com\/artigos\/wp-content\/uploads\/2023\/04\/WhatsApp-Image-2023-04-21-at-21.39.48-461x1024.jpeg 461w, https:\/\/webvasco.com\/artigos\/wp-content\/uploads\/2023\/04\/WhatsApp-Image-2023-04-21-at-21.39.48-135x300.jpeg 135w, https:\/\/webvasco.com\/artigos\/wp-content\/uploads\/2023\/04\/WhatsApp-Image-2023-04-21-at-21.39.48-68x150.jpeg 68w, https:\/\/webvasco.com\/artigos\/wp-content\/uploads\/2023\/04\/WhatsApp-Image-2023-04-21-at-21.39.48-691x1536.jpeg 691w, https:\/\/webvasco.com\/artigos\/wp-content\/uploads\/2023\/04\/WhatsApp-Image-2023-04-21-at-21.39.48.jpeg 720w\" sizes=\"auto, (max-width: 461px) 100vw, 461px\" \/><\/a><\/figure><\/li><li class=\"blocks-gallery-item\"><figure><a href=\"https:\/\/webvasco.com\/artigos\/wp-content\/uploads\/2023\/04\/WhatsApp-Image-2023-04-21-at-21.39.49-1.jpeg\"><img loading=\"lazy\" decoding=\"async\" width=\"461\" height=\"1024\" src=\"https:\/\/webvasco.com\/artigos\/wp-content\/uploads\/2023\/04\/WhatsApp-Image-2023-04-21-at-21.39.49-1-461x1024.jpeg\" alt=\"\" data-id=\"9412\" data-full-url=\"https:\/\/webvasco.com\/artigos\/wp-content\/uploads\/2023\/04\/WhatsApp-Image-2023-04-21-at-21.39.49-1.jpeg\" data-link=\"https:\/\/webvasco.com\/artigos\/?attachment_id=9412\" class=\"wp-image-9412\" srcset=\"https:\/\/webvasco.com\/artigos\/wp-content\/uploads\/2023\/04\/WhatsApp-Image-2023-04-21-at-21.39.49-1-461x1024.jpeg 461w, https:\/\/webvasco.com\/artigos\/wp-content\/uploads\/2023\/04\/WhatsApp-Image-2023-04-21-at-21.39.49-1-135x300.jpeg 135w, https:\/\/webvasco.com\/artigos\/wp-content\/uploads\/2023\/04\/WhatsApp-Image-2023-04-21-at-21.39.49-1-68x150.jpeg 68w, https:\/\/webvasco.com\/artigos\/wp-content\/uploads\/2023\/04\/WhatsApp-Image-2023-04-21-at-21.39.49-1-691x1536.jpeg 691w, https:\/\/webvasco.com\/artigos\/wp-content\/uploads\/2023\/04\/WhatsApp-Image-2023-04-21-at-21.39.49-1.jpeg 720w\" sizes=\"auto, (max-width: 461px) 100vw, 461px\" \/><\/a><\/figure><\/li><li class=\"blocks-gallery-item\"><figure><a href=\"https:\/\/webvasco.com\/artigos\/wp-content\/uploads\/2023\/04\/WhatsApp-Image-2023-04-21-at-21.39.49.jpeg\"><img loading=\"lazy\" decoding=\"async\" width=\"461\" height=\"1024\" src=\"https:\/\/webvasco.com\/artigos\/wp-content\/uploads\/2023\/04\/WhatsApp-Image-2023-04-21-at-21.39.49-461x1024.jpeg\" alt=\"\" data-id=\"9413\" data-full-url=\"https:\/\/webvasco.com\/artigos\/wp-content\/uploads\/2023\/04\/WhatsApp-Image-2023-04-21-at-21.39.49.jpeg\" data-link=\"https:\/\/webvasco.com\/artigos\/?attachment_id=9413\" class=\"wp-image-9413\" srcset=\"https:\/\/webvasco.com\/artigos\/wp-content\/uploads\/2023\/04\/WhatsApp-Image-2023-04-21-at-21.39.49-461x1024.jpeg 461w, https:\/\/webvasco.com\/artigos\/wp-content\/uploads\/2023\/04\/WhatsApp-Image-2023-04-21-at-21.39.49-135x300.jpeg 135w, https:\/\/webvasco.com\/artigos\/wp-content\/uploads\/2023\/04\/WhatsApp-Image-2023-04-21-at-21.39.49-68x150.jpeg 68w, https:\/\/webvasco.com\/artigos\/wp-content\/uploads\/2023\/04\/WhatsApp-Image-2023-04-21-at-21.39.49-691x1536.jpeg 691w, https:\/\/webvasco.com\/artigos\/wp-content\/uploads\/2023\/04\/WhatsApp-Image-2023-04-21-at-21.39.49.jpeg 720w\" sizes=\"auto, (max-width: 461px) 100vw, 461px\" \/><\/a><\/figure><\/li><\/ul><\/figure>\n","protected":false},"excerpt":{"rendered":"<p>ELAS &amp; O PROFESSOR POR LUIZ CARLOS ROCHA A entrevista de abril de 2023, com&#8230;<\/p>\n","protected":false},"author":7,"featured_media":9411,"comment_status":"open","ping_status":"closed","sticky":false,"template":"","format":"standard","meta":{"footnotes":""},"categories":[27],"tags":[],"class_list":["post-9410","post","type-post","status-publish","format-standard","has-post-thumbnail","hentry","category-elas-e-o-professor"],"_links":{"self":[{"href":"https:\/\/webvasco.com\/artigos\/wp-json\/wp\/v2\/posts\/9410","targetHints":{"allow":["GET"]}}],"collection":[{"href":"https:\/\/webvasco.com\/artigos\/wp-json\/wp\/v2\/posts"}],"about":[{"href":"https:\/\/webvasco.com\/artigos\/wp-json\/wp\/v2\/types\/post"}],"author":[{"embeddable":true,"href":"https:\/\/webvasco.com\/artigos\/wp-json\/wp\/v2\/users\/7"}],"replies":[{"embeddable":true,"href":"https:\/\/webvasco.com\/artigos\/wp-json\/wp\/v2\/comments?post=9410"}],"version-history":[{"count":1,"href":"https:\/\/webvasco.com\/artigos\/wp-json\/wp\/v2\/posts\/9410\/revisions"}],"predecessor-version":[{"id":9414,"href":"https:\/\/webvasco.com\/artigos\/wp-json\/wp\/v2\/posts\/9410\/revisions\/9414"}],"wp:featuredmedia":[{"embeddable":true,"href":"https:\/\/webvasco.com\/artigos\/wp-json\/wp\/v2\/media\/9411"}],"wp:attachment":[{"href":"https:\/\/webvasco.com\/artigos\/wp-json\/wp\/v2\/media?parent=9410"}],"wp:term":[{"taxonomy":"category","embeddable":true,"href":"https:\/\/webvasco.com\/artigos\/wp-json\/wp\/v2\/categories?post=9410"},{"taxonomy":"post_tag","embeddable":true,"href":"https:\/\/webvasco.com\/artigos\/wp-json\/wp\/v2\/tags?post=9410"}],"curies":[{"name":"wp","href":"https:\/\/api.w.org\/{rel}","templated":true}]}}